{"id":88012,"date":"2026-02-17T06:17:07","date_gmt":"2026-02-17T11:17:07","guid":{"rendered":"https:\/\/esreviral.com\/?p=88012"},"modified":"2026-02-17T06:17:08","modified_gmt":"2026-02-17T11:17:08","slug":"cual-sera-el-dia-mas-caluroso-de-la-semana-segun-el-servicio-meteorologico-nacional","status":"publish","type":"post","link":"https:\/\/esreviral.com\/?p=88012","title":{"rendered":"Cu\u00e1l ser\u00e1 el d\u00eda m\u00e1s caluroso de la semana, seg\u00fan el Servicio Meteorol\u00f3gico Nacional"},"content":{"rendered":"\n<p>El Servicio Meteorol\u00f3gico Nacional (SMN) public\u00f3 el pron\u00f3stico para el \u00c1rea Metropolitana de Buenos Aires (AMBA) correspondiente a esta semana e inform\u00f3 que, tras las lluvias recientes, se espera un nuevo ascenso de las temperaturas.<\/p>\n\n\n\n<p>De acuerdo con el organismo, entre el lunes 16 y el mi\u00e9rcoles 18 se prev\u00e9 un aumento gradual de los valores t\u00e9rmicos.<strong> El mi\u00e9rcoles ser\u00e1 el d\u00eda m\u00e1s caluroso de la semana, con una temperatura m\u00e1xima estimada en 32 \u00b0C y cielo mayormente nublado.<\/strong><\/p>\n\n\n\n<p class=\"has-text-align-center\"><strong><a href=\"https:\/\/chat.whatsapp.com\/KWkTmakY3I05kNdd2oZl6d\"><em>\u00daNETE A NUESTRO GRUPO DE WHATSAPP PARA ESTAR INFORMADO<\/em><\/a><\/strong><\/p>\n\n\n\n<figure class=\"wp-block-image size-large\"><img decoding=\"async\" src=\"https:\/\/tn.com.ar\/resizer\/v2\/como-sigue-el-tiempo-en-el-amba-esta-semana-foto-smn-IGITEN476VD2VCNZXGIL7Z5POE.JPG?auth=c9ef0976e5d623c6eff123e1f3470b38677f986b8cacd6f5c1f877a9e57aa688&amp;width=1440\" alt=\"\"\/><\/figure>\n\n\n\n<p><\/p>\n\n\n\n<h3 class=\"wp-block-heading\">Pron\u00f3stico extendido para el AMBA<\/h3>\n\n\n\n<p><strong>Martes 17:<\/strong> cielo mayormente nublado, con una temperatura m\u00ednima de 22 \u00b0C y una m\u00e1xima de 30 \u00b0C. Se estima una probabilidad de precipitaciones del 10 % durante la jornada.<\/p>\n\n\n\n<p><strong>Mi\u00e9rcoles 18:<\/strong> m\u00ednima de 23 \u00b0C y m\u00e1xima de 32 \u00b0C. Cielo mayormente nublado a lo largo del d\u00eda, con una probabilidad de lluvias del 10 % durante la madrugada, la tarde y la noche.<\/p>\n\n\n\n<p><strong>Jueves 19:<\/strong> m\u00ednima de 23 \u00b0C y m\u00e1xima de 29 \u00b0C. Cielo mayormente nublado, con 10 % de probabilidad de precipitaciones durante todo el d\u00eda.<\/p>\n\n\n\n<p><strong>Viernes 20:<\/strong> cielo mayormente nublado por la ma\u00f1ana y parcialmente nublado por la tarde. La temperatura m\u00ednima ser\u00e1 de 19 \u00b0C y la m\u00e1xima alcanzar\u00e1 los 27 \u00b0C.<\/p>\n\n\n\n<p class=\"has-text-align-center\"><em><strong><em><strong><em><strong><em><strong><a href=\"https:\/\/t.me\/esreviral\">\u00daNETE A NUESTRO CANAL DE TELEGRAM PARA ESTAR INFORMADO<\/a><\/strong><\/em><\/strong><\/em><\/strong><\/em><\/strong><\/em><\/p>\n\n\n\n<p class=\"has-text-align-right\"><strong><em>Con Informaci\u00f3n de TN.-<\/em><\/strong><\/p>\n","protected":false},"excerpt":{"rendered":"<p>Conoce el pron\u00f3stico completo del clima.<\/p>\n","protected":false},"author":3,"featured_media":88013,"comment_status":"closed","ping_status":"closed","sticky":false,"template":"","format":"standard","meta":{"jnews-multi-image_gallery":[],"jnews_single_post":{"format":"standard"},"jnews_primary_category":[],"jnews_social_meta":[],"jnews_review":[],"enable_review":"","type":"","name":"","summary":"","brand":"","sku":"","good":[],"bad":[],"score_override":"","override_value":"","rating":[],"price":[],"jnews_override_counter":[],"jnews_post_split":[],"footnotes":""},"categories":[58],"tags":[204,44,1016,5463,45,5555],"class_list":["post-88012","post","type-post","status-publish","format-standard","has-post-thumbnail","hentry","category-argentina","tag-amba","tag-argentina","tag-clima","tag-lluvia","tag-noticias","tag-servicio-meteorologico-nacional-2"],"amp_enabled":true,"_links":{"self":[{"href":"https:\/\/esreviral.com\/index.php?rest_route=\/wp\/v2\/posts\/88012"}],"collection":[{"href":"https:\/\/esreviral.com\/index.php?rest_route=\/wp\/v2\/posts"}],"about":[{"href":"https:\/\/esreviral.com\/index.php?rest_route=\/wp\/v2\/types\/post"}],"author":[{"embeddable":true,"href":"https:\/\/esreviral.com\/index.php?rest_route=\/wp\/v2\/users\/3"}],"replies":[{"embeddable":true,"href":"https:\/\/esreviral.com\/index.php?rest_route=%2Fwp%2Fv2%2Fcomments&post=88012"}],"version-history":[{"count":1,"href":"https:\/\/esreviral.com\/index.php?rest_route=\/wp\/v2\/posts\/88012\/revisions"}],"predecessor-version":[{"id":88014,"href":"https:\/\/esreviral.com\/index.php?rest_route=\/wp\/v2\/posts\/88012\/revisions\/88014"}],"wp:featuredmedia":[{"embeddable":true,"href":"https:\/\/esreviral.com\/index.php?rest_route=\/wp\/v2\/media\/88013"}],"wp:attachment":[{"href":"https:\/\/esreviral.com\/index.php?rest_route=%2Fwp%2Fv2%2Fmedia&parent=88012"}],"wp:term":[{"taxonomy":"category","embeddable":true,"href":"https:\/\/esreviral.com\/index.php?rest_route=%2Fwp%2Fv2%2Fcategories&post=88012"},{"taxonomy":"post_tag","embeddable":true,"href":"https:\/\/esreviral.com\/index.php?rest_route=%2Fwp%2Fv2%2Ftags&post=88012"}],"curies":[{"name":"wp","href":"https:\/\/api.w.org\/{rel}","templated":true}]}}