{"id":87983,"date":"2026-02-16T10:36:16","date_gmt":"2026-02-16T15:36:16","guid":{"rendered":"https:\/\/esreviral.com\/?p=87983"},"modified":"2026-02-16T10:36:17","modified_gmt":"2026-02-16T15:36:17","slug":"chofer-venezolano-asesinado-a-tiros-lo-acribillaron-cuando-transportaba-a-varios-pasajeros","status":"publish","type":"post","link":"https:\/\/esreviral.com\/?p=87983","title":{"rendered":"Chofer venezolano asesinado a tiros: lo acribillaron cuando transportaba a varios pasajeros"},"content":{"rendered":"\n<p>Un conductor de nacionalidad venezolana fue asesinado a tiros la noche de este domingo 15 de febrero mientras cumpl\u00eda su jornada laboral como chofer de una unidad de transporte p\u00fablico. La v\u00edctima fue identificada como Am\u00edlcar Marcano Rodr\u00edguez.<\/p>\n\n\n\n<p class=\"has-text-align-center\"><strong><a href=\"https:\/\/chat.whatsapp.com\/KWkTmakY3I05kNdd2oZl6d\"><em>\u00daNETE A NUESTRO GRUPO DE WHATSAPP PARA ESTAR INFORMADO<\/em><\/a><\/strong><\/p>\n\n\n\n<p>El crimen ocurri\u00f3 en la avenida Los Pr\u00f3ceres, a la altura del cruce con la avenida Jos\u00e9 Granda, en el distrito de San Mart\u00edn de Porres, en Lima, Per\u00fa.<\/p>\n\n\n\n<p>De acuerdo con testigos, dos hombres que se desplazaban en motocicleta se acercaron a la unidad y dispararon en repetidas ocasiones contra el conductor.<\/p>\n\n\n\n<h3 class=\"wp-block-heading\"><strong><mark style=\"background-color:rgba(0, 0, 0, 0)\" class=\"has-inline-color has-vivid-red-color\">Ataque con pasajeros a bordo<\/mark><\/strong><\/h3>\n\n\n\n<p>El autob\u00fas se encontraba en marcha y transportaba varios pasajeros al momento del ataque. Tras recibir los impactos de bala, el conductor perdi\u00f3 el control del veh\u00edculo, que termin\u00f3 chocando contra la berma central de la v\u00eda, mientras los ocupantes gritaban desesperados.<\/p>\n\n\n\n<p>Marcano Rodr\u00edguez fue trasladado de emergencia al Hospital Luis Negreiros, en el Callao, pero falleci\u00f3 minutos despu\u00e9s debido a la gravedad de las heridas.<\/p>\n\n\n\n<h3 class=\"wp-block-heading\"><strong><mark style=\"background-color:rgba(0, 0, 0, 0)\" class=\"has-inline-color has-vivid-red-color\">Empresa suspende operaciones<\/mark><\/strong><\/h3>\n\n\n\n<p>Tras el homicidio, la empresa de transporte \u201cEl R\u00e1pido\u201d anunci\u00f3 la suspensi\u00f3n total de sus operaciones a partir del 16 de febrero, alegando falta de garant\u00edas de seguridad para el servicio.<\/p>\n\n\n\n<p>En un comunicado, la compa\u00f1\u00eda manifest\u00f3 su preocupaci\u00f3n por la creciente violencia que afecta al sector transporte y se\u00f1al\u00f3 que la protecci\u00f3n de trabajadores y pasajeros debe ser una prioridad para las autoridades. \u201cLa vida no se negocia\u201d, expres\u00f3 la empresa.<\/p>\n\n\n\n<p class=\"has-text-align-center\"><em><strong><em><strong><em><strong><em><strong><a href=\"https:\/\/t.me\/esreviral\">\u00daNETE A NUESTRO CANAL DE TELEGRAM PARA ESTAR INFORMADO<\/a><\/strong><\/em><\/strong><\/em><\/strong><\/em><\/strong><\/em><\/p>\n\n\n\n<p>Asimismo, exigi\u00f3 a la Polic\u00eda Nacional y al Estado peruano acciones inmediatas para identificar y capturar a los responsables. La empresa indic\u00f3 que no retomar\u00e1 sus actividades hasta que existan condiciones m\u00ednimas de seguridad.<\/p>\n\n\n\n<p class=\"has-text-align-right\"><strong><em>Con Informaci\u00f3n de noticialdia.com.-<\/em><\/strong><\/p>\n","protected":false},"excerpt":{"rendered":"<p>Un conductor de nacionalidad venezolana fue asesinado a tiros durante su jornada laboral, en presencia de varios pasajeros<\/p>\n","protected":false},"author":3,"featured_media":87984,"comment_status":"closed","ping_status":"closed","sticky":false,"template":"","format":"standard","meta":{"jnews-multi-image_gallery":[],"jnews_single_post":{"format":"standard"},"jnews_primary_category":[],"jnews_social_meta":[],"jnews_review":[],"enable_review":"","type":"","name":"","summary":"","brand":"","sku":"","good":[],"bad":[],"score_override":"","override_value":"","rating":[],"price":[],"jnews_override_counter":[],"jnews_post_split":[],"footnotes":""},"categories":[54,88],"tags":[37876,45,232,39949,5628],"class_list":["post-87983","post","type-post","status-publish","format-standard","has-post-thumbnail","hentry","category-inmigracion","category-internacionales","tag-chofer-venezolano","tag-noticias","tag-peru","tag-transporte-publico-3","tag-venezolanos-en-peru-2"],"amp_enabled":true,"_links":{"self":[{"href":"https:\/\/esreviral.com\/index.php?rest_route=\/wp\/v2\/posts\/87983"}],"collection":[{"href":"https:\/\/esreviral.com\/index.php?rest_route=\/wp\/v2\/posts"}],"about":[{"href":"https:\/\/esreviral.com\/index.php?rest_route=\/wp\/v2\/types\/post"}],"author":[{"embeddable":true,"href":"https:\/\/esreviral.com\/index.php?rest_route=\/wp\/v2\/users\/3"}],"replies":[{"embeddable":true,"href":"https:\/\/esreviral.com\/index.php?rest_route=%2Fwp%2Fv2%2Fcomments&post=87983"}],"version-history":[{"count":1,"href":"https:\/\/esreviral.com\/index.php?rest_route=\/wp\/v2\/posts\/87983\/revisions"}],"predecessor-version":[{"id":87985,"href":"https:\/\/esreviral.com\/index.php?rest_route=\/wp\/v2\/posts\/87983\/revisions\/87985"}],"wp:featuredmedia":[{"embeddable":true,"href":"https:\/\/esreviral.com\/index.php?rest_route=\/wp\/v2\/media\/87984"}],"wp:attachment":[{"href":"https:\/\/esreviral.com\/index.php?rest_route=%2Fwp%2Fv2%2Fmedia&parent=87983"}],"wp:term":[{"taxonomy":"category","embeddable":true,"href":"https:\/\/esreviral.com\/index.php?rest_route=%2Fwp%2Fv2%2Fcategories&post=87983"},{"taxonomy":"post_tag","embeddable":true,"href":"https:\/\/esreviral.com\/index.php?rest_route=%2Fwp%2Fv2%2Ftags&post=87983"}],"curies":[{"name":"wp","href":"https:\/\/api.w.org\/{rel}","templated":true}]}}