{"id":87929,"date":"2026-02-14T08:28:04","date_gmt":"2026-02-14T13:28:04","guid":{"rendered":"https:\/\/esreviral.com\/?p=87929"},"modified":"2026-02-14T08:28:05","modified_gmt":"2026-02-14T13:28:05","slug":"seguridad-ciudadana-la-politica-publica-que-sostiene-la-democracia","status":"publish","type":"post","link":"https:\/\/esreviral.com\/?p=87929","title":{"rendered":"Seguridad Ciudadana: La Pol\u00edtica P\u00fablica que sostiene la Democracia"},"content":{"rendered":"\n<p>En toda sociedad organizada existen pilares que sostienen la convivencia y el desarrollo humano. La salud protege la vida, la educaci\u00f3n forma ciudadanos libres y la seguridad ciudadana garantiza la paz social necesaria para que ambas puedan existir. Sin seguridad, no hay derechos que puedan ejercerse plenamente ni democracia que pueda consolidarse.<\/p>\n\n\n\n<p><br>Sin embargo, durante d\u00e9cadas en Am\u00e9rica Latina la seguridad ha sido tratada como una pol\u00edtica reactiva, subordinada a la coyuntura y no como una verdadera pol\u00edtica de Estado. Hoy, frente al crecimiento del crimen organizado, la violencia urbana y la percepci\u00f3n de inseguridad, se hace evidente una verdad incuestionable: la seguridad ciudadana debe ser considerada con la misma prioridad estrat\u00e9gica que la salud y la educaci\u00f3n. <\/p>\n\n\n\n<p class=\"has-text-align-center\"><strong><a href=\"https:\/\/chat.whatsapp.com\/KWkTmakY3I05kNdd2oZl6d\"><em>\u00daNETE A NUESTRO GRUPO DE WHATSAPP PARA ESTAR INFORMADO<\/em><\/a><\/strong><\/p>\n\n\n\n<p>La Seguridad es un derecho humano fundamental, el derecho a vivir sin miedo no es un privilegio, es un derecho humano esencial. La seguridad no puede reducirse a estad\u00edsticas o a operativos aislados; es un sistema complejo que involucra prevenci\u00f3n social, profesionalizaci\u00f3n policial, justicia eficiente y participaci\u00f3n comunitaria.<\/p>\n\n\n\n<p>Cuando el Estado no garantiza seguridad, se debilita la confianza en las instituciones y se abre espacio a la anomia social. Por ello, la pol\u00edtica de seguridad debe ser integral, sostenida en el tiempo y basada en evidencia, no en improvisaci\u00f3n.<\/p>\n\n\n\n<p><strong>Pol\u00edtica p\u00fablica y liderazgo.<\/strong><\/p>\n\n\n\n<p>As\u00ed como los pa\u00edses planifican pol\u00edticas sanitarias y educativas a largo plazo, la seguridad requiere planificaci\u00f3n estrat\u00e9gica, inversi\u00f3n constante y liderazgo con visi\u00f3n. No se trata solo de m\u00e1s recursos, sino de mejores instituciones, formaci\u00f3n \u00e9tica y sistemas de inteligencia que permitan anticipar el delito.<br>Las experiencias internacionales demuestran que los pa\u00edses que lograron reducir la violencia lo hicieron cuando la seguridad se convirti\u00f3 en pol\u00edtica de Estado y no en bandera electoral.<\/p>\n\n\n\n<p><strong>El rol de una polic\u00eda moderna y cercana<\/strong><br>Una seguridad democr\u00e1tica necesita fuerzas policiales profesionales, capacitadas y con vocaci\u00f3n de servicio. El modelo del polic\u00eda cercano al ciudadano, que previene, escucha y genera confianza, es clave para construir comunidades seguras.<\/p>\n\n\n\n<p>La seguridad no debe entenderse desde la l\u00f3gica del control, sino desde la protecci\u00f3n de la dignidad humana y la convivencia pac\u00edfica.<\/p>\n\n\n\n<p><strong>Seguridad, desarrollo y estabilidad.<\/strong><\/p>\n\n\n\n<p>No existe inversi\u00f3n, crecimiento econ\u00f3mico ni progreso social en contextos de inseguridad. La violencia genera pobreza, fragmenta comunidades y limita oportunidades. Por ello, invertir en seguridad es tambi\u00e9n invertir en desarrollo.<br>Los gobiernos que comprendan esta realidad entender\u00e1n que la seguridad no es un gasto, sino una inversi\u00f3n estrat\u00e9gica para el futuro de la naci\u00f3n.<\/p>\n\n\n\n<p><strong>\u00a1Una reflexi\u00f3n impostergable!<\/strong><\/p>\n\n\n\n<p>Hoy m\u00e1s que nunca, la seguridad ciudadana debe ocupar el centro de la agenda p\u00fablica. No como respuesta a la crisis, sino como pol\u00edtica estructural que garantice estabilidad, justicia y paz social.<br>Si la salud cuida la vida y la educaci\u00f3n forma el futuro, la seguridad protege la convivencia que hace posible a ambas.<br>La pregunta que debemos hacernos como sociedad es profunda:<\/p>\n\n\n\n<p class=\"has-text-align-center\"><em><strong><em><strong><em><strong><em><strong><a href=\"https:\/\/t.me\/esreviral\">\u00daNETE A NUESTRO CANAL DE TELEGRAM PARA ESTAR INFORMADO<\/a><\/strong><\/em><\/strong><\/em><\/strong><\/em><\/strong><\/em><\/p>\n\n\n\n<p>\u00bfEstamos dispuestos a asumir la seguridad ciudadana como una verdadera pol\u00edtica de Estado o seguiremos trat\u00e1ndola como una respuesta temporal a la urgencia?<\/p>\n\n\n\n<p class=\"has-text-align-right\"><strong><em>Braulio Seijas.-<\/em><\/strong><\/p>\n","protected":false},"excerpt":{"rendered":"<p>En toda sociedad organizada, la salud, la educaci\u00f3n y la seguridad son pilares fundamentales. Sin seguridad, no pueden ejercerse plenamente los derechos ni consolidarse la democracia. Sin embargo, en Am\u00e9rica Latina ha sido tratada como una pol\u00edtica reactiva y no como una verdadera pol\u00edtica de Estado. Frente al avance del crimen y la violencia, resulta imprescindible asumir la seguridad ciudadana como un derecho humano esencial y una estrategia integral que incluya prevenci\u00f3n, profesionalizaci\u00f3n policial, justicia eficiente y participaci\u00f3n comunitaria. Solo as\u00ed podr\u00e1 garantizarse estabilidad, desarrollo y convivencia pac\u00edfica.<\/p>\n","protected":false},"author":3,"featured_media":76163,"comment_status":"closed","ping_status":"closed","sticky":false,"template":"","format":"standard","meta":{"jnews-multi-image_gallery":[],"jnews_single_post":{"format":"standard"},"jnews_primary_category":[],"jnews_social_meta":[],"jnews_review":[],"enable_review":"","type":"","name":"","summary":"","brand":"","sku":"","good":[],"bad":[],"score_override":"","override_value":"","rating":[],"price":[],"jnews_override_counter":[],"jnews_post_split":[],"footnotes":""},"categories":[137],"tags":[2574,45,39930],"class_list":["post-87929","post","type-post","status-publish","format-standard","has-post-thumbnail","hentry","category-opinion","tag-democracia","tag-noticias","tag-politica-publica"],"amp_enabled":true,"_links":{"self":[{"href":"https:\/\/esreviral.com\/index.php?rest_route=\/wp\/v2\/posts\/87929"}],"collection":[{"href":"https:\/\/esreviral.com\/index.php?rest_route=\/wp\/v2\/posts"}],"about":[{"href":"https:\/\/esreviral.com\/index.php?rest_route=\/wp\/v2\/types\/post"}],"author":[{"embeddable":true,"href":"https:\/\/esreviral.com\/index.php?rest_route=\/wp\/v2\/users\/3"}],"replies":[{"embeddable":true,"href":"https:\/\/esreviral.com\/index.php?rest_route=%2Fwp%2Fv2%2Fcomments&post=87929"}],"version-history":[{"count":1,"href":"https:\/\/esreviral.com\/index.php?rest_route=\/wp\/v2\/posts\/87929\/revisions"}],"predecessor-version":[{"id":87930,"href":"https:\/\/esreviral.com\/index.php?rest_route=\/wp\/v2\/posts\/87929\/revisions\/87930"}],"wp:featuredmedia":[{"embeddable":true,"href":"https:\/\/esreviral.com\/index.php?rest_route=\/wp\/v2\/media\/76163"}],"wp:attachment":[{"href":"https:\/\/esreviral.com\/index.php?rest_route=%2Fwp%2Fv2%2Fmedia&parent=87929"}],"wp:term":[{"taxonomy":"category","embeddable":true,"href":"https:\/\/esreviral.com\/index.php?rest_route=%2Fwp%2Fv2%2Fcategories&post=87929"},{"taxonomy":"post_tag","embeddable":true,"href":"https:\/\/esreviral.com\/index.php?rest_route=%2Fwp%2Fv2%2Ftags&post=87929"}],"curies":[{"name":"wp","href":"https:\/\/api.w.org\/{rel}","templated":true}]}}