{"id":87904,"date":"2026-02-13T10:55:42","date_gmt":"2026-02-13T15:55:42","guid":{"rendered":"https:\/\/esreviral.com\/?p=87904"},"modified":"2026-02-13T10:56:05","modified_gmt":"2026-02-13T15:56:05","slug":"todo-lo-que-hay-que-saber-para-los-shows-de-bad-bunny-en-river","status":"publish","type":"post","link":"https:\/\/esreviral.com\/?p=87904","title":{"rendered":"Todo lo que hay que saber para los shows de Bad Bunny en River"},"content":{"rendered":"\n<p>Tras su hist\u00f3rica presentaci\u00f3n en el <strong>Super Bowl<\/strong>, <strong>Bad Bunny<\/strong> lleg\u00f3 a Buenos Aires en la madrugada del martes y se hosped\u00f3 en un hotel del barrio de Recoleta. Su visita forma parte de la gira internacional <em>\u201cDeb\u00ed tirar m\u00e1s fotos World Tour\u201d<\/em>, con la que el artista puertorrique\u00f1o ofrecer\u00e1 conciertos el 13, 14 y 15 de febrero en el estadio <strong>Estadio Monumental<\/strong>.<\/p>\n\n\n\n<h3 class=\"wp-block-heading\"><strong><mark style=\"background-color:rgba(0, 0, 0, 0)\" class=\"has-inline-color has-vivid-red-color\">Ingresos al estadio<\/mark><\/strong><\/h3>\n\n\n\n<p>La organizaci\u00f3n dispuso accesos diferenciados seg\u00fan el tipo de entrada para facilitar el ingreso del p\u00fablico:<\/p>\n\n\n\n<ul class=\"wp-block-list\">\n<li><strong>Campo trasero:<\/strong> acceso por la intersecci\u00f3n de Avenida del Libertador y Campos Salles.<\/li>\n\n\n\n<li><strong>Plateas Belgrano (todos los niveles), Campo delantero Stage B y plateas Centenario media y alta:<\/strong> ingreso por Avenida del Libertador y Udaondo.<\/li>\n\n\n\n<li><strong>Campo delantero Stage A, Los Vecinos, plateas San Mart\u00edn y S\u00edvori:<\/strong> acceso por Avenida Figueroa Alcorta y Monroe.<\/li>\n<\/ul>\n\n\n\n<p><\/p>\n\n\n\n<p class=\"has-text-align-center\"><strong><a href=\"https:\/\/chat.whatsapp.com\/KWkTmakY3I05kNdd2oZl6d\"><em>\u00daNETE A NUESTRO GRUPO DE WHATSAPP PARA ESTAR INFORMADO<\/em><\/a><\/strong><\/p>\n\n\n<div class=\"wp-block-image\">\n<figure class=\"aligncenter size-large\"><img decoding=\"async\" src=\"https:\/\/resizer.glanacion.com\/resizer\/v2\/la-ubicacion-en-el-estadio-determina-por-cual-OR7THICLQ5FZZCNAJNFEMPGF7I.jpg?auth=4a5dcc0f07d6ae26c9b9b21bacd4c5d8139ac57eab25049570485cc5b819c2df&amp;width=780&amp;height=520&amp;quality=70&amp;smart=true\" alt=\"\"\/><\/figure><\/div>\n\n\n<p><\/p>\n\n\n\n<h3 class=\"wp-block-heading\"><strong><mark style=\"background-color:rgba(0, 0, 0, 0)\" class=\"has-inline-color has-vivid-red-color\">Horarios<\/mark><\/strong><\/h3>\n\n\n\n<p>La apertura de puertas est\u00e1 prevista para las 16:00. A las 19:00 se presentar\u00e1 la artista <strong>Chuwi<\/strong> (Lor\u00e9n Aldarondo Torres), \u00fanica telonera del espect\u00e1culo. El show principal de Bad Bunny comenzar\u00e1 a las 21:00.<\/p>\n\n\n\n<h3 class=\"wp-block-heading\"><strong><mark style=\"background-color:rgba(0, 0, 0, 0)\" class=\"has-inline-color has-vivid-red-color\">Restricciones de tr\u00e1nsito<\/mark><\/strong><\/h3>\n\n\n\n<p>El operativo de seguridad contempla cortes parciales y totales en las inmediaciones del estadio:<\/p>\n\n\n\n<ul class=\"wp-block-list\">\n<li><strong>Corte parcial<\/strong> de Avenida Figueroa Alcorta entre Lidoro Quinteros y Almirante Daniel Del Soler: desde el martes 10 de febrero a las 11:00 hasta la 1:00 del lunes 16.<\/li>\n\n\n\n<li><strong>Corte total del per\u00edmetro<\/strong> comprendido entre Avenida del Libertador, Udaondo, Figueroa Alcorta y Monroe: viernes 13, s\u00e1bado 14 y domingo 15, de 11:00 a 2:00.<\/li>\n\n\n\n<li><strong>Corte total<\/strong> de Figueroa Alcorta entre Udaondo y Monroe: viernes 13, s\u00e1bado 14 y domingo 15, de 13:00 a 2:00.<\/li>\n\n\n\n<li><strong>Corte total<\/strong> de Udaondo entre Avenida del Libertador y la colectora Intendente Cantilo: viernes 13, s\u00e1bado 14 y domingo 15, de 14:00 a 2:00.<\/li>\n\n\n\n<li><strong>Cierre total<\/strong> de los accesos desde Intendente Cantilo al Puente Labruna: viernes 13, s\u00e1bado 14 y domingo 15, de 14:00 a 2:00.<\/li>\n\n\n\n<li><strong>Corte total<\/strong> de Campos Salles y Teniente Ricchieri entre Avenida del Libertador y Udaondo: viernes 13, s\u00e1bado 14 y domingo 15, de 14:00 a 2:00.<\/li>\n\n\n\n<li><strong>Cierre total<\/strong> del Puente Labruna entre Figueroa Alcorta e Intendente Cantilo: viernes 13, s\u00e1bado 14 y domingo 15, de 14:00 a 2:00.<\/li>\n<\/ul>\n\n\n\n<p><\/p>\n\n\n\n<p class=\"has-text-align-center\"><em><strong><em><strong><em><strong><em><strong><a href=\"https:\/\/t.me\/esreviral\">\u00daNETE A NUESTRO CANAL DE TELEGRAM PARA ESTAR INFORMADO<\/a><\/strong><\/em><\/strong><\/em><\/strong><\/em><\/strong><\/em><\/p>\n\n\n\n<figure class=\"wp-block-image size-large\"><img decoding=\"async\" src=\"https:\/\/resizer.glanacion.com\/resizer\/v2\/los-cortes-programados-debido-al-recital-de-bad-UV3PBHLR45FTLPWCAQFZ7BD6NA.jpeg?auth=4a42ca32c2253dc2eefbcaba8ee6e57f025703bdb1342c96e5da734113be3624&amp;width=780&amp;height=743&amp;quality=70&amp;smart=true\" alt=\"\"\/><\/figure>\n\n\n\n<h3 class=\"wp-block-heading\"><strong><mark style=\"background-color:rgba(0, 0, 0, 0)\" class=\"has-inline-color has-vivid-red-color\">Transporte p\u00fablico<\/mark><\/strong><\/h3>\n\n\n\n<p>Con motivo del primer concierto, la l\u00ednea D del subterr\u00e1neo extender\u00e1 su servicio hasta la 1:30 del s\u00e1bado. La estaci\u00f3n terminal Congreso de Tucum\u00e1n permanecer\u00e1 habilitada \u00fanicamente para el ingreso de pasajeros.<\/p>\n\n\n\n<p>Adem\u00e1s, desde el viernes y hasta el lunes el tren Sarmiento no operar\u00e1 con normalidad. Algunas paradas de autob\u00fas ubicadas sobre Avenida del Libertador, como la de la l\u00ednea 29, ser\u00e1n trasladadas hacia Avenida Cabildo.<\/p>\n\n\n\n<p>Las autoridades recomendaron a los asistentes planificar con anticipaci\u00f3n su regreso y tomar las precauciones necesarias ante las modificaciones en el tr\u00e1nsito y el transporte p\u00fablico.<\/p>\n\n\n\n<blockquote class=\"twitter-tweet\"><p lang=\"es\" dir=\"ltr\">\ud83d\udc30 EXTENsI\u00d3N HOrARIA &#8211; L\u00cdnEA d<br><br>Este viernes, s\u00e1bado y domingo toca toca Bad Bunny en River, y la L\u00ednea D funcionar\u00e1 los tres d\u00edas con horario extendido hasta la 1:30 a.m.<a href=\"https:\/\/twitter.com\/hashtag\/subte?src=hash&amp;ref_src=twsrc%5Etfw\">#subte<\/a> <a href=\"https:\/\/twitter.com\/hashtag\/buenosaires?src=hash&amp;ref_src=twsrc%5Etfw\">#buenosaires<\/a> <a href=\"https:\/\/twitter.com\/hashtag\/badbunny?src=hash&amp;ref_src=twsrc%5Etfw\">#badbunny<\/a> <a href=\"https:\/\/twitter.com\/hashtag\/dtmf?src=hash&amp;ref_src=twsrc%5Etfw\">#dtmf<\/a> <a href=\"https:\/\/t.co\/PNJUtSj7LL\">pic.twitter.com\/PNJUtSj7LL<\/a><\/p>&mdash; BA Subte (@basubte) <a href=\"https:\/\/twitter.com\/basubte\/status\/2022002572874379763?ref_src=twsrc%5Etfw\">February 12, 2026<\/a><\/blockquote> <script async src=\"https:\/\/platform.twitter.com\/widgets.js\" charset=\"utf-8\"><\/script>\n\n\n\n<p><\/p>\n\n\n\n<p class=\"has-text-align-right\"><strong><em>Con Informaci\u00f3n de LN.-<\/em><\/strong><\/p>\n","protected":false},"excerpt":{"rendered":"<p>En el marco de su gira mundial \u201cDeb\u00ed tirar m\u00e1s fotos World Tour\u201d, el cantante puertorrique\u00f1o se presentar\u00e1 el 13, 14 y 15 de febrero en el Monumental; los cortes de tr\u00e1nsito y la apertura de los ingresos al estadio<\/p>\n","protected":false},"author":3,"featured_media":73004,"comment_status":"closed","ping_status":"closed","sticky":false,"template":"","format":"standard","meta":{"jnews-multi-image_gallery":[],"jnews_single_post":{"format":"standard"},"jnews_primary_category":[],"jnews_social_meta":[],"jnews_review":[],"enable_review":"","type":"","name":"","summary":"","brand":"","sku":"","good":[],"bad":[],"score_override":"","override_value":"","rating":[],"price":[],"jnews_override_counter":[],"jnews_post_split":[],"footnotes":""},"categories":[50],"tags":[44,1183,793,2527,1057,4146],"class_list":["post-87904","post","type-post","status-publish","format-standard","has-post-thumbnail","hentry","category-entretenimiento","tag-argentina","tag-bad-bunny","tag-nunez","tag-river","tag-show","tag-shows"],"amp_enabled":true,"_links":{"self":[{"href":"https:\/\/esreviral.com\/index.php?rest_route=\/wp\/v2\/posts\/87904"}],"collection":[{"href":"https:\/\/esreviral.com\/index.php?rest_route=\/wp\/v2\/posts"}],"about":[{"href":"https:\/\/esreviral.com\/index.php?rest_route=\/wp\/v2\/types\/post"}],"author":[{"embeddable":true,"href":"https:\/\/esreviral.com\/index.php?rest_route=\/wp\/v2\/users\/3"}],"replies":[{"embeddable":true,"href":"https:\/\/esreviral.com\/index.php?rest_route=%2Fwp%2Fv2%2Fcomments&post=87904"}],"version-history":[{"count":2,"href":"https:\/\/esreviral.com\/index.php?rest_route=\/wp\/v2\/posts\/87904\/revisions"}],"predecessor-version":[{"id":87906,"href":"https:\/\/esreviral.com\/index.php?rest_route=\/wp\/v2\/posts\/87904\/revisions\/87906"}],"wp:featuredmedia":[{"embeddable":true,"href":"https:\/\/esreviral.com\/index.php?rest_route=\/wp\/v2\/media\/73004"}],"wp:attachment":[{"href":"https:\/\/esreviral.com\/index.php?rest_route=%2Fwp%2Fv2%2Fmedia&parent=87904"}],"wp:term":[{"taxonomy":"category","embeddable":true,"href":"https:\/\/esreviral.com\/index.php?rest_route=%2Fwp%2Fv2%2Fcategories&post=87904"},{"taxonomy":"post_tag","embeddable":true,"href":"https:\/\/esreviral.com\/index.php?rest_route=%2Fwp%2Fv2%2Ftags&post=87904"}],"curies":[{"name":"wp","href":"https:\/\/api.w.org\/{rel}","templated":true}]}}