{"id":8788,"date":"2021-07-28T16:45:35","date_gmt":"2021-07-28T19:45:35","guid":{"rendered":"http:\/\/esreviral.com\/?p=8788"},"modified":"2021-07-28T16:45:35","modified_gmt":"2021-07-28T19:45:35","slug":"pedro-castillo-en-su-toma-de-poder-prometio-expulsar-a-los-delincuentes-extranjeros-en-las-proximas-72-horas","status":"publish","type":"post","link":"https:\/\/esreviral.com\/?p=8788","title":{"rendered":"Pedro Castillo en su toma de poder, prometi\u00f3 expulsar a los \u00abdelincuentes extranjeros\u00bb en las pr\u00f3ximas 72 horas"},"content":{"rendered":"\n<p><strong><em>CIS.- <\/em><\/strong>Luego de 45 d\u00edas de espera por los resultados finales, Pedro Castillo fue proclamado y este mi\u00e9rcoles en el marco del 200 aniversario de la independencia de Per\u00fa, tom\u00f3 el poder delante de presidentes de Argentina, Chile, Ecuador, el Rey Felipe VI de Espa\u00f1a y representantes de otrros gobiernos. <\/p>\n\n\n\n<p>En su primer discurso frente al congreso, prometi\u00f3 que en las pr\u00f3ximas 72 horas expulsar\u00e1 a los \u00abdelincuentes extranjeros\u00bb y asegur\u00f3 que los j\u00f3venes que no estudian ni trabajan \u00abdeben acudir al servicio militar\u00bb.<\/p>\n\n\n\n<figure class=\"wp-block-embed-twitter wp-block-embed is-type-rich is-provider-twitter\"><div class=\"wp-block-embed__wrapper\">\n<blockquote class=\"twitter-tweet\" data-width=\"500\" data-dnt=\"true\"><p lang=\"es\" dir=\"ltr\"><a href=\"https:\/\/twitter.com\/hashtag\/28Jul?src=hash&amp;ref_src=twsrc%5Etfw\">#28Jul<\/a> Pedro Castillo asumi\u00f3 como presidente de Per\u00fa jurando por la nueva constituci\u00f3n que ha propuesto e inmediatamente anunci\u00f3 que en las pr\u00f3ximas 72 horas expulsar\u00e1 del pa\u00eds a quienes ha llamado \u201cdelincuentes extranjeros\u201d. <a href=\"https:\/\/twitter.com\/hashtag\/TVV?src=hash&amp;ref_src=twsrc%5Etfw\">#TVV<\/a> <a href=\"https:\/\/t.co\/kIVNQ99maL\">pic.twitter.com\/kIVNQ99maL<\/a><\/p>&mdash; TVV Noticias (@TVVnoticias) <a href=\"https:\/\/twitter.com\/TVVnoticias\/status\/1420467900104777738?ref_src=twsrc%5Etfw\">July 28, 2021<\/a><\/blockquote><script async src=\"https:\/\/platform.twitter.com\/widgets.js\" charset=\"utf-8\"><\/script>\n<\/div><\/figure>\n\n\n\n<p><strong><span style=\"background-color:#9a1b22\" class=\"td_text_highlight_marker\">Argentina presente<\/span><\/strong><\/p>\n\n\n\n<p>El presidente Alberto Fern\u00e1ndez, aprovech\u00f3 la ocasi\u00f3n para reunirse con su par de Ecuador, Guillermo Lasso, \u201ctenemos una mirada muy com\u00fan sobre la necesidad de que Am\u00e9rica latina se integre m\u00e1s y que vuelva a constituir un \u00e1mbito de unidad donde podamos discutir los problemas que tenemos\u201d, destac\u00f3 Fern\u00e1ndez al realizar declaraciones a la prensa al terminar el encuentro y consider\u00f3 que fue \u201cuna reuni\u00f3n que ha sido mucho m\u00e1s que productiva y que, en lo personal, valoro mucho\u201d.<\/p>\n\n\n\n<p>Entre tanto el canciller de Nicol\u00e1s Maduro, Jorge Arreaza, lleg\u00f3 posteriormente en representaci\u00f3n de Venezuela. Arrib\u00f3 en un avi\u00f3n Lear45 y\u00a0fue recibido por un grupo de migrantes venezolanos que protest\u00f3 en contra de su visita.<\/p>\n\n\n\n<figure class=\"wp-block-image size-large\"><img decoding=\"async\" src=\"https:\/\/esreviral.com\/wp-content\/uploads\/2021\/07\/ECO_9381-1024x684.jpg\" alt=\"\" class=\"wp-image-8790\"\/><figcaption>Encuentro bilateral entre los presidentes de Ecuador, Guillermo Lasso y el de Argentina, Alberto Fern\u00e1ndez<\/figcaption><\/figure>\n","protected":false},"excerpt":{"rendered":"<p>CIS.- Luego de 45 d\u00edas de espera por los resultados finales, Pedro Castillo fue proclamado y este mi\u00e9rcoles en el marco del 200 aniversario de la independencia de Per\u00fa, tom\u00f3 el poder delante de presidentes de Argentina, Chile, Ecuador, el Rey Felipe VI de Espa\u00f1a y representantes de otrros gobiernos. En su primer discurso frente [&hellip;]<\/p>\n","protected":false},"author":2,"featured_media":8789,"comment_status":"open","ping_status":"open","sticky":false,"template":"","format":"standard","meta":{"jnews-multi-image_gallery":[],"jnews_single_post":[],"jnews_primary_category":[],"jnews_social_meta":[],"jnews_review":[],"enable_review":"","type":"","name":"","summary":"","brand":"","sku":"","good":[],"bad":[],"score_override":"","override_value":"","rating":[],"price":[],"jnews_override_counter":[],"jnews_post_split":[],"footnotes":""},"categories":[88,59],"tags":[45,901,232],"class_list":["post-8788","post","type-post","status-publish","format-standard","has-post-thumbnail","hentry","category-internacionales","category-politica","tag-noticias","tag-pedro-castillo","tag-peru"],"_links":{"self":[{"href":"https:\/\/esreviral.com\/index.php?rest_route=\/wp\/v2\/posts\/8788","targetHints":{"allow":["GET"]}}],"collection":[{"href":"https:\/\/esreviral.com\/index.php?rest_route=\/wp\/v2\/posts"}],"about":[{"href":"https:\/\/esreviral.com\/index.php?rest_route=\/wp\/v2\/types\/post"}],"author":[{"embeddable":true,"href":"https:\/\/esreviral.com\/index.php?rest_route=\/wp\/v2\/users\/2"}],"replies":[{"embeddable":true,"href":"https:\/\/esreviral.com\/index.php?rest_route=%2Fwp%2Fv2%2Fcomments&post=8788"}],"version-history":[{"count":0,"href":"https:\/\/esreviral.com\/index.php?rest_route=\/wp\/v2\/posts\/8788\/revisions"}],"wp:featuredmedia":[{"embeddable":true,"href":"https:\/\/esreviral.com\/index.php?rest_route=\/"}],"wp:attachment":[{"href":"https:\/\/esreviral.com\/index.php?rest_route=%2Fwp%2Fv2%2Fmedia&parent=8788"}],"wp:term":[{"taxonomy":"category","embeddable":true,"href":"https:\/\/esreviral.com\/index.php?rest_route=%2Fwp%2Fv2%2Fcategories&post=8788"},{"taxonomy":"post_tag","embeddable":true,"href":"https:\/\/esreviral.com\/index.php?rest_route=%2Fwp%2Fv2%2Ftags&post=8788"}],"curies":[{"name":"wp","href":"https:\/\/api.w.org\/{rel}","templated":true}]}}