{"id":87846,"date":"2026-02-12T09:13:18","date_gmt":"2026-02-12T14:13:18","guid":{"rendered":"https:\/\/esreviral.com\/?p=87846"},"modified":"2026-02-12T10:48:33","modified_gmt":"2026-02-12T15:48:33","slug":"fuerte-sismo-en-chile-se-sintio-en-mendoza-y-san-juan","status":"publish","type":"post","link":"https:\/\/esreviral.com\/?p=87846","title":{"rendered":"Fuerte sismo en Chile se sinti\u00f3 en Mendoza y San Juan"},"content":{"rendered":"\n<p>Un sismo de magnitud 6,1 se registr\u00f3 este jueves en Chile y fue percibido en varias provincias argentinas, entre ellas Mendoza, San Juan, La Rioja, C\u00f3rdoba y San Luis.<\/p>\n\n\n\n<p>De acuerdo con el Servicio Nacional de Prevenci\u00f3n y Respuesta ante Desastres (SENAPRED), el movimiento tel\u00farico ocurri\u00f3 a las 10:35 horas, con epicentro ubicado a 15 kil\u00f3metros al sureste del Parque Nacional Fray Jorge. El temblor fue percibido en un amplio tramo del territorio chileno, desde la regi\u00f3n de Atacama hasta la de \u00d1uble.<\/p>\n\n\n\n<p class=\"has-text-align-center\"><strong><a href=\"https:\/\/chat.whatsapp.com\/KWkTmakY3I05kNdd2oZl6d\"><em>\u00daNETE A NUESTRO GRUPO DE WHATSAPP PARA ESTAR INFORMADO<\/em><\/a><\/strong><\/p>\n\n\n\n<figure class=\"wp-block-image size-large\"><img decoding=\"async\" src=\"https:\/\/tn.com.ar\/resizer\/v2\/un-sismo-de-61-grados-se-registro-en-chile-con-epicentro-15-kilometros-al-sureste-de-parque-fray-jorge-foto-servicio-nacional-de-prevencion-y-respuesta-ante-desastres-NTIAFV7ORBCZJB7T6VSL3CLHHA.jpg?auth=2bf619581bd1b36d8377bf7090a8dea85a0e6936a3ad95dbf1f7f22c59db89e4&amp;width=1440\" alt=\"\"\/><figcaption class=\"wp-element-caption\">Un sismo de 6.1 grados se registr\u00f3 en Chile con epicentro 15 kil\u00f3metros al sureste de Parque Fray Jorge.<\/figcaption><\/figure>\n\n\n\n<p>La directora del SENAPRED, Alicia Cebri\u00e1n, inform\u00f3 que el Servicio Hidrogr\u00e1fico y Oceanogr\u00e1fico de la Armada descart\u00f3 la posibilidad de un tsunami en todo el territorio chileno.<\/p>\n\n\n\n<p>El sismo tuvo una profundidad estimada de 33 kil\u00f3metros y fue clasificado por el organismo como de intensidad media. Las autoridades se\u00f1alaron que, a trav\u00e9s del Sistema Nacional de Prevenci\u00f3n y Respuesta ante Desastres, se eval\u00faan eventuales da\u00f1os a personas, servicios b\u00e1sicos e infraestructura.<\/p>\n\n\n\n<p>\u201cContinuamos monitoreando las regiones donde el sismo fue percibido y seguiremos informando a trav\u00e9s de nuestros canales oficiales\u201d, indic\u00f3 Cebri\u00e1n.<\/p>\n\n\n\n<p>En Argentina, el movimiento fue sentido con distinta intensidad en provincias ubicadas a lo largo de la cordillera de los Andes, como Mendoza, San Juan y La Rioja, as\u00ed como en zonas del centro del pa\u00eds, entre ellas San Luis y C\u00f3rdoba.<\/p>\n\n\n\n<p class=\"has-text-align-center\"><em><strong><em><strong><em><strong><em><strong><a href=\"https:\/\/t.me\/esreviral\">\u00daNETE A NUESTRO CANAL DE TELEGRAM PARA ESTAR INFORMADO<\/a><\/strong><\/em><\/strong><\/em><\/strong><\/em><\/strong><\/em><\/p>\n\n\n\n<p class=\"has-text-align-right\"><strong><em>Con Informaci\u00f3n de TN.-<\/em><\/strong><\/p>\n","protected":false},"excerpt":{"rendered":"<p>Fue de 6,1 en la escala de Richter.<br \/>\nSe registr\u00f3 a las 10.34 en la zona de Coquimbo.<\/p>\n","protected":false},"author":3,"featured_media":82273,"comment_status":"closed","ping_status":"closed","sticky":false,"template":"","format":"standard","meta":{"jnews-multi-image_gallery":[],"jnews_single_post":{"format":"standard"},"jnews_primary_category":[],"jnews_social_meta":[],"jnews_review":[],"enable_review":"","type":"","name":"","summary":"","brand":"","sku":"","good":[],"bad":[],"score_override":"","override_value":"","rating":[],"price":[],"jnews_override_counter":[],"jnews_post_split":[],"footnotes":""},"categories":[43],"tags":[386,1018,45,497,5824,3303],"class_list":["post-87846","post","type-post","status-publish","format-standard","has-post-thumbnail","hentry","category-actualidad","tag-chile","tag-mendoza","tag-noticias","tag-san-juan","tag-sismos","tag-terremotos"],"amp_enabled":true,"_links":{"self":[{"href":"https:\/\/esreviral.com\/index.php?rest_route=\/wp\/v2\/posts\/87846"}],"collection":[{"href":"https:\/\/esreviral.com\/index.php?rest_route=\/wp\/v2\/posts"}],"about":[{"href":"https:\/\/esreviral.com\/index.php?rest_route=\/wp\/v2\/types\/post"}],"author":[{"embeddable":true,"href":"https:\/\/esreviral.com\/index.php?rest_route=\/wp\/v2\/users\/3"}],"replies":[{"embeddable":true,"href":"https:\/\/esreviral.com\/index.php?rest_route=%2Fwp%2Fv2%2Fcomments&post=87846"}],"version-history":[{"count":2,"href":"https:\/\/esreviral.com\/index.php?rest_route=\/wp\/v2\/posts\/87846\/revisions"}],"predecessor-version":[{"id":87852,"href":"https:\/\/esreviral.com\/index.php?rest_route=\/wp\/v2\/posts\/87846\/revisions\/87852"}],"wp:featuredmedia":[{"embeddable":true,"href":"https:\/\/esreviral.com\/index.php?rest_route=\/wp\/v2\/media\/82273"}],"wp:attachment":[{"href":"https:\/\/esreviral.com\/index.php?rest_route=%2Fwp%2Fv2%2Fmedia&parent=87846"}],"wp:term":[{"taxonomy":"category","embeddable":true,"href":"https:\/\/esreviral.com\/index.php?rest_route=%2Fwp%2Fv2%2Fcategories&post=87846"},{"taxonomy":"post_tag","embeddable":true,"href":"https:\/\/esreviral.com\/index.php?rest_route=%2Fwp%2Fv2%2Ftags&post=87846"}],"curies":[{"name":"wp","href":"https:\/\/api.w.org\/{rel}","templated":true}]}}