{"id":87791,"date":"2026-02-11T13:04:07","date_gmt":"2026-02-11T18:04:07","guid":{"rendered":"https:\/\/esreviral.com\/?p=87791"},"modified":"2026-02-11T13:29:15","modified_gmt":"2026-02-11T18:29:15","slug":"pagan-dos-mangos-un-medico-argentino-denuncio-que-fue-despedido-de-un-dispensario-por-tener-onlyfans","status":"publish","type":"post","link":"https:\/\/esreviral.com\/?p=87791","title":{"rendered":"\u00abPagan dos mangos\u00bb: Un m\u00e9dico argentino denunci\u00f3 que fue despedido de un dispensario por tener OnlyFans"},"content":{"rendered":"\n<p><strong>El m\u00e9dico cordob\u00e9s Nicol\u00e1s Zetta denunci\u00f3 p\u00fablicamente que fue apartado de su puesto en un dispensario municipal de La Calera debido a que posee una cuenta en la plataforma OnlyFans<\/strong>. La acusaci\u00f3n fue realizada a trav\u00e9s de un video difundido en redes sociales, en el que el profesional sostuvo que la decisi\u00f3n estuvo directamente relacionada con su actividad privada, ajena al \u00e1mbito laboral.<\/p>\n\n\n\n<p class=\"has-text-align-center\"><strong><a href=\"https:\/\/chat.whatsapp.com\/KWkTmakY3I05kNdd2oZl6d\"><em>\u00daNETE A NUESTRO GRUPO DE WHATSAPP PARA ESTAR INFORMADO<\/em><\/a><\/strong><\/p>\n\n\n<div class=\"wp-block-image\">\n<figure class=\"aligncenter size-large is-resized\"><img decoding=\"async\" src=\"https:\/\/www.lavoz.com.ar\/resizer\/v2\/JOP5IIQAIRBBRFH2QUBN6TBTEU.jpg?auth=55a74f80e106853f894daef8909c2034e69c7ec33f1f90bf6b6b8b587b068fd6&amp;quality=75&amp;smart=true&amp;width=632\" alt=\"\" style=\"width:770px;height:auto\"\/><\/figure><\/div>\n\n\n<p><\/p>\n\n\n\n<p>\u201cMe acaban de echar porque tengo <strong>OnlyFans<\/strong>. Es incompatible con mi trabajo como m\u00e9dico\u201d, expres\u00f3 Zetta mientras se retiraba del edificio municipal. Con tono ir\u00f3nico, agreg\u00f3: \u201cGracias, La Calera, por tanto\u201d. Tambi\u00e9n aclar\u00f3 que no qued\u00f3 sin empleo, ya que contin\u00faa realizando guardias m\u00e9dicas en otras localidades, como La Falda.<\/p>\n\n\n\n<p>En su mensaje, el m\u00e9dico cuestion\u00f3 el criterio adoptado por las autoridades y defendi\u00f3 la separaci\u00f3n entre la vida personal y el ejercicio profesional. \u201cLo importante es la calidad de la atenci\u00f3n, no lo que uno hace fuera del trabajo\u201d, afirm\u00f3, y subray\u00f3 que nunca produjo contenido en instituciones sanitarias ni durante su horario laboral.<\/p>\n\n\n\n<p>El caso gan\u00f3 mayor visibilidad tras ser difundido por la cuenta C\u00f3rdoba.Gay, que calific\u00f3 la situaci\u00f3n como un acto de discriminaci\u00f3n laboral y se\u00f1al\u00f3 la contradicci\u00f3n entre municipios: mientras en La Calera su actividad privada habr\u00eda sido considerada incompatible con la funci\u00f3n p\u00fablica, en otras ciudades su desempe\u00f1o profesional contin\u00faa siendo valorado sin objeciones.<\/p>\n\n\n\n<blockquote class=\"twitter-tweet\"><p lang=\"es\" dir=\"ltr\">\ud83d\udc68\u200d\ud83d\udd2c Un m\u00e9dico cordob\u00e9s Nicol\u00e1s Zetta denunci\u00f3 que fue apartado de un dispensario municipal de La Calera por tener una cuenta en OnlyFans. <br><br>Seg\u00fan relat\u00f3, la decisi\u00f3n no estuvo vinculada a su desempe\u00f1o profesional, sino a su actividad personal fuera del horario laboral. <a href=\"https:\/\/t.co\/oo4rsp17Qn\">pic.twitter.com\/oo4rsp17Qn<\/a><\/p>&mdash; ES RE VIRAL (@esreviral) <a href=\"https:\/\/twitter.com\/esreviral\/status\/2021652549573783921?ref_src=twsrc%5Etfw\">February 11, 2026<\/a><\/blockquote> <script async src=\"https:\/\/platform.twitter.com\/widgets.js\" charset=\"utf-8\"><\/script>\n\n\n\n<p><\/p>\n\n\n\n<p><strong><mark style=\"background-color:rgba(0, 0, 0, 0)\" class=\"has-inline-color has-vivid-red-color\">Qu\u00e9 respondi\u00f3 la municipalidad<\/mark><\/strong><\/p>\n\n\n\n<p>Fuentes cercanas al intendente y a la administraci\u00f3n de la Municipalidad de La Calera negaron que se haya tratado de un despido. En declaraciones a Perfil C\u00f3rdoba, indicaron que el v\u00ednculo laboral con Nicol\u00e1s Zetta finaliz\u00f3 en 2026 y que no se renov\u00f3 su contrato. \u201cSe trata de un agente de la salud al que no se le renov\u00f3 el contrato; todo se resolvi\u00f3 desde el \u00e1rea de Salud\u201d, explicaron.<\/p>\n\n\n\n<p>Desde el municipio se\u00f1alaron adem\u00e1s que la situaci\u00f3n se enmarca en un proceso de reestructuraci\u00f3n interna, coincidente con la finalizaci\u00f3n del v\u00ednculo contractual, lo que habr\u00eda generado el malentendido.<\/p>\n\n\n\n<p class=\"has-text-align-center\"><em><strong><em><strong><em><strong><em><strong><a href=\"https:\/\/t.me\/esreviral\">\u00daNETE A NUESTRO CANAL DE TELEGRAM PARA ESTAR INFORMADO<\/a><\/strong><\/em><\/strong><\/em><\/strong><\/em><\/strong><\/em><\/p>\n\n\n\n<p>El episodio reabri\u00f3 el debate sobre los l\u00edmites entre la vida privada y la funci\u00f3n p\u00fablica, la libertad individual y los criterios morales impl\u00edcitos en ciertas decisiones administrativas. La discusi\u00f3n, en este caso, no parece centrarse en la calidad profesional del m\u00e9dico \u2014que no fue cuestionada por las autoridades\u2014 sino en el tipo de vida personal que algunas instituciones consideran aceptable. Un debate que, m\u00e1s que jur\u00eddico, expone una tensi\u00f3n cultural.<\/p>\n\n\n\n<p class=\"has-text-align-right\"><strong><em>Con Informaci\u00f3n de perfil.com.-<\/em><\/strong><\/p>\n","protected":false},"excerpt":{"rendered":"<p>Nico Zetta asegur\u00f3 que fue apartado de su cargo en el sistema de salud municipal por su actividad en plataformas de contenido para adultos. Desde la Municipalidad negaron el despido y hablaron de una \u201cno renovaci\u00f3n de contrato\u201d por reestructuraci\u00f3n interna.<\/p>\n","protected":false},"author":3,"featured_media":87792,"comment_status":"closed","ping_status":"closed","sticky":false,"template":"","format":"standard","meta":{"jnews-multi-image_gallery":[],"jnews_single_post":{"format":"standard"},"jnews_primary_category":[],"jnews_social_meta":[],"jnews_review":[],"enable_review":"","type":"","name":"","summary":"","brand":"","sku":"","good":[],"bad":[],"score_override":"","override_value":"","rating":[],"price":[],"jnews_override_counter":[],"jnews_post_split":[],"footnotes":""},"categories":[43,58],"tags":[44,5136,39882,39884,39883,39885,1111],"class_list":["post-87791","post","type-post","status-publish","format-standard","has-post-thumbnail","hentry","category-actualidad","category-argentina","tag-argentina","tag-contrato","tag-cuenta-porno","tag-finalizacion","tag-la-calera","tag-medico-cordobes","tag-onlyfans"],"amp_enabled":true,"_links":{"self":[{"href":"https:\/\/esreviral.com\/index.php?rest_route=\/wp\/v2\/posts\/87791"}],"collection":[{"href":"https:\/\/esreviral.com\/index.php?rest_route=\/wp\/v2\/posts"}],"about":[{"href":"https:\/\/esreviral.com\/index.php?rest_route=\/wp\/v2\/types\/post"}],"author":[{"embeddable":true,"href":"https:\/\/esreviral.com\/index.php?rest_route=\/wp\/v2\/users\/3"}],"replies":[{"embeddable":true,"href":"https:\/\/esreviral.com\/index.php?rest_route=%2Fwp%2Fv2%2Fcomments&post=87791"}],"version-history":[{"count":2,"href":"https:\/\/esreviral.com\/index.php?rest_route=\/wp\/v2\/posts\/87791\/revisions"}],"predecessor-version":[{"id":87797,"href":"https:\/\/esreviral.com\/index.php?rest_route=\/wp\/v2\/posts\/87791\/revisions\/87797"}],"wp:featuredmedia":[{"embeddable":true,"href":"https:\/\/esreviral.com\/index.php?rest_route=\/wp\/v2\/media\/87792"}],"wp:attachment":[{"href":"https:\/\/esreviral.com\/index.php?rest_route=%2Fwp%2Fv2%2Fmedia&parent=87791"}],"wp:term":[{"taxonomy":"category","embeddable":true,"href":"https:\/\/esreviral.com\/index.php?rest_route=%2Fwp%2Fv2%2Fcategories&post=87791"},{"taxonomy":"post_tag","embeddable":true,"href":"https:\/\/esreviral.com\/index.php?rest_route=%2Fwp%2Fv2%2Ftags&post=87791"}],"curies":[{"name":"wp","href":"https:\/\/api.w.org\/{rel}","templated":true}]}}