{"id":87739,"date":"2026-02-10T15:06:32","date_gmt":"2026-02-10T20:06:32","guid":{"rendered":"https:\/\/esreviral.com\/?p=87739"},"modified":"2026-02-10T15:06:33","modified_gmt":"2026-02-10T20:06:33","slug":"como-funcionaran-los-colectivos-trenes-y-subte-el-miercoles-11-de-febrero","status":"publish","type":"post","link":"https:\/\/esreviral.com\/?p=87739","title":{"rendered":"\u00bfC\u00f3mo funcionar\u00e1n los colectivos, trenes y subte el mi\u00e9rcoles 11 de febrero?"},"content":{"rendered":"\n<p>La Confederaci\u00f3n General del Trabajo (CGT) convoc\u00f3 a una movilizaci\u00f3n contra la reforma laboral para este mi\u00e9rcoles 11 de febrero. En ese contexto, la Confederaci\u00f3n Argentina de Trabajadores del Transporte (CATT) anunci\u00f3 un cese de actividades que impactar\u00e1 en distintos <strong>servicios de transporte<\/strong>.<\/p>\n\n\n\n<p>Seg\u00fan explic\u00f3 Juan Carlos Schmid, titular de la CATT, la medida comenzar\u00e1 a las 13 y se implementar\u00e1 de manera diferenciada seg\u00fan cada actividad. \u201cVamos a declarar un cese de actividades a partir de las 13, que se organizar\u00e1 de forma adecuada en cada sector, tanto en el \u00e1mbito a\u00e9reo como en el mar\u00edtimo, portuario y en los subterr\u00e1neos\u201d, se\u00f1al\u00f3.<\/p>\n\n\n\n<p class=\"has-text-align-center\"><strong><a href=\"https:\/\/chat.whatsapp.com\/KWkTmakY3I05kNdd2oZl6d\"><em>\u00daNETE A NUESTRO GRUPO DE WHATSAPP PARA ESTAR INFORMADO<\/em><\/a><\/strong><\/p>\n\n\n\n<h3 class=\"wp-block-heading\"><strong><mark style=\"background-color:rgba(0, 0, 0, 0)\" class=\"has-inline-color has-vivid-red-color\">C\u00f3mo funcionar\u00e1n los colectivos, trenes y el subte<\/mark><\/strong><\/h3>\n\n\n\n<p>En principio, la Uni\u00f3n Tranviarios Automotor (UTA) confirm\u00f3 su adhesi\u00f3n a la movilizaci\u00f3n hacia el Congreso, aunque aclar\u00f3 que no realizar\u00e1 un paro de colectivos. De este modo, las unidades circular\u00e1n con normalidad en el \u00c1rea Metropolitana de Buenos Aires (AMBA).<\/p>\n\n\n\n<p>En tanto, el gremio ferroviario La Fraternidad no anunci\u00f3 medidas de fuerza para este mi\u00e9rcoles, por lo que los servicios de trenes operar\u00e1n con normalidad.<\/p>\n\n\n\n<p>Por su parte, la Asociaci\u00f3n Gremial de Trabajadores del Subte y Premetro (AGTSyP) inform\u00f3 mediante un comunicado que la medida de fuerza comenzar\u00e1 a las 21 y se extender\u00e1 hasta el final de la jornada, afectando a todas las l\u00edneas de subterr\u00e1neo y al Premetro.<\/p>\n\n\n\n<p class=\"has-text-align-center\"><em><strong><em><strong><em><strong><em><strong><a href=\"https:\/\/t.me\/esreviral\">\u00daNETE A NUESTRO CANAL DE TELEGRAM PARA ESTAR INFORMADO<\/a><\/strong><\/em><\/strong><\/em><\/strong><\/em><\/strong><\/em><\/p>\n\n\n\n<p>Adem\u00e1s, el paro alcanzar\u00e1 a los sectores portuario, mar\u00edtimo y a\u00e9reo.<\/p>\n\n\n\n<p class=\"has-text-align-right\"><strong><em>Con Informaci\u00f3n de TN.-<\/em><\/strong><\/p>\n","protected":false},"excerpt":{"rendered":"<p>Conoce los gremios que se adhieren al paro en contra de la reforma laboral.<\/p>\n","protected":false},"author":3,"featured_media":84511,"comment_status":"closed","ping_status":"closed","sticky":false,"template":"","format":"standard","meta":{"jnews-multi-image_gallery":[],"jnews_single_post":{"format":"standard"},"jnews_primary_category":[],"jnews_social_meta":[],"jnews_review":[],"enable_review":"","type":"","name":"","summary":"","brand":"","sku":"","good":[],"bad":[],"score_override":"","override_value":"","rating":[],"price":[],"jnews_override_counter":[],"jnews_post_split":[],"footnotes":""},"categories":[58],"tags":[44,2143,1387,39859,290,274,2125],"class_list":["post-87739","post","type-post","status-publish","format-standard","has-post-thumbnail","hentry","category-argentina","tag-argentina","tag-colectivos","tag-paro","tag-servicios-de-transporte","tag-subte","tag-transporte-publico","tag-trenes"],"amp_enabled":true,"_links":{"self":[{"href":"https:\/\/esreviral.com\/index.php?rest_route=\/wp\/v2\/posts\/87739"}],"collection":[{"href":"https:\/\/esreviral.com\/index.php?rest_route=\/wp\/v2\/posts"}],"about":[{"href":"https:\/\/esreviral.com\/index.php?rest_route=\/wp\/v2\/types\/post"}],"author":[{"embeddable":true,"href":"https:\/\/esreviral.com\/index.php?rest_route=\/wp\/v2\/users\/3"}],"replies":[{"embeddable":true,"href":"https:\/\/esreviral.com\/index.php?rest_route=%2Fwp%2Fv2%2Fcomments&post=87739"}],"version-history":[{"count":1,"href":"https:\/\/esreviral.com\/index.php?rest_route=\/wp\/v2\/posts\/87739\/revisions"}],"predecessor-version":[{"id":87740,"href":"https:\/\/esreviral.com\/index.php?rest_route=\/wp\/v2\/posts\/87739\/revisions\/87740"}],"wp:featuredmedia":[{"embeddable":true,"href":"https:\/\/esreviral.com\/index.php?rest_route=\/wp\/v2\/media\/84511"}],"wp:attachment":[{"href":"https:\/\/esreviral.com\/index.php?rest_route=%2Fwp%2Fv2%2Fmedia&parent=87739"}],"wp:term":[{"taxonomy":"category","embeddable":true,"href":"https:\/\/esreviral.com\/index.php?rest_route=%2Fwp%2Fv2%2Fcategories&post=87739"},{"taxonomy":"post_tag","embeddable":true,"href":"https:\/\/esreviral.com\/index.php?rest_route=%2Fwp%2Fv2%2Ftags&post=87739"}],"curies":[{"name":"wp","href":"https:\/\/api.w.org\/{rel}","templated":true}]}}