{"id":87666,"date":"2026-02-09T14:53:53","date_gmt":"2026-02-09T19:53:53","guid":{"rendered":"https:\/\/esreviral.com\/?p=87666"},"modified":"2026-02-09T15:19:47","modified_gmt":"2026-02-09T20:19:47","slug":"diosdado-cabello-dio-a-conocer-las-razones-por-las-que-secuestraron-nuevamente-a-guanipa","status":"publish","type":"post","link":"https:\/\/esreviral.com\/?p=87666","title":{"rendered":"Diosdado Cabello dio a conocer las razones por las que secuestraron nuevamente a Guanipa"},"content":{"rendered":"\n<p>Diosdado Cabello, se refiri\u00f3 a la reciente detenci\u00f3n del dirigente opositor Juan Pablo Guanipa y asegur\u00f3 que <strong>se produjo por el incumplimiento de las condiciones impuestas tras medidas previas de excarcelaci\u00f3n.<\/strong><br><\/p>\n\n\n\n<p>Cabello afirm\u00f3 que inicialmente el n\u00famero de personas detenidas hab\u00eda descendido, pero volvi\u00f3 a incrementarse luego de que, seg\u00fan dijo, algunos ciudadanos violaran las condiciones establecidas por las autoridades.<\/p>\n\n\n\n<p><strong>\u201cHoy no son 896, sino 897, porque una persona fue detenida nuevamente por incumplir esas condiciones\u201d, <\/strong>se\u00f1al\u00f3.<\/p>\n\n\n\n<blockquote class=\"twitter-tweet\" data-media-max-width=\"560\"><p lang=\"es\" dir=\"ltr\">\u00daLTIMA HORA | Diosdado Cabello afirma que Juan Pablo Guanipa fue secuestrado nuevamente por &quot;violar medidas cautelares&quot; y querer &quot;embochinchar&quot; el pa\u00eds <br><br>Dijo que las excarcelaciones son &quot;una oportunidad&quot; que otorga el narcor\u00e9gimen y dijo que van 897 excarcelaciones de presos\u2026 <a href=\"https:\/\/t.co\/TeURO1WjuA\">pic.twitter.com\/TeURO1WjuA<\/a><\/p>&mdash; Enler Garc\u00eda (@EnlerGarciaTV) <a href=\"https:\/\/twitter.com\/EnlerGarciaTV\/status\/2020935614565318822?ref_src=twsrc%5Etfw\">February 9, 2026<\/a><\/blockquote> <script async src=\"https:\/\/platform.twitter.com\/widgets.js\" charset=\"utf-8\"><\/script>\n\n\n\n<p>El dirigente oficialista sostuvo que las medidas otorgadas representan una oportunidad y advirti\u00f3 que no pueden ser utilizadas para actuar fuera del marco establecido.<\/p>\n\n\n\n<p>En ese contexto, cuestion\u00f3 a sectores pol\u00edticos que, a su juicio, act\u00faan como si estuvieran por encima de la ley y vulneran las normas relacionadas con la libertad concedida.<\/p>\n\n\n\n<p>Durante su intervenci\u00f3n, Cabello hizo una referencia hist\u00f3rica para reforzar su argumento, al recordar debates internos ocurridos en fechas emblem\u00e1ticas como el 4 de febrero y el 19 de abril. <strong>Se\u00f1al\u00f3 que en esos momentos se discutieron distintas v\u00edas de acci\u00f3n pol\u00edtica y que, tras votaciones internas, se decidi\u00f3 avanzar por la v\u00eda electoral.<\/strong><\/p>\n\n\n\n<p>En ese sentido, critic\u00f3 los llamados a la movilizaci\u00f3n de calle como mecanismo principal de acci\u00f3n pol\u00edtica y record\u00f3 que el fallecido presidente Hugo Ch\u00e1vez, en su momento, rechaz\u00f3 impulsar una Asamblea Constituyente de manera inmediata, privilegiando otros mecanismos pol\u00edticos.<\/p>\n\n\n\n<p>Las declaraciones de Cabello se producen en medio de un clima pol\u00edtico tenso y tras el anuncio de nuevas detenciones relacionadas con presuntos incumplimientos de medidas cautelares otorgadas a dirigentes opositores.<\/p>\n\n\n\n<p>NYP.-<\/p>\n","protected":false},"excerpt":{"rendered":"<p>Diosdado Cabello, se refiri\u00f3 a la reciente detenci\u00f3n del dirigente opositor Juan Pablo Guanipa y asegur\u00f3 que se produjo por el incumplimiento de las condiciones impuestas tras medidas previas de excarcelaci\u00f3n. Cabello afirm\u00f3 que inicialmente el n\u00famero de personas detenidas hab\u00eda descendido, pero volvi\u00f3 a incrementarse luego de que, seg\u00fan dijo, algunos ciudadanos violaran las [&hellip;]<\/p>\n","protected":false},"author":2,"featured_media":87668,"comment_status":"closed","ping_status":"closed","sticky":false,"template":"","format":"standard","meta":{"jnews-multi-image_gallery":[],"jnews_single_post":{"format":"standard"},"jnews_primary_category":[],"jnews_social_meta":[],"jnews_review":[],"enable_review":"","type":"","name":"","summary":"","brand":"","sku":"","good":[],"bad":[],"score_override":"","override_value":"","rating":[],"price":[],"jnews_override_counter":[],"jnews_post_split":[],"footnotes":""},"categories":[59,66],"tags":[381,30518,45,56],"class_list":["post-87666","post","type-post","status-publish","format-standard","has-post-thumbnail","hentry","category-politica","category-venezuela","tag-diosdado-cabello","tag-juan-pablo-guanipa","tag-noticias","tag-venezuela"],"amp_enabled":true,"_links":{"self":[{"href":"https:\/\/esreviral.com\/index.php?rest_route=\/wp\/v2\/posts\/87666"}],"collection":[{"href":"https:\/\/esreviral.com\/index.php?rest_route=\/wp\/v2\/posts"}],"about":[{"href":"https:\/\/esreviral.com\/index.php?rest_route=\/wp\/v2\/types\/post"}],"author":[{"embeddable":true,"href":"https:\/\/esreviral.com\/index.php?rest_route=\/wp\/v2\/users\/2"}],"replies":[{"embeddable":true,"href":"https:\/\/esreviral.com\/index.php?rest_route=%2Fwp%2Fv2%2Fcomments&post=87666"}],"version-history":[{"count":2,"href":"https:\/\/esreviral.com\/index.php?rest_route=\/wp\/v2\/posts\/87666\/revisions"}],"predecessor-version":[{"id":87679,"href":"https:\/\/esreviral.com\/index.php?rest_route=\/wp\/v2\/posts\/87666\/revisions\/87679"}],"wp:featuredmedia":[{"embeddable":true,"href":"https:\/\/esreviral.com\/index.php?rest_route=\/wp\/v2\/media\/87668"}],"wp:attachment":[{"href":"https:\/\/esreviral.com\/index.php?rest_route=%2Fwp%2Fv2%2Fmedia&parent=87666"}],"wp:term":[{"taxonomy":"category","embeddable":true,"href":"https:\/\/esreviral.com\/index.php?rest_route=%2Fwp%2Fv2%2Fcategories&post=87666"},{"taxonomy":"post_tag","embeddable":true,"href":"https:\/\/esreviral.com\/index.php?rest_route=%2Fwp%2Fv2%2Ftags&post=87666"}],"curies":[{"name":"wp","href":"https:\/\/api.w.org\/{rel}","templated":true}]}}