{"id":87662,"date":"2026-02-09T14:19:21","date_gmt":"2026-02-09T19:19:21","guid":{"rendered":"https:\/\/esreviral.com\/?p=87662"},"modified":"2026-02-09T14:19:22","modified_gmt":"2026-02-09T19:19:22","slug":"amenazan-con-un-paro-de-colectivos-en-las-provincias-si-no-hay-acuerdo-salarial","status":"publish","type":"post","link":"https:\/\/esreviral.com\/?p=87662","title":{"rendered":"Amenazan con un paro de colectivos en las provincias si no hay acuerdo salarial"},"content":{"rendered":"\n<p>La Uni\u00f3n Tranviarios Automotor (UTA) advirti\u00f3 este lunes sobre <em><strong>\u201cla situaci\u00f3n que atraviesan las provincias<\/strong><\/em>\u201d y anunci\u00f3 que, si este martes las empresas no cumplen con un acuerdo salarial similar al alcanzado en el \u00c1rea Metropolitana de Buenos Aires (AMBA), el mi\u00e9rcoles se llevar\u00e1 a cabo una medida de fuerza consistente en un paro de colectivos en todas las provincias del interior del pa\u00eds.<\/p>\n\n\n\n<p>\u201cResulta sorprendente que debamos reiterar que, en aquellas provincias que no cuentan con una hoja de ruta definida, el an\u00e1lisis se limita \u00fanicamente a cuestiones financieras o de caja\u201d, se\u00f1ala el comunicado difundido en las redes sociales del gremio que conduce Roberto Fern\u00e1ndez.<\/p>\n\n\n\n<p class=\"has-text-align-center\"><strong><a href=\"https:\/\/chat.whatsapp.com\/KWkTmakY3I05kNdd2oZl6d\"><em>\u00daNETE A NUESTRO GRUPO DE WHATSAPP PARA ESTAR INFORMADO<\/em><\/a><\/strong><\/p>\n\n\n\n<blockquote class=\"twitter-tweet\"><p lang=\"es\" dir=\"ltr\">Alerta para todas las provincias. <a href=\"https:\/\/t.co\/28WZ70GiBl\">pic.twitter.com\/28WZ70GiBl<\/a><\/p>&mdash; utaargentina (@utaargentina) <a href=\"https:\/\/twitter.com\/utaargentina\/status\/2020873138167329095?ref_src=twsrc%5Etfw\">February 9, 2026<\/a><\/blockquote> <script async src=\"https:\/\/platform.twitter.com\/widgets.js\" charset=\"utf-8\"><\/script>\n\n\n\n<p><\/p>\n\n\n\n<p>Desde la UTA remarcaron las diferencias con el AMBA y cuestionaron la postura de los empresarios del transporte del interior, quienes \u2014seg\u00fan indicaron\u2014 se limitan a argumentar que los recursos son insuficientes, pese a que los boletos tienen valores superiores a los del \u00e1rea metropolitana. \u201cDebe tenerse presente que, en todo momento, hemos procurado la paz social y la tranquilidad de todos los sectores\u201d, a\u00f1adieron.<\/p>\n\n\n\n<p>El sindicato mantiene desde fines de enero reuniones con las c\u00e1maras empresariales del transporte p\u00fablico para avanzar en las negociaciones salariales. En el AMBA, la semana pasada se hab\u00eda anunciado una posible medida de fuerza que finalmente qued\u00f3 desactivada el viernes 30 de enero, luego de que se alcanzara un acuerdo en la Secretar\u00eda de Trabajo. El entendimiento contempla aumentos del 4%, distribuidos en tres tramos: 1,4% en enero, 1,3% en febrero y 1,3% en marzo.<\/p>\n\n\n\n<p>Ahora, los trabajadores advierten que, si ese mismo acuerdo no se cumple en las provincias del interior antes de este martes 10 de febrero, el mi\u00e9rcoles se concretar\u00e1 el paro.<\/p>\n\n\n\n<p>La semana pasada, Roberto Fern\u00e1ndez alert\u00f3 en di\u00e1logo con Clar\u00edn sobre la cr\u00edtica situaci\u00f3n que atraviesa el transporte p\u00fablico de colectivos y sostuvo que la eliminaci\u00f3n de los subsidios al sector podr\u00eda ser una alternativa para evitar un mayor deterioro del servicio. \u201cEs un momento muy dif\u00edcil. Discutimos salarios con los empresarios, pero es el Gobierno el que tiene el acuerdo con ellos. Dependemos de lo que el Gobierno aporta, y los empresarios responden: \u2018te pago si me pagan\u2019. Ese es el juego en el que estamos\u201d, afirm\u00f3.<\/p>\n\n\n\n<p class=\"has-text-align-center\"><em><strong><em><strong><em><strong><em><strong><a href=\"https:\/\/t.me\/esreviral\">\u00daNETE A NUESTRO CANAL DE TELEGRAM PARA ESTAR INFORMADO<\/a><\/strong><\/em><\/strong><\/em><\/strong><\/em><\/strong><\/em><\/p>\n\n\n\n<p>En ese contexto, el dirigente se\u00f1al\u00f3 que los trabajadores del transporte son quienes enfrentan diariamente el malestar de los usuarios. \u201cSomos los que discutimos con los pasajeros todos los d\u00edas, los que escuchamos las quejas. Los boletos aumentan casi todos los meses, los colectivos no cumplen los horarios y esa bronca se descarga sobre los trabajadores. Lo m\u00e1s lamentable es que cada vez hay menos personal, muchos se est\u00e1n yendo constantemente\u201d, concluy\u00f3.<\/p>\n\n\n\n<p class=\"has-text-align-right\"><strong><em>Con Informaci\u00f3n de Clarin.-<\/em><\/strong><\/p>\n","protected":false},"excerpt":{"rendered":"<p>La Uni\u00f3n Tranviarios Automotor les dio un ultim\u00e1tum a las empresas.<br \/>\nLes piden replicar el acuerdo alcanzado en el AMBA, donde desactivaron la posibilidad de una medida de fuerza.<\/p>\n","protected":false},"author":3,"featured_media":87664,"comment_status":"closed","ping_status":"closed","sticky":false,"template":"","format":"standard","meta":{"jnews-multi-image_gallery":[],"jnews_single_post":{"format":"standard"},"jnews_primary_category":[],"jnews_social_meta":[],"jnews_review":[],"enable_review":"","type":"","name":"","summary":"","brand":"","sku":"","good":[],"bad":[],"score_override":"","override_value":"","rating":[],"price":[],"jnews_override_counter":[],"jnews_post_split":[],"footnotes":""},"categories":[58,59],"tags":[3343,4919],"class_list":["post-87662","post","type-post","status-publish","format-standard","has-post-thumbnail","hentry","category-argentina","category-politica","tag-paro-de-colectivos","tag-union-tranviarios-automotor"],"amp_enabled":true,"_links":{"self":[{"href":"https:\/\/esreviral.com\/index.php?rest_route=\/wp\/v2\/posts\/87662"}],"collection":[{"href":"https:\/\/esreviral.com\/index.php?rest_route=\/wp\/v2\/posts"}],"about":[{"href":"https:\/\/esreviral.com\/index.php?rest_route=\/wp\/v2\/types\/post"}],"author":[{"embeddable":true,"href":"https:\/\/esreviral.com\/index.php?rest_route=\/wp\/v2\/users\/3"}],"replies":[{"embeddable":true,"href":"https:\/\/esreviral.com\/index.php?rest_route=%2Fwp%2Fv2%2Fcomments&post=87662"}],"version-history":[{"count":1,"href":"https:\/\/esreviral.com\/index.php?rest_route=\/wp\/v2\/posts\/87662\/revisions"}],"predecessor-version":[{"id":87665,"href":"https:\/\/esreviral.com\/index.php?rest_route=\/wp\/v2\/posts\/87662\/revisions\/87665"}],"wp:featuredmedia":[{"embeddable":true,"href":"https:\/\/esreviral.com\/index.php?rest_route=\/wp\/v2\/media\/87664"}],"wp:attachment":[{"href":"https:\/\/esreviral.com\/index.php?rest_route=%2Fwp%2Fv2%2Fmedia&parent=87662"}],"wp:term":[{"taxonomy":"category","embeddable":true,"href":"https:\/\/esreviral.com\/index.php?rest_route=%2Fwp%2Fv2%2Fcategories&post=87662"},{"taxonomy":"post_tag","embeddable":true,"href":"https:\/\/esreviral.com\/index.php?rest_route=%2Fwp%2Fv2%2Ftags&post=87662"}],"curies":[{"name":"wp","href":"https:\/\/api.w.org\/{rel}","templated":true}]}}