{"id":87621,"date":"2026-02-09T07:03:46","date_gmt":"2026-02-09T12:03:46","guid":{"rendered":"https:\/\/esreviral.com\/?p=87621"},"modified":"2026-02-09T07:18:02","modified_gmt":"2026-02-09T12:18:02","slug":"machado-denuncio-secuestro-de-guanipa-tras-su-liberacion","status":"publish","type":"post","link":"https:\/\/esreviral.com\/?p=87621","title":{"rendered":"MP revoc\u00f3 excarcelaci\u00f3n de Juan Pablo Guanipa y le impuso detenci\u00f3n domiciliaria"},"content":{"rendered":"\n<p>El <strong>Ministerio P\u00fablico<\/strong> inform\u00f3 este lunes <strong>que revoc\u00f3 la excarcelaci\u00f3n del dirigente opositor Juan Pablo Guanipa, quien fue detenido pocas horas despu\u00e9s de haber salido de prisi\u00f3n, y solicit\u00f3 que sea sometido a un r\u00e9gimen de detenci\u00f3n domiciliaria.<\/strong><\/p>\n\n\n\n<p>Seg\u00fan indic\u00f3 la Fiscal\u00eda en un comunicado, la medida fue solicitada ante un tribunal tras \u201c<strong><em>verificar el incumplimiento de las condiciones\u201d <\/em><\/strong>impuestas en la excarcelaci\u00f3n. \u201c<strong><em>Las medidas cautelares acordadas por los tribunales est\u00e1n condicionadas al cumplimiento estricto de las obligaciones impuestas\u201d, <\/em><\/strong>advirti\u00f3 el organismo, que pidi\u00f3 el traslado de Guanipa a detenci\u00f3n domiciliaria.<\/p>\n\n\n\n<p class=\"has-text-align-center\"><strong><a href=\"https:\/\/chat.whatsapp.com\/KWkTmakY3I05kNdd2oZl6d\"><em>\u00daNETE A NUESTRO GRUPO DE WHATSAPP PARA ESTAR INFORMADO<\/em><\/a><\/strong><\/p>\n\n\n\n<p><\/p>\n\n\n\n<figure class=\"wp-block-image size-large\"><img decoding=\"async\" src=\"https:\/\/elnacional-uploads.nyc3.digitaloceanspaces.com\/wp-content\/uploads\/2026\/02\/09054151\/75fb800e-d555-4558-9721-60771a1ee755.jpg\" alt=\"\"\/><\/figure>\n\n\n\n<p>La decisi\u00f3n se conoci\u00f3 luego de que la l\u00edder opositora y Premio Nobel de la Paz 2025, Mar\u00eda Corina Machado, denunciara en la medianoche del lunes que \u201c<strong><em>hombres fuertemente armados\u201d<\/em><\/strong> se hab\u00edan llevado a Guanipa, pocas horas despu\u00e9s de su liberaci\u00f3n, tras permanecer detenido desde mayo de 2025.<\/p>\n\n\n\n<p><strong><em>\u201cHombres fuertemente armados, vestidos de civil, llegaron en cuatro veh\u00edculos y violentamente se lo llevaron. Exigimos su liberaci\u00f3n inmediata\u201d,<\/em><\/strong> escribi\u00f3 Machado en su cuenta de X.<\/p>\n\n\n\n<p>Por su parte, <strong>Ram\u00f3n Enrique Guanipa, hijo del dirigente opositor<\/strong>, asegur\u00f3 que un grupo de \u201c<strong><em>aproximadamente diez personas no identificadas\u201d <\/em><\/strong>intercept\u00f3 y \u201csecuestr\u00f3\u201d a su padre cuando se encontraba en una actividad cerca de las 11:45 de la noche. \u201c<strong><em>Estaban fuertemente armados, no ten\u00edan ning\u00fan tipo de identificaci\u00f3n, apuntaron a todos y se llevaron a mi padre<\/em><\/strong>\u201d, denunci\u00f3 en un video difundido en redes sociales. Adem\u00e1s, exigi\u00f3 una fe de vida inmediata y responsabiliz\u00f3 al Estado venezolano por lo que pueda ocurrirle durante esta nueva detenci\u00f3n.<\/p>\n\n\n\n<h3 class=\"wp-block-heading\"><strong><mark style=\"background-color:rgba(0, 0, 0, 0)\" class=\"has-inline-color has-vivid-red-color\">Las medidas cautelares de Juan Pablo Guanipa<\/mark><\/strong><\/h3>\n\n\n\n<p>La&nbsp;<strong>boleta de excarcelaci\u00f3n de Guanipa fue emitida el s\u00e1bado 7 de febrero&nbsp;<\/strong>por parte del Juzgado Especial Primero con competencia en terrorismo. El documento se dirige al director del Rodeo I para solicitar la&nbsp;<strong>excarcelaci\u00f3n del dirigente bajo ciertas condiciones<\/strong>.&nbsp;<\/p>\n\n\n\n<p>El tribunal explica que el caso se someti\u00f3 a revisi\u00f3n y conforme a la pautado en el&nbsp;<strong>art\u00edculo 250 del C\u00f3digo Org\u00e1nico Procesal Penal<\/strong>&nbsp;se acord\u00f3 una&nbsp;<strong>medida sustitutiva de libertad&nbsp;<\/strong>para Guanipa, con&nbsp;<strong>r\u00e9gimen de presentaci\u00f3n cada 30 d\u00edas y prohibici\u00f3n de salida del pa\u00eds.<\/strong>&nbsp;<\/p>\n\n\n\n<p>Ante lo expuesto en la boleta de excarcelaci\u00f3n, la&nbsp;<strong>familia de Guanipa rechaz\u00f3 la nueva detenci\u00f3n al asegurar que no viol\u00f3 ninguna de las medidas cautelares<\/strong>&nbsp;impuestas por el tribunal.&nbsp;<\/p>\n\n\n\n<p>Antes de que el MP emitiera el comunicado, el hijo de Juan Pablo Guanipa, Ram\u00f3n Enrique Guanipa,\u00a0denunci\u00f3 las condiciones en las que su pap\u00e1 fue nuevamente encarcelado.\u00a0<\/p>\n\n\n\n<p class=\"has-text-align-center\"><em><strong><em><strong><em><strong><em><strong><a href=\"https:\/\/t.me\/esreviral\">\u00daNETE A NUESTRO CANAL DE TELEGRAM PARA ESTAR INFORMADO<\/a><\/strong><\/em><\/strong><\/em><\/strong><\/em><\/strong><\/em><\/p>\n\n\n\n<p>\u201cMi padre, Juan Pablo Guanipa, se encontraba en una actividades a las 11:45 de la noche cuando\u00a0<strong>fue emboscado por aproximadamente 10 funcionarios que no ten\u00edan ning\u00fan tipo de identificaci\u00f3n, apuntaron, estaban fuertemente armados y se llevaron a mi padre\u201d<\/strong>, explic\u00f3 en un\u00a0video publicado en redes sociales.\u00a0<\/p>\n\n\n\n<p>Asimismo, Ram\u00f3n Enrique&nbsp;<strong>exigi\u00f3 una fe de vida&nbsp;<\/strong>de Juan Pablo Guanipa y responsabiliz\u00f3 al Estado Venezolno de lo que pueda sucederle en esta nueva detenci\u00f3n.<\/p>\n\n\n\n<p class=\"has-text-align-right\"><strong><em>Con Informaci\u00f3n de ElNacional y El Diario.-<\/em><\/strong><\/p>\n","protected":false},"excerpt":{"rendered":"<p>La Fiscal\u00eda asegur\u00f3 que solicit\u00f3 ante un tribunal revocar \u00abla medida cautelar\u00bb acordada al opositor tras haber \u201cverificado el incumplimiento de las condiciones\u00bb impuestas por las autoridades judiciales<\/p>\n","protected":false},"author":3,"featured_media":87622,"comment_status":"closed","ping_status":"closed","sticky":false,"template":"","format":"standard","meta":{"jnews-multi-image_gallery":[],"jnews_single_post":{"format":"standard"},"jnews_primary_category":[],"jnews_social_meta":[],"jnews_review":[],"enable_review":"","type":"","name":"","summary":"","brand":"","sku":"","good":[],"bad":[],"score_override":"","override_value":"","rating":[],"price":[],"jnews_override_counter":[],"jnews_post_split":[],"footnotes":""},"categories":[59,66],"tags":[39794,30518,3265,182,45,56],"class_list":["post-87621","post","type-post","status-publish","format-standard","has-post-thumbnail","hentry","category-politica","category-venezuela","tag-detencion-domiciliaria","tag-juan-pablo-guanipa","tag-maria-corina-machado-2","tag-ministerio-publico","tag-noticias","tag-venezuela"],"amp_enabled":true,"_links":{"self":[{"href":"https:\/\/esreviral.com\/index.php?rest_route=\/wp\/v2\/posts\/87621"}],"collection":[{"href":"https:\/\/esreviral.com\/index.php?rest_route=\/wp\/v2\/posts"}],"about":[{"href":"https:\/\/esreviral.com\/index.php?rest_route=\/wp\/v2\/types\/post"}],"author":[{"embeddable":true,"href":"https:\/\/esreviral.com\/index.php?rest_route=\/wp\/v2\/users\/3"}],"replies":[{"embeddable":true,"href":"https:\/\/esreviral.com\/index.php?rest_route=%2Fwp%2Fv2%2Fcomments&post=87621"}],"version-history":[{"count":3,"href":"https:\/\/esreviral.com\/index.php?rest_route=\/wp\/v2\/posts\/87621\/revisions"}],"predecessor-version":[{"id":87628,"href":"https:\/\/esreviral.com\/index.php?rest_route=\/wp\/v2\/posts\/87621\/revisions\/87628"}],"wp:featuredmedia":[{"embeddable":true,"href":"https:\/\/esreviral.com\/index.php?rest_route=\/wp\/v2\/media\/87622"}],"wp:attachment":[{"href":"https:\/\/esreviral.com\/index.php?rest_route=%2Fwp%2Fv2%2Fmedia&parent=87621"}],"wp:term":[{"taxonomy":"category","embeddable":true,"href":"https:\/\/esreviral.com\/index.php?rest_route=%2Fwp%2Fv2%2Fcategories&post=87621"},{"taxonomy":"post_tag","embeddable":true,"href":"https:\/\/esreviral.com\/index.php?rest_route=%2Fwp%2Fv2%2Ftags&post=87621"}],"curies":[{"name":"wp","href":"https:\/\/api.w.org\/{rel}","templated":true}]}}