{"id":87607,"date":"2026-02-07T06:09:41","date_gmt":"2026-02-07T11:09:41","guid":{"rendered":"https:\/\/esreviral.com\/?p=87607"},"modified":"2026-02-07T06:11:04","modified_gmt":"2026-02-07T11:11:04","slug":"ley-amnistia-y-seguridad-ciudadana-entre-la-pacificacion-democratica-y-el-reto-del-estado-de-derecho","status":"publish","type":"post","link":"https:\/\/esreviral.com\/?p=87607","title":{"rendered":"Ley amnist\u00eda y Seguridad Ciudadana: Entre la pacificaci\u00f3n democr\u00e1tica y el reto del Estado de Derecho"},"content":{"rendered":"\n<p>El abordaje actual sobre una Ley de Amnist\u00eda en Venezuela aprobada en su primera discusion en la Asamblea Nacional, ha estado tradicionalmente asociada al debate pol\u00edtico y a la reinstitucionalizaci\u00f3n democr\u00e1tica. Sin embargo, uno de los aspectos menos explorados \u2014y quiz\u00e1 m\u00e1s sensibles para la poblaci\u00f3n\u2014 es su impacto directo e indirecto en la seguridad ciudadana, entendida no solo como control del delito, sino como garant\u00eda de convivencia, confianza institucional y paz social.<\/p>\n\n\n\n<p class=\"has-text-align-center\"><strong><a href=\"https:\/\/chat.whatsapp.com\/KWkTmakY3I05kNdd2oZl6d\"><em>\u00daNETE A NUESTRO GRUPO DE WHATSAPP PARA ESTAR INFORMADO<\/em><\/a><\/strong><\/p>\n\n\n\n<p><br>Desde una perspectiva constitucional, la amnist\u00eda es una herramienta leg\u00edtima del poder legislativo, prevista en el art\u00edculo 187.5 de la Constituci\u00f3n( CRBV) siempre que respete l\u00edmites claros, como la prohibici\u00f3n absoluta de amnistiar cr\u00edmenes de lesa humanidad. El proyecto analizado cumple formalmente con este marco. No obstante, su verdadera trascendencia se mide en el terreno social: \u00bfcontribuye o no a mejorar la seguridad ciudadana?<br>En primer lugar, la ley puede tener un efecto positivo en la seguridad democr\u00e1tica. Al despenalizar conductas pol\u00edticas y de protesta que fueron criminalizadas, reduce el uso del aparato penal como mecanismo de control social. Esto libera a los cuerpos de seguridad y al sistema de justicia de tareas represivas impropias de una democracia, permiti\u00e9ndoles concentrarse en su funci\u00f3n esencial: la prevenci\u00f3n y persecuci\u00f3n del delito com\u00fan. En este sentido, una amnist\u00eda bien aplicada despolitiza la seguridad y la devuelve a su cauce natural.<\/p>\n\n\n\n<p><br>En segundo t\u00e9rmino, la liberaci\u00f3n de presos pol\u00edticos y el retorno seguro de exiliados contribuyen a disminuir la conflictividad latente. El miedo, la persecuci\u00f3n y la exclusi\u00f3n generan tensiones sociales que, a largo plazo, se traducen en violencia estructural. La amnist\u00eda, al humanizar el conflicto pol\u00edtico, reduce esos factores de riesgo y favorece un clima de convivencia, condici\u00f3n indispensable para cualquier pol\u00edtica eficaz de seguridad ciudadana.<\/p>\n\n\n\n<p><br>No obstante, existen riesgos que no pueden ignorarse. Una amnist\u00eda percibida como excesivamente amplia o aplicada sin criterios claros puede generar en la ciudadan\u00eda una sensaci\u00f3n de impunidad. Si no se comunica adecuadamente la diferencia entre delitos pol\u00edticos y delitos comunes, se corre el riesgo de erosionar la confianza en el sistema de justicia y, con ello, debilitar la cooperaci\u00f3n ciudadana con las instituciones de seguridad.<br>Asimismo, la eliminaci\u00f3n autom\u00e1tica de sanciones administrativas e inhabilitaciones, sin mecanismos rigurosos de verificaci\u00f3n, puede afectar la credibilidad del control estatal. La seguridad ciudadana no solo depende de menos represi\u00f3n, sino tambi\u00e9n de reglas claras, justicia predecible y responsabilidad institucional.<\/p>\n\n\n\n<p><br>En balance, la Ley de Amnist\u00eda puede fortalecer la seguridad ciudadana en un sentido democr\u00e1tico, al reducir la persecuci\u00f3n pol\u00edtica, reconstruir la confianza y descomprimir el conflicto social. Pero su impacto positivo no es autom\u00e1tico ni garantizado. Requiere acompa\u00f1arse de reformas profundas del sistema judicial, profesionalizaci\u00f3n de los cuerpos de seguridad y pol\u00edticas p\u00fablicas orientadas a la prevenci\u00f3n del delito.<\/p>\n\n\n\n<p class=\"has-text-align-center\"><em><strong><em><strong><em><strong><em><strong><a href=\"https:\/\/t.me\/esreviral\">\u00daNETE A NUESTRO CANAL DE TELEGRAM PARA ESTAR INFORMADO<\/a><\/strong><\/em><\/strong><\/em><\/strong><\/em><\/strong><\/em><\/p>\n\n\n\n<p><br>En definitiva, la amnist\u00eda no es una pol\u00edtica de seguridad en s\u00ed misma, pero s\u00ed puede crear las condiciones pol\u00edticas y sociales para que una verdadera seguridad ciudadana \u2014humana, democr\u00e1tica y respetuosa de los derechos\u2014 sea finalmente posible. Sin esas reformas estructurales, la amnist\u00eda ser\u00e1 solo una tregua; con ellas, puede convertirse en un punto de inflexi\u00f3n hacia la paz social y el Estado de Derecho.<\/p>\n\n\n\n<p class=\"has-text-align-right\"><strong><em>Braulio Seijas.-<\/em><\/strong><\/p>\n","protected":false},"excerpt":{"rendered":"<p>El abordaje actual sobre una Ley de Amnist\u00eda en Venezuela aprobada en su primera discusion en la Asamblea Nacional, ha estado tradicionalmente asociada al debate pol\u00edtico y a la reinstitucionalizaci\u00f3n democr\u00e1tica. Sin embargo, uno de los aspectos menos explorados \u2014y quiz\u00e1 m\u00e1s sensibles para la poblaci\u00f3n\u2014 es su impacto directo e indirecto en la seguridad [&hellip;]<\/p>\n","protected":false},"author":3,"featured_media":76163,"comment_status":"closed","ping_status":"closed","sticky":false,"template":"","format":"standard","meta":{"jnews-multi-image_gallery":[],"jnews_single_post":{"format":"standard"},"jnews_primary_category":[],"jnews_social_meta":[],"jnews_review":[],"enable_review":"","type":"","name":"","summary":"","brand":"","sku":"","good":[],"bad":[],"score_override":"","override_value":"","rating":[],"price":[],"jnews_override_counter":[],"jnews_post_split":[],"footnotes":""},"categories":[137],"tags":[39783,39782,45],"class_list":["post-87607","post","type-post","status-publish","format-standard","has-post-thumbnail","hentry","category-opinion","tag-estado-de-derecho","tag-ley-amnistia","tag-noticias"],"amp_enabled":true,"_links":{"self":[{"href":"https:\/\/esreviral.com\/index.php?rest_route=\/wp\/v2\/posts\/87607"}],"collection":[{"href":"https:\/\/esreviral.com\/index.php?rest_route=\/wp\/v2\/posts"}],"about":[{"href":"https:\/\/esreviral.com\/index.php?rest_route=\/wp\/v2\/types\/post"}],"author":[{"embeddable":true,"href":"https:\/\/esreviral.com\/index.php?rest_route=\/wp\/v2\/users\/3"}],"replies":[{"embeddable":true,"href":"https:\/\/esreviral.com\/index.php?rest_route=%2Fwp%2Fv2%2Fcomments&post=87607"}],"version-history":[{"count":1,"href":"https:\/\/esreviral.com\/index.php?rest_route=\/wp\/v2\/posts\/87607\/revisions"}],"predecessor-version":[{"id":87608,"href":"https:\/\/esreviral.com\/index.php?rest_route=\/wp\/v2\/posts\/87607\/revisions\/87608"}],"wp:featuredmedia":[{"embeddable":true,"href":"https:\/\/esreviral.com\/index.php?rest_route=\/wp\/v2\/media\/76163"}],"wp:attachment":[{"href":"https:\/\/esreviral.com\/index.php?rest_route=%2Fwp%2Fv2%2Fmedia&parent=87607"}],"wp:term":[{"taxonomy":"category","embeddable":true,"href":"https:\/\/esreviral.com\/index.php?rest_route=%2Fwp%2Fv2%2Fcategories&post=87607"},{"taxonomy":"post_tag","embeddable":true,"href":"https:\/\/esreviral.com\/index.php?rest_route=%2Fwp%2Fv2%2Ftags&post=87607"}],"curies":[{"name":"wp","href":"https:\/\/api.w.org\/{rel}","templated":true}]}}