{"id":87592,"date":"2026-02-07T06:16:53","date_gmt":"2026-02-07T11:16:53","guid":{"rendered":"https:\/\/esreviral.com\/?p=87592"},"modified":"2026-02-07T06:16:54","modified_gmt":"2026-02-07T11:16:54","slug":"carrera-de-campeones-el-evento-que-busca-llevar-al-trail-running-venezolano-a-la-elite-mundial","status":"publish","type":"post","link":"https:\/\/esreviral.com\/?p=87592","title":{"rendered":"\u201cCarrera de Campeones\u201d: el evento que busca llevar al trail running venezolano a la \u00e9lite mundial"},"content":{"rendered":"\n<p><strong>KQA.-<\/strong> Con el objetivo de proyectar a los mejores <strong>corredores de monta\u00f1a de Venezuela<\/strong> hacia escenarios internacionales, nace la <strong>\u201cCarrera de Campeones\u201d<\/strong>, una competencia de trail running que reunir\u00e1 a los principales atletas \u00e9lite del pa\u00eds en un formato clasificatorio sin precedentes.<\/p>\n\n\n\n<p>El evento es dirigido por <strong>Guilmer Eligio S\u00e1nchez S\u00e1nchez<\/strong>, atleta \u00e9lite venezolano y miembro de la Selecci\u00f3n Nacional de Trail Running desde 2019 hasta 2022., quien adem\u00e1s asume la coordinaci\u00f3n general y deportiva de la competencia.<\/p>\n\n\n\n<p class=\"has-text-align-center\"><strong><a href=\"https:\/\/chat.whatsapp.com\/KWkTmakY3I05kNdd2oZl6d\"><em>\u00daNETE A NUESTRO GRUPO DE WHATSAPP PARA ESTAR INFORMADO<\/em><\/a><\/strong><\/p>\n\n\n\n<h3 class=\"wp-block-heading\"><strong><mark style=\"background-color:rgba(0, 0, 0, 0)\" class=\"has-inline-color has-vivid-red-color\">Un clasificatorio con proyecci\u00f3n internacional<\/mark><\/strong><\/h3>\n\n\n\n<p>La carrera surge bajo una visi\u00f3n clara: identificar y preparar a los mejores exponentes del trail running nacional para competir en el exterior.<\/p>\n\n\n\n<p>De acuerdo con la organizaci\u00f3n, esta ser\u00e1 la primera edici\u00f3n oficial, aunque el formato de clasificaci\u00f3n se desarrolla desde 2023, alineado con procesos de selecci\u00f3n para competencias internacionales como <strong>Sierre-Zinal<\/strong>, en Suiza.<\/p>\n\n\n\n<p>Este circuito internacional selecciona ganadores en 13 pa\u00edses y otorga a los campeones absolutos \u2014masculino y femenino\u2014 pasajes ida y vuelta, hospedaje e inscripciones para las prestigiosas pruebas <strong>Sierre-Zinal<\/strong> y <strong>Thyon Dixence<\/strong>.<\/p>\n\n\n\n<h3 class=\"wp-block-heading\"><strong><mark style=\"background-color:rgba(0, 0, 0, 0)\" class=\"has-inline-color has-vivid-red-color\">Recorrido entre playa, r\u00edos y monta\u00f1a<\/mark><\/strong><\/h3>\n\n\n\n<p>La competencia se realizar\u00e1 en Venezuela, con salida desde <strong>Playa Conoma<\/strong>, en el municipio Guanta del estado Anzo\u00e1tegui, y llegada en los <strong>Altos de Sucre<\/strong>, atravesando distintos ecosistemas.<\/p>\n\n\n\n<p>El recorrido tendr\u00e1:<\/p>\n\n\n\n<ul class=\"wp-block-list\">\n<li><strong>30 kil\u00f3metros de distancia<\/strong><\/li>\n\n\n\n<li><strong>2.065 metros de desnivel positivo<\/strong><\/li>\n\n\n\n<li>Terreno h\u00famedo y t\u00e9cnico<\/li>\n\n\n\n<li>Temperaturas entre 28 y 35 \u00b0C<\/li>\n<\/ul>\n\n\n\n<p><\/p>\n\n\n\n<p>La ruta incluye tramos de playa, monta\u00f1a y r\u00edos, lo que exige una planificaci\u00f3n estrat\u00e9gica por parte de los atletas. Adem\u00e1s, fue dise\u00f1ada para asemejarse en distancia y desnivel a la exigente Sierre-Zinal.<\/p>\n\n\n\n<h3 class=\"wp-block-heading\"><strong><mark style=\"background-color:rgba(0, 0, 0, 0)\" class=\"has-inline-color has-vivid-red-color\">Un evento cerrado con los mejores del pa\u00eds<\/mark><\/strong><\/h3>\n\n\n\n<p>A diferencia de otras competencias, \u201cCarrera de Campeones\u201d ser\u00e1 un <strong>clasificatorio nacional cerrado e invitacional<\/strong>.<\/p>\n\n\n\n<p>Participar\u00e1n \u00fanicamente corredores con podios absolutos en carreras de monta\u00f1a durante 2025 y en eventos CAF2025 con desempe\u00f1o destacado.<\/p>\n\n\n\n<p>En total, fueron invitados alrededor de <strong>60 atletas \u00e9lite<\/strong>, por lo que no habr\u00e1 inscripciones abiertas al p\u00fablico general.<\/p>\n\n\n\n<h3 class=\"wp-block-heading\"><strong><mark style=\"background-color:rgba(0, 0, 0, 0)\" class=\"has-inline-color has-vivid-red-color\">Impacto deportivo y tur\u00edstico<\/mark><\/strong><\/h3>\n\n\n\n<p>La organizaci\u00f3n busca establecer un nuevo est\u00e1ndar de exigencia y profesionalismo en el trail running venezolano, adem\u00e1s de posicionar al estado Anzo\u00e1tegui como sede de turismo deportivo.<\/p>\n\n\n\n<p>El evento aspira a generar flujo tur\u00edstico, visibilidad internacional y consolidar una base de atletas de alto rendimiento.<\/p>\n\n\n\n<h3 class=\"wp-block-heading\"><strong><mark style=\"background-color:rgba(0, 0, 0, 0)\" class=\"has-inline-color has-vivid-red-color\">Guilmer S\u00e1nchez: atleta y director<\/mark><\/strong><\/h3>\n\n\n\n<p>S\u00e1nchez inici\u00f3 su carrera en 2019, destacando en pruebas locales hasta ser convocado al Campeonato Suramericano Waraira Repano ese mismo a\u00f1o, donde obtuvo el tercer lugar absoluto.<\/p>\n\n\n\n<p>Posteriormente se consagr\u00f3 campe\u00f3n nacional en Kil\u00f3metro Vertical y Short Trail en 2021, 2022 y 2023.<\/p>\n\n\n\n<p>Asumir la direcci\u00f3n del evento mientras mantiene su carrera deportiva representa \u2014seg\u00fan afirma\u2014 uno de sus mayores retos:<\/p>\n\n\n\n<blockquote class=\"wp-block-quote is-layout-flow wp-block-quote-is-layout-flow\">\n<p>\u201cEl desaf\u00edo m\u00e1s grande es mantener la visi\u00f3n del por qu\u00e9 empezamos este proyecto y demostrar que en Venezuela se pueden crear cosas grandes, incluso en terrenos dif\u00edciles\u201d.<\/p>\n<\/blockquote>\n\n\n\n<h3 class=\"wp-block-heading\"><strong><mark style=\"background-color:rgba(0, 0, 0, 0)\" class=\"has-inline-color has-vivid-red-color\">El nivel del trail venezolano<\/mark><\/strong><\/h3>\n\n\n\n<p>Desde su experiencia, el atleta considera que Venezuela posee condiciones naturales privilegiadas para el desarrollo de la disciplina.<\/p>\n\n\n\n<p>La variedad de terrenos \u2014desde playas h\u00famedas hasta monta\u00f1as de m\u00e1s de 4.000 metros\u2014 permite a los corredores desarrollar gran capacidad de adaptaci\u00f3n frente a competencias internacionales.<\/p>\n\n\n\n<h3 class=\"wp-block-heading\"><strong><mark style=\"background-color:rgba(0, 0, 0, 0)\" class=\"has-inline-color has-vivid-red-color\">Proyecci\u00f3n a futuro<\/mark><\/strong><\/h3>\n\n\n\n<p>A mediano y largo plazo, la meta es que la \u201cCarrera de Campeones\u201d se integre a circuitos regionales de trail running y se convierta en plataforma de proyecci\u00f3n internacional.<\/p>\n\n\n\n<p>La organizaci\u00f3n no descarta su internacionalizaci\u00f3n en futuras ediciones, aunque en esta primera fase busca consolidar identidad y pertenencia dentro del pa\u00eds.<\/p>\n\n\n\n<h3 class=\"wp-block-heading\"><strong><mark style=\"background-color:rgba(0, 0, 0, 0)\" class=\"has-inline-color has-vivid-red-color\">Un mensaje para las nuevas generaciones<\/mark><\/strong><\/h3>\n\n\n\n<p>Para quienes desean iniciarse en la disciplina, S\u00e1nchez deja una reflexi\u00f3n:<\/p>\n\n\n\n<blockquote class=\"wp-block-quote is-layout-flow wp-block-quote-is-layout-flow\">\n<p>\u201cPara empezar no tienes que ser un atleta profesional, sino tener la mente de un campe\u00f3n\u201d.<\/p>\n\n\n\n<p class=\"has-text-align-center\"><em><strong><em><strong><em><strong><em><strong><a href=\"https:\/\/t.me\/esreviral\">\u00daNETE A NUESTRO CANAL DE TELEGRAM PARA ESTAR INFORMADO<\/a><\/strong><\/em><\/strong><\/em><\/strong><\/em><\/strong><\/em><\/p>\n<\/blockquote>\n\n\n\n<p>La invitaci\u00f3n final es clara: formar parte de esta competencia representa una puerta de entrada a la \u00e9lite mundial del trail running y la oportunidad de escribir un nuevo cap\u00edtulo en la historia del deporte de monta\u00f1a venezolano.<\/p>\n","protected":false},"excerpt":{"rendered":"<p>La \u201cCarrera de Campeones\u201d surge como una plataforma para impulsar a los mejores corredores de monta\u00f1a de Venezuela hacia competencias internacionales, reuniendo a la \u00e9lite del trail running nacional en un clasificatorio \u00fanico en el pa\u00eds.<\/p>\n","protected":false},"author":3,"featured_media":87593,"comment_status":"closed","ping_status":"closed","sticky":false,"template":"","format":"standard","meta":{"jnews-multi-image_gallery":[],"jnews_single_post":{"format":"standard"},"jnews_primary_category":[],"jnews_social_meta":[],"jnews_review":[],"enable_review":"","type":"","name":"","summary":"","brand":"","sku":"","good":[],"bad":[],"score_override":"","override_value":"","rating":[],"price":[],"jnews_override_counter":[],"jnews_post_split":[],"footnotes":""},"categories":[48],"tags":[39745,39748,39744,39746,45,39747,37503,56],"class_list":["post-87592","post","type-post","status-publish","format-standard","has-post-thumbnail","hentry","category-deportes","tag-atletas-elite-de-venezuela","tag-corredores-de-montana-de-venezuela","tag-elite-mundial","tag-guilmer-eligio-sanchez-sanchez","tag-noticias","tag-playa-conoma","tag-trail-running","tag-venezuela"],"amp_enabled":true,"_links":{"self":[{"href":"https:\/\/esreviral.com\/index.php?rest_route=\/wp\/v2\/posts\/87592"}],"collection":[{"href":"https:\/\/esreviral.com\/index.php?rest_route=\/wp\/v2\/posts"}],"about":[{"href":"https:\/\/esreviral.com\/index.php?rest_route=\/wp\/v2\/types\/post"}],"author":[{"embeddable":true,"href":"https:\/\/esreviral.com\/index.php?rest_route=\/wp\/v2\/users\/3"}],"replies":[{"embeddable":true,"href":"https:\/\/esreviral.com\/index.php?rest_route=%2Fwp%2Fv2%2Fcomments&post=87592"}],"version-history":[{"count":2,"href":"https:\/\/esreviral.com\/index.php?rest_route=\/wp\/v2\/posts\/87592\/revisions"}],"predecessor-version":[{"id":87609,"href":"https:\/\/esreviral.com\/index.php?rest_route=\/wp\/v2\/posts\/87592\/revisions\/87609"}],"wp:featuredmedia":[{"embeddable":true,"href":"https:\/\/esreviral.com\/index.php?rest_route=\/wp\/v2\/media\/87593"}],"wp:attachment":[{"href":"https:\/\/esreviral.com\/index.php?rest_route=%2Fwp%2Fv2%2Fmedia&parent=87592"}],"wp:term":[{"taxonomy":"category","embeddable":true,"href":"https:\/\/esreviral.com\/index.php?rest_route=%2Fwp%2Fv2%2Fcategories&post=87592"},{"taxonomy":"post_tag","embeddable":true,"href":"https:\/\/esreviral.com\/index.php?rest_route=%2Fwp%2Fv2%2Ftags&post=87592"}],"curies":[{"name":"wp","href":"https:\/\/api.w.org\/{rel}","templated":true}]}}