{"id":87534,"date":"2026-02-05T13:59:09","date_gmt":"2026-02-05T18:59:09","guid":{"rendered":"https:\/\/esreviral.com\/?p=87534"},"modified":"2026-02-05T14:04:36","modified_gmt":"2026-02-05T19:04:36","slug":"maria-corina-machado-se-reunio-con-autoridades-argentinas-para-abordar-la-transicion-democratica-en-venezuela","status":"publish","type":"post","link":"https:\/\/esreviral.com\/?p=87534","title":{"rendered":"Mar\u00eda Corina Machado se reuni\u00f3 con autoridades argentinas para abordar la transici\u00f3n democr\u00e1tica en Venezuela"},"content":{"rendered":"\n<p><strong><em>KQA.-<\/em><\/strong> La l\u00edder opositora venezolana Mar\u00eda Corina Machado sostuvo un encuentro con el ministro de Relaciones Exteriores de Argentina, Pablo Quirno, y con el embajador argentino en Washington, Alejandro Oxenford, en el que abordaron la situaci\u00f3n pol\u00edtica de Venezuela y las oportunidades que ofrecer\u00eda una transici\u00f3n democr\u00e1tica para garantizar la seguridad y la estabilidad en la regi\u00f3n.<\/p>\n\n\n\n<p>Durante la reuni\u00f3n, Machado reiter\u00f3 su agradecimiento al presidente argentino Javier Milei por el respaldo a la causa democr\u00e1tica venezolana y, en particular, por la protecci\u00f3n brindada a los miembros de su equipo que permanecieron asilados durante 14 meses en la embajada de Argentina en Caracas, hasta su posterior rescate.<\/p>\n\n\n\n<p class=\"has-text-align-center\"><strong><a href=\"https:\/\/chat.whatsapp.com\/KWkTmakY3I05kNdd2oZl6d\"><em>\u00daNETE A NUESTRO GRUPO DE WHATSAPP PARA ESTAR INFORMADO<\/em><\/a><\/strong><\/p>\n\n\n\n<blockquote class=\"twitter-tweet\"><p lang=\"es\" dir=\"ltr\">\ud83c\uddfb\ud83c\uddea\ud83c\udde6\ud83c\uddf7<a href=\"https:\/\/twitter.com\/MariaCorinaYA?ref_src=twsrc%5Etfw\">@MariaCorinaYA<\/a> sostuvo un encuentro con el ministro de Relaciones Exteriores de Argentina, <a href=\"https:\/\/twitter.com\/pabloquirno?ref_src=twsrc%5Etfw\">@pabloquirno<\/a>, y el embajador de ese pa\u00eds en DC, <a href=\"https:\/\/twitter.com\/alejandrito?ref_src=twsrc%5Etfw\">@alejandrito<\/a>, para abordar la situaci\u00f3n de Venezuela y la oportunidad que ofrece una transici\u00f3n a la democracia en la garant\u00eda de\u2026 <a href=\"https:\/\/t.co\/t4d3CqwZxI\">pic.twitter.com\/t4d3CqwZxI<\/a><\/p>&mdash; Vocer\u00eda Oficial de Venezuela (@voceriavzla) <a href=\"https:\/\/twitter.com\/voceriavzla\/status\/2019481698249920969?ref_src=twsrc%5Etfw\">February 5, 2026<\/a><\/blockquote> <script async src=\"https:\/\/platform.twitter.com\/widgets.js\" charset=\"utf-8\"><\/script>\n\n\n\n<p><\/p>\n\n\n\n<p>Seg\u00fan inform\u00f3 la Vocer\u00eda Oficial de Venezuela, en el encuentro tambi\u00e9n se reafirm\u00f3 la exigencia de la liberaci\u00f3n inmediata de todos los presos pol\u00edticos, tanto venezolanos como extranjeros, que contin\u00faan detenidos en el pa\u00eds.<\/p>\n\n\n\n<p class=\"has-text-align-center\"><em><strong><em><strong><em><strong><em><strong><a href=\"https:\/\/t.me\/esreviral\">\u00daNETE A NUESTRO CANAL DE TELEGRAM PARA ESTAR INFORMADO<\/a><\/strong><\/em><\/strong><\/em><\/strong><\/em><\/strong><\/em><\/p>\n\n\n\n<p>La reuni\u00f3n se enmarca en los contactos internacionales que mantiene Machado para reforzar el apoyo regional e internacional a una salida democr\u00e1tica a la crisis venezolana.<\/p>\n","protected":false},"excerpt":{"rendered":"<p>Mar\u00eda Corina Machado se reuni\u00f3 con el canciller argentino Pablo Quirno y el embajador Alejandro Oxenford para analizar la situaci\u00f3n de Venezuela y el impacto de una transici\u00f3n democr\u00e1tica en la estabilidad regional, adem\u00e1s de reiterar el pedido de liberaci\u00f3n de todos los presos pol\u00edticos.<\/p>\n","protected":false},"author":3,"featured_media":87535,"comment_status":"closed","ping_status":"closed","sticky":false,"template":"","format":"standard","meta":{"jnews-multi-image_gallery":[],"jnews_single_post":{"format":"standard"},"jnews_primary_category":[],"jnews_social_meta":[],"jnews_review":[],"enable_review":"","type":"","name":"","summary":"","brand":"","sku":"","good":[],"bad":[],"score_override":"","override_value":"","rating":[],"price":[],"jnews_override_counter":[],"jnews_post_split":[],"footnotes":""},"categories":[59],"tags":[44,3265,45,39554,56],"class_list":["post-87534","post","type-post","status-publish","format-standard","has-post-thumbnail","hentry","category-politica","tag-argentina","tag-maria-corina-machado-2","tag-noticias","tag-transicion-democratica","tag-venezuela"],"amp_enabled":true,"_links":{"self":[{"href":"https:\/\/esreviral.com\/index.php?rest_route=\/wp\/v2\/posts\/87534"}],"collection":[{"href":"https:\/\/esreviral.com\/index.php?rest_route=\/wp\/v2\/posts"}],"about":[{"href":"https:\/\/esreviral.com\/index.php?rest_route=\/wp\/v2\/types\/post"}],"author":[{"embeddable":true,"href":"https:\/\/esreviral.com\/index.php?rest_route=\/wp\/v2\/users\/3"}],"replies":[{"embeddable":true,"href":"https:\/\/esreviral.com\/index.php?rest_route=%2Fwp%2Fv2%2Fcomments&post=87534"}],"version-history":[{"count":2,"href":"https:\/\/esreviral.com\/index.php?rest_route=\/wp\/v2\/posts\/87534\/revisions"}],"predecessor-version":[{"id":87537,"href":"https:\/\/esreviral.com\/index.php?rest_route=\/wp\/v2\/posts\/87534\/revisions\/87537"}],"wp:featuredmedia":[{"embeddable":true,"href":"https:\/\/esreviral.com\/index.php?rest_route=\/wp\/v2\/media\/87535"}],"wp:attachment":[{"href":"https:\/\/esreviral.com\/index.php?rest_route=%2Fwp%2Fv2%2Fmedia&parent=87534"}],"wp:term":[{"taxonomy":"category","embeddable":true,"href":"https:\/\/esreviral.com\/index.php?rest_route=%2Fwp%2Fv2%2Fcategories&post=87534"},{"taxonomy":"post_tag","embeddable":true,"href":"https:\/\/esreviral.com\/index.php?rest_route=%2Fwp%2Fv2%2Ftags&post=87534"}],"curies":[{"name":"wp","href":"https:\/\/api.w.org\/{rel}","templated":true}]}}