{"id":87476,"date":"2026-02-04T14:53:16","date_gmt":"2026-02-04T19:53:16","guid":{"rendered":"https:\/\/esreviral.com\/?p=87476"},"modified":"2026-02-04T15:14:02","modified_gmt":"2026-02-04T20:14:02","slug":"paro-de-trenes-a-que-hora-empieza-y-que-lineas-no-funcionaran","status":"publish","type":"post","link":"https:\/\/esreviral.com\/?p=87476","title":{"rendered":"Gobierno argentino dict\u00f3 la conciliaci\u00f3n obligatoria y se levant\u00f3 el paro de trenes del jueves"},"content":{"rendered":"\n<p>El conflicto ferroviario ingres\u00f3 en una etapa decisiva luego de que el Gobierno dispusiera la conciliaci\u00f3n obligatoria para suspender el paro de trenes anunciado por el gremio de maquinistas La Fraternidad. La medida obliga a las partes a retrotraer el estado del conflicto y retomar las negociaciones salariales, con el objetivo de asegurar la continuidad del servicio mientras se desarrollan las conversaciones.<\/p>\n\n\n\n<p>Con la conciliaci\u00f3n en vigencia, los servicios ferroviarios operar\u00e1n con normalidad este jueves 5 de febrero, tanto en el \u00c1rea Metropolitana de Buenos Aires como en los trayectos de larga distancia y de carga. Desde el sindicato hab\u00edan anticipado que acatar\u00edan cualquier resoluci\u00f3n de la Secretar\u00eda de Trabajo, aunque reiteraron sus cuestionamientos a la propuesta salarial presentada por el Ejecutivo y las empresas del sector.<\/p>\n\n\n\n<p class=\"has-text-align-center\"><strong><a href=\"https:\/\/chat.whatsapp.com\/KWkTmakY3I05kNdd2oZl6d\"><em>\u00daNETE A NUESTRO GRUPO DE WHATSAPP PARA ESTAR INFORMADO<\/em><\/a><\/strong><\/p>\n\n\n\n<figure class=\"wp-block-image size-large\"><img decoding=\"async\" src=\"https:\/\/tn.com.ar\/resizer\/v2\/el-comunicado-del-ministerio-de-capital-humano-foto-prensa-mch-GQ4BTVCQLRBERLSHBWPIIXJCGA.jfif?auth=f3cfb6c87cc99db5ad37296adc0aa87ff49041dda9c4eac0ea86a396366073e3&amp;width=1440\" alt=\"\"\/><\/figure>\n\n\n\n<h3 class=\"wp-block-heading\"><\/h3>\n\n\n\n<p><\/p>\n\n\n\n<p>El conflicto se origin\u00f3 tras el rechazo gremial a una recomposici\u00f3n del 1% para enero, porcentaje que consideraron insuficiente frente a la inflaci\u00f3n acumulada y la p\u00e9rdida del poder adquisitivo de los trabajadores. Si bien la medida de fuerza qued\u00f3 suspendida, la disputa contin\u00faa abierta y las negociaciones deber\u00e1n desarrollarse bajo el marco de la conciliaci\u00f3n obligatoria.<\/p>\n\n\n\n<p>La decisi\u00f3n fue confirmada este mi\u00e9rcoles por el Ministerio de Capital Humano mediante un comunicado oficial, en el que se precis\u00f3 que la conciliaci\u00f3n rige desde las 00:00 del jueves 5 de febrero y tendr\u00e1 una vigencia inicial de 15 d\u00edas, de acuerdo con lo establecido en la Ley N.\u00ba 14.786.<\/p>\n\n\n\n<p>\u201cEl Ministerio de Capital Humano, a trav\u00e9s de la Secretar\u00eda de Trabajo, Empleo y Seguridad Social, informa que se ha dictado la conciliaci\u00f3n obligatoria en el conflicto laboral entre el gremio La Fraternidad y las empresas Operadora Ferroviaria S.A., Belgrano Cargas y Log\u00edstica S.A., Metrov\u00edas S.A. y Ferrov\u00edas S.A. Concesionaria\u201d, se\u00f1ala el texto oficial.<\/p>\n\n\n\n<p>Durante este per\u00edodo, las partes deber\u00e1n restablecer la situaci\u00f3n previa al inicio del conflicto y garantizar la normal prestaci\u00f3n de los servicios ferroviarios. En ese sentido, el comunicado enfatiza la necesidad de evitar demoras, cancelaciones o cualquier alteraci\u00f3n que afecte a los usuarios.<\/p>\n\n\n\n<p class=\"has-text-align-center\"><em><strong><em><strong><em><strong><em><strong><a href=\"https:\/\/t.me\/esreviral\">\u00daNETE A NUESTRO CANAL DE TELEGRAM PARA ESTAR INFORMADO<\/a><\/strong><\/em><\/strong><\/em><\/strong><\/em><\/strong><\/em><\/p>\n\n\n\n<p>Asimismo, la resoluci\u00f3n ordena al sindicato dejar sin efecto cualquier medida de fuerza anunciada o en curso, en el marco del proceso de negociaci\u00f3n establecido por la autoridad laboral.<\/p>\n\n\n\n<p><\/p>\n\n\n\n<p class=\"has-text-align-right\"><strong><em>Con Informaci\u00f3n de TN.-<\/em><\/strong><\/p>\n","protected":false},"excerpt":{"rendered":"<p>La Secretar\u00eda de Trabajo intervino en el conflicto salarial con La Fraternidad y orden\u00f3 suspender la medida de fuerza prevista para el 5 de febrero. Los servicios ferroviarios funcionar\u00e1n con normalidad mientras contin\u00faan las negociaciones.<\/p>\n","protected":false},"author":3,"featured_media":66042,"comment_status":"closed","ping_status":"closed","sticky":false,"template":"","format":"standard","meta":{"jnews-multi-image_gallery":[],"jnews_single_post":{"format":"standard"},"jnews_primary_category":[],"jnews_social_meta":[],"jnews_review":[],"enable_review":"","type":"","name":"","summary":"","brand":"","sku":"","good":[],"bad":[],"score_override":"","override_value":"","rating":[],"price":[],"jnews_override_counter":[],"jnews_post_split":[],"footnotes":""},"categories":[58,59],"tags":[44,3818,1712,274,8544,3820,2125,4179],"class_list":["post-87476","post","type-post","status-publish","format-standard","has-post-thumbnail","hentry","category-argentina","category-politica","tag-argentina","tag-la-fraternidad","tag-paro-de-trenes","tag-transporte-publico","tag-tren-mitre","tag-tren-roca","tag-trenes","tag-trenes-argentinos"],"amp_enabled":true,"_links":{"self":[{"href":"https:\/\/esreviral.com\/index.php?rest_route=\/wp\/v2\/posts\/87476"}],"collection":[{"href":"https:\/\/esreviral.com\/index.php?rest_route=\/wp\/v2\/posts"}],"about":[{"href":"https:\/\/esreviral.com\/index.php?rest_route=\/wp\/v2\/types\/post"}],"author":[{"embeddable":true,"href":"https:\/\/esreviral.com\/index.php?rest_route=\/wp\/v2\/users\/3"}],"replies":[{"embeddable":true,"href":"https:\/\/esreviral.com\/index.php?rest_route=%2Fwp%2Fv2%2Fcomments&post=87476"}],"version-history":[{"count":2,"href":"https:\/\/esreviral.com\/index.php?rest_route=\/wp\/v2\/posts\/87476\/revisions"}],"predecessor-version":[{"id":87484,"href":"https:\/\/esreviral.com\/index.php?rest_route=\/wp\/v2\/posts\/87476\/revisions\/87484"}],"wp:featuredmedia":[{"embeddable":true,"href":"https:\/\/esreviral.com\/index.php?rest_route=\/wp\/v2\/media\/66042"}],"wp:attachment":[{"href":"https:\/\/esreviral.com\/index.php?rest_route=%2Fwp%2Fv2%2Fmedia&parent=87476"}],"wp:term":[{"taxonomy":"category","embeddable":true,"href":"https:\/\/esreviral.com\/index.php?rest_route=%2Fwp%2Fv2%2Fcategories&post=87476"},{"taxonomy":"post_tag","embeddable":true,"href":"https:\/\/esreviral.com\/index.php?rest_route=%2Fwp%2Fv2%2Ftags&post=87476"}],"curies":[{"name":"wp","href":"https:\/\/api.w.org\/{rel}","templated":true}]}}