{"id":87459,"date":"2026-02-04T12:05:40","date_gmt":"2026-02-04T17:05:40","guid":{"rendered":"https:\/\/esreviral.com\/?p=87459"},"modified":"2026-02-04T12:56:32","modified_gmt":"2026-02-04T17:56:32","slug":"liberaron-a-roberto-baldo-otro-de-los-argentinos-detenidos-en-venezuela","status":"publish","type":"post","link":"https:\/\/esreviral.com\/?p=87459","title":{"rendered":"Liberaron a Roberto Baldo, otro de los argentinos detenidos  en Venezuela"},"content":{"rendered":"\n<p>Liberaron a Roberto Baldo, uno de los ciudadanos argentinos que permanec\u00eda detenido en Venezuela desde noviembre de 2024, acusado de \u201cterrorismo\u201d por el gobierno de Nicol\u00e1s Maduro. El hombre hab\u00eda sido arrestado junto a su esposa, Montserrat Espinosa Irbern, quien tambi\u00e9n recuper\u00f3 la libertad.<\/p>\n\n\n\n<p>El caso se mantuvo en reserva durante varias semanas y reci\u00e9n trascendi\u00f3 a mediados de enero, cuando la detenci\u00f3n fue incluida en un Reporte Especial sobre Presos Pol\u00edticos con Nacionalidad Extranjera elaborado por la ONG Foro Penal. El informe, publicado en marzo de 2025, denunci\u00f3 la privaci\u00f3n de libertad de la pareja y la falta de garant\u00edas procesales.<\/p>\n\n\n\n<p>Tras confirmarse la liberaci\u00f3n, la senadora Patricia Bullrich celebr\u00f3 la noticia en la red social X: \u201cRoberto vuelve a casa. Mientras algunos negaban la existencia de presos pol\u00edticos en Venezuela, \u00e9l estaba encerrado sin causa y sin debido proceso. Hoy recupera su libertad y vuelve con su familia. Pero todav\u00eda faltan Nahuel y Germ\u00e1n. Tienen que ser todos\u201d.<\/p>\n\n\n\n<p class=\"has-text-align-center\"><strong><a href=\"https:\/\/chat.whatsapp.com\/KWkTmakY3I05kNdd2oZl6d\"><em>\u00daNETE A NUESTRO GRUPO DE WHATSAPP PARA ESTAR INFORMADO<\/em><\/a><\/strong><\/p>\n\n\n\n<blockquote class=\"twitter-tweet\"><p lang=\"es\" dir=\"ltr\">\u00a1Roberto vuelve a casa!<br><br>Mientras algunos negaban la existencia de presos pol\u00edticos en la dictadura venezolana, \u00e9l estaba encerrado sin causa y sin debido proceso.<br><br>Hoy recupera su libertad y vuelve con su familia.<br><br>Pero todav\u00eda faltan Nahuel y Germ\u00e1n.<br>Tienen que ser todos. <a href=\"https:\/\/t.co\/MVSRhn59b0\">https:\/\/t.co\/MVSRhn59b0<\/a><\/p>&mdash; Patricia Bullrich (@PatoBullrich) <a href=\"https:\/\/twitter.com\/PatoBullrich\/status\/2019074511358865524?ref_src=twsrc%5Etfw\">February 4, 2026<\/a><\/blockquote> <script async src=\"https:\/\/platform.twitter.com\/widgets.js\" charset=\"utf-8\"><\/script>\n\n\n\n<p><\/p>\n\n\n\n<p>La liberaci\u00f3n de Baldo se suma a la de Gustavo Gabriel Rivara, otro ciudadano argentino que se encontraba detenido en Caracas. As\u00ed lo confirm\u00f3 este lunes el canciller Pablo Quirno, quien detall\u00f3 que Rivara ya recibi\u00f3 asistencia consular.<\/p>\n\n\n\n<p>\u201cLa Rep\u00fablica Argentina confirma que Gustavo Gabriel Rivara, ciudadano argentino que se encontraba detenido de manera arbitraria, ha sido liberado. Las autoridades argentinas mantuvieron contacto permanente con \u00e9l y su entorno desde su liberaci\u00f3n. En el d\u00eda de hoy se present\u00f3 en la Embajada de la Rep\u00fablica Argentina en Colombia, donde se le brind\u00f3 la asistencia necesaria y se le emiti\u00f3 la documentaci\u00f3n personal correspondiente\u201d, se\u00f1al\u00f3 el ministro de Relaciones Exteriores en su cuenta de X.<\/p>\n\n\n\n<h3 class=\"wp-block-heading\"><strong><mark style=\"background-color:rgba(0, 0, 0, 0)\" class=\"has-inline-color has-vivid-red-color\">C\u00f3mo fue la detenci\u00f3n de Roberto Baldo<\/mark><\/strong><\/h3>\n\n\n\n<p>De acuerdo con la reconstrucci\u00f3n realizada por la ONG Foro Penal, Roberto Baldo y su esposa son propietarios de una pizzer\u00eda ubicada en Los Palos Grandes, una zona residencial de clase media-alta de Caracas.<\/p>\n\n\n\n<p>Ambos fueron detenidos el 29 de noviembre de 2024 por presuntos funcionarios de la Direcci\u00f3n General de Contrainteligencia Militar (Dgcim). Seg\u00fan la organizaci\u00f3n, la detenci\u00f3n estar\u00eda vinculada a un sobre que habr\u00eda sido dejado en el local comercial para ser entregado por un mensajero en la embajada argentina.<\/p>\n\n\n\n<p>Foro Penal denunci\u00f3 que la pareja permaneci\u00f3 desaparecida durante varios d\u00edas, sin que sus familiares pudieran conocer su paradero ni los motivos de la detenci\u00f3n. La audiencia de presentaci\u00f3n ante un juez se realiz\u00f3 el 2 de diciembre, cuando fueron imputados por el delito de terrorismo.<\/p>\n\n\n\n<p class=\"has-text-align-center\"><em><strong><em><strong><em><strong><em><strong><a href=\"https:\/\/t.me\/esreviral\">\u00daNETE A NUESTRO CANAL DE TELEGRAM PARA ESTAR INFORMADO<\/a><\/strong><\/em><\/strong><\/em><\/strong><\/em><\/strong><\/em><\/p>\n\n\n\n<p>Baldo fue recluido en el Centro Penitenciario Yare III, en el estado Miranda, mientras que su esposa \u2014de nacionalidad espa\u00f1ola-venezolana\u2014 fue trasladada a la sede de la Polic\u00eda Nacional Bolivariana en El Valle, Caracas.<\/p>\n\n\n\n<p class=\"has-text-align-right\"><strong><em>Con Informaci\u00f3n de TN.-<\/em><\/strong><\/p>\n","protected":false},"excerpt":{"rendered":"<p>Estaba preso junto a su esposa desde noviembre de 2024. Ambos eran acusados de \u201cterrorismo\u201d.<\/p>\n","protected":false},"author":3,"featured_media":87460,"comment_status":"closed","ping_status":"closed","sticky":false,"template":"","format":"standard","meta":{"jnews-multi-image_gallery":[],"jnews_single_post":{"format":"standard"},"jnews_primary_category":[],"jnews_social_meta":[],"jnews_review":[],"enable_review":"","type":"","name":"","summary":"","brand":"","sku":"","good":[],"bad":[],"score_override":"","override_value":"","rating":[],"price":[],"jnews_override_counter":[],"jnews_post_split":[],"footnotes":""},"categories":[59],"tags":[44,1068,45,39186,56],"class_list":["post-87459","post","type-post","status-publish","format-standard","has-post-thumbnail","hentry","category-politica","tag-argentina","tag-nicolas-maduro","tag-noticias","tag-roberto-baldo","tag-venezuela"],"amp_enabled":true,"_links":{"self":[{"href":"https:\/\/esreviral.com\/index.php?rest_route=\/wp\/v2\/posts\/87459"}],"collection":[{"href":"https:\/\/esreviral.com\/index.php?rest_route=\/wp\/v2\/posts"}],"about":[{"href":"https:\/\/esreviral.com\/index.php?rest_route=\/wp\/v2\/types\/post"}],"author":[{"embeddable":true,"href":"https:\/\/esreviral.com\/index.php?rest_route=\/wp\/v2\/users\/3"}],"replies":[{"embeddable":true,"href":"https:\/\/esreviral.com\/index.php?rest_route=%2Fwp%2Fv2%2Fcomments&post=87459"}],"version-history":[{"count":1,"href":"https:\/\/esreviral.com\/index.php?rest_route=\/wp\/v2\/posts\/87459\/revisions"}],"predecessor-version":[{"id":87461,"href":"https:\/\/esreviral.com\/index.php?rest_route=\/wp\/v2\/posts\/87459\/revisions\/87461"}],"wp:featuredmedia":[{"embeddable":true,"href":"https:\/\/esreviral.com\/index.php?rest_route=\/wp\/v2\/media\/87460"}],"wp:attachment":[{"href":"https:\/\/esreviral.com\/index.php?rest_route=%2Fwp%2Fv2%2Fmedia&parent=87459"}],"wp:term":[{"taxonomy":"category","embeddable":true,"href":"https:\/\/esreviral.com\/index.php?rest_route=%2Fwp%2Fv2%2Fcategories&post=87459"},{"taxonomy":"post_tag","embeddable":true,"href":"https:\/\/esreviral.com\/index.php?rest_route=%2Fwp%2Fv2%2Ftags&post=87459"}],"curies":[{"name":"wp","href":"https:\/\/api.w.org\/{rel}","templated":true}]}}