{"id":87408,"date":"2026-02-04T07:20:09","date_gmt":"2026-02-04T12:20:09","guid":{"rendered":"https:\/\/esreviral.com\/?p=87408"},"modified":"2026-02-04T07:20:28","modified_gmt":"2026-02-04T12:20:28","slug":"ano-nuevo-chino-en-buenos-aires-2026-cuando-empieza-y-donde-son-los-cuatro-dias-de-fiesta","status":"publish","type":"post","link":"https:\/\/esreviral.com\/?p=87408","title":{"rendered":"Dragones, gastronom\u00eda y fiestas gratis: as\u00ed ser\u00e1 el A\u00f1o Nuevo Chino 2026 en Buenos Aires"},"content":{"rendered":"\n<p> La Ciudad de Buenos Aires celebrar\u00e1 la llegada del <strong>A\u00f1o del Caballo de Fuego<\/strong> con una agenda que combina espect\u00e1culos, gastronom\u00eda y actividades culturales, en el marco de la <strong>Ruta del A\u00f1o Nuevo Chino 2026<\/strong>. La propuesta es organizada por la Asociaci\u00f3n del Barrio Chino de Buenos Aires y la Federaci\u00f3n de Reunificaci\u00f3n de China en la Argentina, con el auspicio de la Embajada de China y del Gobierno porte\u00f1o.<\/p>\n\n\n\n<p>El Barrio Chino ser\u00e1 nuevamente el epicentro de los festejos con una celebraci\u00f3n de cuatro d\u00edas, que se extender\u00e1 del <strong>s\u00e1bado 14 al martes 17 de febrero<\/strong>, de <strong>12 a 20<\/strong>, en coincidencia con el fin de semana largo de Carnaval. El momento central tendr\u00e1 lugar el <strong>lunes 16 de febrero<\/strong>, cuando se despedir\u00e1 el A\u00f1o de la Serpiente y se dar\u00e1 la bienvenida oficial al A\u00f1o del Caballo, que comenzar\u00e1 a la medianoche del martes 17.<\/p>\n\n\n\n<p class=\"has-text-align-center\"><strong><a href=\"https:\/\/chat.whatsapp.com\/KWkTmakY3I05kNdd2oZl6d\"><em>\u00daNETE A NUESTRO GRUPO DE WHATSAPP PARA ESTAR INFORMADO<\/em><\/a><\/strong><\/p>\n\n\n<div class=\"wp-block-image\">\n<figure class=\"aligncenter size-large\"><img decoding=\"async\" src=\"https:\/\/resizer.glanacion.com\/resizer\/v2\/la-agenda-incluye-un-show-central-de-dragones-y-NZJA3E3VMNEIDNPCHSAOID5NL4.jpg?auth=0f0e27a253cc950f10966cf6fda57825d0c71f9e6f0774c3790bddc3db0f66e2&amp;width=780&amp;height=520&amp;quality=70&amp;smart=true\" alt=\"\"\/><figcaption class=\"wp-element-caption\">La agenda incluye un show central de dragones y leones en postes en altura, caballos argentinos en vivo, exhibiciones de artes marciales, m\u00fasica tradicional y contempor\u00e1nea, DJs y espect\u00e1culos en vivo<\/figcaption><\/figure><\/div>\n\n\n<h3 class=\"wp-block-heading\"><strong><mark style=\"background-color:rgba(0, 0, 0, 0)\" class=\"has-inline-color has-vivid-red-color\">Programaci\u00f3n del A\u00f1o Nuevo Chino en Buenos Aires 2026<\/mark><\/strong><\/h3>\n\n\n\n<p>La antesala de los festejos se realizar\u00e1 el <strong>domingo 8 de febrero<\/strong> en la <strong>Plaza de los Parques Nacionales Argentinos<\/strong>, con una jornada abierta que incluir\u00e1 danzas tradicionales, expresiones art\u00edsticas, gastronom\u00eda t\u00edpica y actividades para toda la familia, dando inicio al mes del A\u00f1o Nuevo Chino en la ciudad.<\/p>\n\n\n\n<p>Entre el 14 y el 17 de febrero, el Barrio Chino ofrecer\u00e1 una programaci\u00f3n art\u00edstica y cultural de gran escala, con la participaci\u00f3n de <strong>288 comercios, instituciones culturales y organizaciones de la comunidad<\/strong>. La agenda contempla un espect\u00e1culo central de dragones y leones en postes de altura, caballos argentinos en vivo, exhibiciones de artes marciales, m\u00fasica tradicional y contempor\u00e1nea, DJs y shows en vivo.<\/p>\n\n\n\n<p>Tambi\u00e9n se realizar\u00e1n desfiles de moda tradicional y moderna, intervenciones art\u00edsticas y murales, con la participaci\u00f3n del artista urbano <strong>\u00cdndigo Ars<\/strong>, adem\u00e1s de robots y perros rob\u00f3ticos, propuestas gastron\u00f3micas y culturales abiertas, sorteos y diversas activaciones.<\/p>\n\n\n\n<p>Entre los momentos destacados figura la presencia del orfebre <strong>Juan Carlos Pallarols<\/strong>, quien realizar\u00e1 una obra simb\u00f3lica como ofrenda al A\u00f1o del Caballo. La celebraci\u00f3n contar\u00e1 adem\u00e1s con invitados del \u00e1mbito cultural, art\u00edstico y comunicacional, influencers y referentes sociales.<\/p>\n\n\n\n<p>El <strong>domingo 15 de febrero<\/strong> se llevar\u00e1 a cabo la tradicional <strong>carrera de Botes Drag\u00f3n<\/strong> en los diques de <strong>Puerto Madero<\/strong>, una competencia que combina deporte, tradici\u00f3n y esp\u00edritu colectivo.<\/p>\n\n\n<div class=\"wp-block-image\">\n<figure class=\"aligncenter size-large\"><img decoding=\"async\" src=\"https:\/\/resizer.glanacion.com\/resizer\/v2\/festejos-del-ano-nuevo-chino-en-el-barrio-de-SRS4LPZFSBCBZPZBRJMT5SP6TQ.jpg?auth=7231799da955dd024c8024ce58c732cd5a7c7972b7bfa82f3b6a32ee8ff42968&amp;width=780&amp;height=520&amp;quality=70&amp;smart=true\" alt=\"\"\/><figcaption class=\"wp-element-caption\">Festejos del a\u00f1o Nuevo Chino en el barrio de Belgrano<\/figcaption><\/figure><\/div>\n\n\n<h3 class=\"wp-block-heading\"><strong><mark style=\"background-color:rgba(0, 0, 0, 0)\" class=\"has-inline-color has-vivid-red-color\">Cu\u00e1ndo y d\u00f3nde se celebra el A\u00f1o Nuevo Chino en CABA<\/mark><\/strong><\/h3>\n\n\n\n<ul class=\"wp-block-list\">\n<li><strong>Fechas:<\/strong> del s\u00e1bado 14 al martes 17 de febrero (con previa el domingo 8 de febrero).<\/li>\n\n\n\n<li><strong>Horarios:<\/strong> de 12 a 20 en el Barrio Chino; iluminaci\u00f3n de monumentos el lunes 16 por la noche.<\/li>\n\n\n\n<li><strong>Lugares:<\/strong> Barrio Chino y distintos puntos de la ciudad, Plaza de los Parques Nacionales Argentinos y Puerto Madero.<\/li>\n<\/ul>\n\n\n\n<p><\/p>\n\n\n\n<p class=\"has-text-align-center\"><em><strong><em><strong><em><strong><em><strong><a href=\"https:\/\/t.me\/esreviral\">\u00daNETE A NUESTRO CANAL DE TELEGRAM PARA ESTAR INFORMADO<\/a><\/strong><\/em><\/strong><\/em><\/strong><\/em><\/strong><\/em><\/p>\n\n\n\n<p>Todas las actividades ser\u00e1n <strong>gratuitas<\/strong>.<\/p>\n\n\n\n<p class=\"has-text-align-right\"><strong><em>Con Informaci\u00f3n de LN.-<\/em><\/strong><\/p>\n","protected":false},"excerpt":{"rendered":"<p>La celebraci\u00f3n por el A\u00f1o del Caballo de Fuego ser\u00e1 del 14 al 17 de febrero en Belgrano, de 12 a 20, con shows de dragones y leones, gastronom\u00eda y activaciones; el 16 se iluminan de rojo \u00edconos porte\u00f1os<\/p>\n","protected":false},"author":3,"featured_media":87409,"comment_status":"closed","ping_status":"closed","sticky":false,"template":"","format":"standard","meta":{"jnews-multi-image_gallery":[],"jnews_single_post":{"format":"standard"},"jnews_primary_category":[],"jnews_social_meta":[],"jnews_review":[],"enable_review":"","type":"","name":"","summary":"","brand":"","sku":"","good":[],"bad":[],"score_override":"","override_value":"","rating":[],"price":[],"jnews_override_counter":[],"jnews_post_split":[],"footnotes":""},"categories":[58],"tags":[23562,44,720,124,45],"class_list":["post-87408","post","type-post","status-publish","format-standard","has-post-thumbnail","hentry","category-argentina","tag-ano-nuevo-chino","tag-argentina","tag-barrio-chino","tag-buenos-aires","tag-noticias"],"amp_enabled":true,"_links":{"self":[{"href":"https:\/\/esreviral.com\/index.php?rest_route=\/wp\/v2\/posts\/87408"}],"collection":[{"href":"https:\/\/esreviral.com\/index.php?rest_route=\/wp\/v2\/posts"}],"about":[{"href":"https:\/\/esreviral.com\/index.php?rest_route=\/wp\/v2\/types\/post"}],"author":[{"embeddable":true,"href":"https:\/\/esreviral.com\/index.php?rest_route=\/wp\/v2\/users\/3"}],"replies":[{"embeddable":true,"href":"https:\/\/esreviral.com\/index.php?rest_route=%2Fwp%2Fv2%2Fcomments&post=87408"}],"version-history":[{"count":2,"href":"https:\/\/esreviral.com\/index.php?rest_route=\/wp\/v2\/posts\/87408\/revisions"}],"predecessor-version":[{"id":87411,"href":"https:\/\/esreviral.com\/index.php?rest_route=\/wp\/v2\/posts\/87408\/revisions\/87411"}],"wp:featuredmedia":[{"embeddable":true,"href":"https:\/\/esreviral.com\/index.php?rest_route=\/wp\/v2\/media\/87409"}],"wp:attachment":[{"href":"https:\/\/esreviral.com\/index.php?rest_route=%2Fwp%2Fv2%2Fmedia&parent=87408"}],"wp:term":[{"taxonomy":"category","embeddable":true,"href":"https:\/\/esreviral.com\/index.php?rest_route=%2Fwp%2Fv2%2Fcategories&post=87408"},{"taxonomy":"post_tag","embeddable":true,"href":"https:\/\/esreviral.com\/index.php?rest_route=%2Fwp%2Fv2%2Ftags&post=87408"}],"curies":[{"name":"wp","href":"https:\/\/api.w.org\/{rel}","templated":true}]}}