{"id":87267,"date":"2026-01-31T09:12:27","date_gmt":"2026-01-31T14:12:27","guid":{"rendered":"https:\/\/esreviral.com\/?p=87267"},"modified":"2026-01-31T09:12:28","modified_gmt":"2026-01-31T14:12:28","slug":"seguridad-con-legitimidad-el-nuevo-debate-sobre-la-funcion-policial-en-america-latina","status":"publish","type":"post","link":"https:\/\/esreviral.com\/?p=87267","title":{"rendered":"Seguridad con legitimidad: el nuevo debate sobre la funci\u00f3n policial en Am\u00e9rica Latina"},"content":{"rendered":"\n<p>Am\u00e9rica Latina atraviesa una transformaci\u00f3n silenciosa en materia de seguridad p\u00fablica. Mientras el delito se vuelve m\u00e1s complejo y la ciudadan\u00eda exige m\u00e1s protecci\u00f3n, la regi\u00f3n comienza a discutir algo que hace una d\u00e9cada parec\u00eda secundario: la legitimidad y el control democr\u00e1tico de la funci\u00f3n policial.<\/p>\n\n\n\n<p><br>Hist\u00f3ricamente, el modelo predominante se apoy\u00f3 en la fuerza, el patrullaje y la reacci\u00f3n. Hoy, expertos en seguridad, organismos internacionales y organizaciones civiles coinciden en que ese paradigma resulta insuficiente. La seguridad contempor\u00e1nea no solo se mide por estad\u00edsticas de criminalidad; tambi\u00e9n se mide por el respeto a los derechos humanos, la transparencia y la confianza p\u00fablica.<\/p>\n\n\n\n<p class=\"has-text-align-center\"><strong><a href=\"https:\/\/chat.whatsapp.com\/KWkTmakY3I05kNdd2oZl6d\"><em>\u00daNETE A NUESTRO GRUPO DE WHATSAPP PARA ESTAR INFORMADO<\/em><\/a><\/strong><\/p>\n\n\n\n<p><br>Este giro responde a una premisa central: no hay seguridad sostenible sin legitimidad democr\u00e1tica. La polic\u00eda del siglo XXI no puede ser \u00fanicamente un actor coercitivo; debe ser un operador civil, formado en mediaci\u00f3n, an\u00e1lisis de riesgo, gesti\u00f3n comunitaria y uso proporcional de la fuerza, sujeto a controles legales y supervisi\u00f3n ciudadana.<\/p>\n\n\n\n<p><br>Organismos como la ONU y la Corte Interamericana han reforzado esta direcci\u00f3n mediante est\u00e1ndares que exigen necesidad, proporcionalidad y rendici\u00f3n de cuentas en el empleo de la fuerza estatal. Varios pa\u00edses ensayan mecanismos de control civil \u2014consejos de supervisi\u00f3n, observatorios independientes, auditor\u00edas externas\u2014 que buscan equilibrar eficacia policial con garant\u00edas constitucionales.<\/p>\n\n\n\n<p><br>El debate es m\u00e1s profundo de lo que parece. No se trata de \u201csuavizar\u201d a las fuerzas de seguridad, sino de profesionalizarlas y alinearlas con democracias que ya no aceptan el miedo como forma de gobierno. La participaci\u00f3n ciudadana, antes vista como interferencia pol\u00edtica, empieza a reconocerse como condici\u00f3n estrat\u00e9gica para mejorar resultados operativos.<\/p>\n\n\n\n<p><br>El desaf\u00edo cultural tambi\u00e9n es considerable. La figura del polic\u00eda en la regi\u00f3n carga con una historia ambivalente: necesaria para la seguridad, pero marcada por desconfianza social. Cambiar esa percepci\u00f3n implica inversi\u00f3n estatal, formaci\u00f3n de calidad, est\u00e1ndares \u00e9ticos y reglas claras de responsabilidad institucional.<\/p>\n\n\n\n<p class=\"has-text-align-center\"><em><strong><em><strong><em><strong><em><strong><a href=\"https:\/\/t.me\/esreviral\">\u00daNETE A NUESTRO CANAL DE TELEGRAM PARA ESTAR INFORMADO<\/a><\/strong><\/em><\/strong><\/em><\/strong><\/em><\/strong><\/em><\/p>\n\n\n\n<p><br>La regi\u00f3n se mueve as\u00ed hacia una conclusi\u00f3n compartida: entre eficacia y derechos no hay contradicci\u00f3n, hay madurez democr\u00e1tica. Am\u00e9rica Latina no<br>discute si necesita polic\u00edas; discute que polic\u00edas necesita para enfrentar un mundo inseguro sin renunciar a la dignidad humana.<\/p>\n\n\n\n<p>El debate no ha terminado, pero finalmente comenz\u00f3.<\/p>\n\n\n\n<p><\/p>\n\n\n\n<p class=\"has-text-align-right\"><strong><em>Braulio Seijas.-<\/em><\/strong><\/p>\n","protected":false},"excerpt":{"rendered":"<p>Am\u00e9rica Latina atraviesa un cambio de paradigma en materia de seguridad p\u00fablica, impulsado por la creciente complejidad del delito y la demanda social de mayor protecci\u00f3n con respeto a los derechos humanos. Expertos y organismos internacionales coinciden en que el modelo policial basado \u00fanicamente en la fuerza y la reacci\u00f3n resulta insuficiente. La tendencia actual apunta a fuerzas de seguridad m\u00e1s profesionalizadas, sujetas a control civil, transparencia y rendici\u00f3n de cuentas, bajo la premisa de que no puede haber seguridad sostenible sin legitimidad democr\u00e1tica.<\/p>\n","protected":false},"author":3,"featured_media":76163,"comment_status":"closed","ping_status":"closed","sticky":false,"template":"","format":"standard","meta":{"jnews-multi-image_gallery":[],"jnews_single_post":{"format":"standard"},"jnews_primary_category":[],"jnews_social_meta":[],"jnews_review":[],"enable_review":"","type":"","name":"","summary":"","brand":"","sku":"","good":[],"bad":[],"score_override":"","override_value":"","rating":[],"price":[],"jnews_override_counter":[],"jnews_post_split":[],"footnotes":""},"categories":[137],"tags":[1970,44,27153],"class_list":["post-87267","post","type-post","status-publish","format-standard","has-post-thumbnail","hentry","category-opinion","tag-america-latina","tag-argentina","tag-braulio-seijas-2"],"amp_enabled":true,"_links":{"self":[{"href":"https:\/\/esreviral.com\/index.php?rest_route=\/wp\/v2\/posts\/87267"}],"collection":[{"href":"https:\/\/esreviral.com\/index.php?rest_route=\/wp\/v2\/posts"}],"about":[{"href":"https:\/\/esreviral.com\/index.php?rest_route=\/wp\/v2\/types\/post"}],"author":[{"embeddable":true,"href":"https:\/\/esreviral.com\/index.php?rest_route=\/wp\/v2\/users\/3"}],"replies":[{"embeddable":true,"href":"https:\/\/esreviral.com\/index.php?rest_route=%2Fwp%2Fv2%2Fcomments&post=87267"}],"version-history":[{"count":1,"href":"https:\/\/esreviral.com\/index.php?rest_route=\/wp\/v2\/posts\/87267\/revisions"}],"predecessor-version":[{"id":87268,"href":"https:\/\/esreviral.com\/index.php?rest_route=\/wp\/v2\/posts\/87267\/revisions\/87268"}],"wp:featuredmedia":[{"embeddable":true,"href":"https:\/\/esreviral.com\/index.php?rest_route=\/wp\/v2\/media\/76163"}],"wp:attachment":[{"href":"https:\/\/esreviral.com\/index.php?rest_route=%2Fwp%2Fv2%2Fmedia&parent=87267"}],"wp:term":[{"taxonomy":"category","embeddable":true,"href":"https:\/\/esreviral.com\/index.php?rest_route=%2Fwp%2Fv2%2Fcategories&post=87267"},{"taxonomy":"post_tag","embeddable":true,"href":"https:\/\/esreviral.com\/index.php?rest_route=%2Fwp%2Fv2%2Ftags&post=87267"}],"curies":[{"name":"wp","href":"https:\/\/api.w.org\/{rel}","templated":true}]}}