{"id":87182,"date":"2026-01-30T07:45:21","date_gmt":"2026-01-30T12:45:21","guid":{"rendered":"https:\/\/esreviral.com\/?p=87182"},"modified":"2026-01-30T07:57:16","modified_gmt":"2026-01-30T12:57:16","slug":"una-infancia-atravesada-por-la-ausencia-la-escritora-venezolana-presenta-su-novela-abril","status":"publish","type":"post","link":"https:\/\/esreviral.com\/?p=87182","title":{"rendered":"Una infancia atravesada por la ausencia: la escritora venezolana presenta su novela Abril"},"content":{"rendered":"\n<p><strong><em>KQA.- <\/em>La escritora venezolana Sara Jim\u00e9nez Molina, nacida en M\u00e9rida y radicada en la Ciudad de Buenos Aires desde 2014<\/strong>, presenta <em>Abril<\/em>, su <strong>primera novela<\/strong>, una obra que indaga en la infancia, los v\u00ednculos familiares y los silencios que marcan la vida de ni\u00f1as y mujeres. Con 41 a\u00f1os de edad, la autora construye una narrativa \u00edntima y profunda, atravesada por la experiencia migrante y por una mirada sensible sobre la ni\u00f1ez en los a\u00f1os noventa en Venezuela.<\/p>\n\n\n\n<p>Sara dej\u00f3 su pa\u00eds hace m\u00e1s de una d\u00e9cada, motivada por diversas razones personales, aunque se\u00f1al\u00f3 como detonante la violencia ejercida por el Estado durante las protestas de febrero de 2014. Desde entonces, Argentina se convirti\u00f3 no solo en su lugar de residencia, sino tambi\u00e9n en un territorio f\u00e9rtil para su desarrollo literario. \u201c<strong><em>La experiencia migrante me dio una mirada m\u00e1s amplia y distinta del mundo. Argentina es un pa\u00eds que respira literatura, y en parte por eso ac\u00e1 me anim\u00e9 a formarme en talleres con otros escritores y a mostrar mi obra\u201d, <\/em><\/strong>explic\u00f3.<\/p>\n\n\n\n<p class=\"has-text-align-center\"><strong><a href=\"https:\/\/chat.whatsapp.com\/KWkTmakY3I05kNdd2oZl6d\"><em>\u00daNETE A NUESTRO GRUPO DE WHATSAPP PARA ESTAR INFORMADO<\/em><\/a><\/strong><\/p>\n\n\n<div class=\"wp-block-image\">\n<figure class=\"aligncenter size-large\"><img fetchpriority=\"high\" decoding=\"async\" width=\"682\" height=\"1024\" src=\"https:\/\/esreviral.com\/wp-content\/uploads\/2026\/01\/AnyConv.com__WhatsApp-Image-2026-01-29-at-6.42.46-PM-682x1024.webp\" alt=\"\" class=\"wp-image-87188\" srcset=\"https:\/\/esreviral.com\/wp-content\/uploads\/2026\/01\/AnyConv.com__WhatsApp-Image-2026-01-29-at-6.42.46-PM-682x1024.webp 682w, https:\/\/esreviral.com\/wp-content\/uploads\/2026\/01\/AnyConv.com__WhatsApp-Image-2026-01-29-at-6.42.46-PM-200x300.webp 200w, https:\/\/esreviral.com\/wp-content\/uploads\/2026\/01\/AnyConv.com__WhatsApp-Image-2026-01-29-at-6.42.46-PM-768x1153.webp 768w, https:\/\/esreviral.com\/wp-content\/uploads\/2026\/01\/AnyConv.com__WhatsApp-Image-2026-01-29-at-6.42.46-PM-1023x1536.webp 1023w, https:\/\/esreviral.com\/wp-content\/uploads\/2026\/01\/AnyConv.com__WhatsApp-Image-2026-01-29-at-6.42.46-PM.webp 1066w\" sizes=\"(max-width: 682px) 100vw, 682px\" \/><figcaption class=\"wp-element-caption\">Foto: Nelson Dudier.<\/figcaption><\/figure>\n<\/div>\n\n\n<p><\/p>\n\n\n\n<p>Si bien aclar\u00f3 que no siempre escribe sobre migraci\u00f3n, reconoce que ese desplazamiento vital \u2014al mismo tiempo regalo y herida\u2014 atraviesa inevitablemente su escritura. La distancia, tanto f\u00edsica como temporal, le permiti\u00f3 adquirir una nueva perspectiva narrativa:<strong><em> \u201cLa distancia ya te da una mirada distinta de lo que uno puede recordar y, a la vez, deformar para escribir ficci\u00f3n\u201d.<\/em><\/strong><\/p>\n\n\n\n<p>Ese proceso creativo tambi\u00e9n implic\u00f3 desaf\u00edos. Uno de los principales fue sostener la voz venezolana a lo largo de <em>Abril<\/em>. Con los a\u00f1os, el habla y las formas argentinas comenzaron a filtrarse en su lenguaje, lo que la llev\u00f3 a revisar minuciosamente cada cap\u00edtulo para preservar la ra\u00edz de los personajes.<\/p>\n\n\n\n<p>La novela <em>Abril<\/em> se desarrolla \u00edntegramente en Venezuela y narra la historia de una ni\u00f1a que despierta una ma\u00f1ana con su familia incompleta. A pesar de la ausencia de su madre, debe levantarse, ir al colegio y continuar con su vida. La historia se sumerge en los rituales de la infancia cuando el mundo cambia de golpe y todo parece volverse m\u00e1s dif\u00edcil de comprender. La protagonista asume responsabilidades que no le corresponden por su edad: cuida a su hermana menor y, en ocasiones, a su propio padre. Calla, se oculta, obedece y ocupa el rol de adulta en un entorno donde los mayores no siempre logran protegerla.<\/p>\n\n\n\n<p><strong>Aunque la novela no es autobiogr\u00e1fica, Sara reconoce que contiene retazos de su propia ni\u00f1ez, especialmente en el contexto.<\/strong> Considera que muchas mujeres que crecieron en los a\u00f1os noventa pueden sentirse identificadas. No se trata, sin embargo, de una obra nost\u00e1lgica, aun cuando transcurre en esa d\u00e9cada: est\u00e1 narrada desde el presente de su protagonista.<\/p>\n\n\n\n<figure class=\"wp-block-image size-large\"><img decoding=\"async\" width=\"1024\" height=\"1024\" src=\"https:\/\/esreviral.com\/wp-content\/uploads\/2026\/01\/AnyConv.com__WhatsApp-Image-2026-01-29-at-6.43.26-PM-1024x1024.webp\" alt=\"\" class=\"wp-image-87190\" srcset=\"https:\/\/esreviral.com\/wp-content\/uploads\/2026\/01\/AnyConv.com__WhatsApp-Image-2026-01-29-at-6.43.26-PM-1024x1024.webp 1024w, https:\/\/esreviral.com\/wp-content\/uploads\/2026\/01\/AnyConv.com__WhatsApp-Image-2026-01-29-at-6.43.26-PM-300x300.webp 300w, https:\/\/esreviral.com\/wp-content\/uploads\/2026\/01\/AnyConv.com__WhatsApp-Image-2026-01-29-at-6.43.26-PM-150x150.webp 150w, https:\/\/esreviral.com\/wp-content\/uploads\/2026\/01\/AnyConv.com__WhatsApp-Image-2026-01-29-at-6.43.26-PM-768x768.webp 768w, https:\/\/esreviral.com\/wp-content\/uploads\/2026\/01\/AnyConv.com__WhatsApp-Image-2026-01-29-at-6.43.26-PM-1536x1536.webp 1536w, https:\/\/esreviral.com\/wp-content\/uploads\/2026\/01\/AnyConv.com__WhatsApp-Image-2026-01-29-at-6.43.26-PM.webp 1600w\" sizes=\"(max-width: 1024px) 100vw, 1024px\" \/><figcaption class=\"wp-element-caption\"><strong>La portada fue ilustrada por Caribay M. Benavides, artista venezolana radicada en Buenos Aires, con quien comparte el origen andino.<\/strong><\/figcaption><\/figure>\n\n\n\n<p><\/p>\n\n\n\n<p>La historia naci\u00f3 como un cuento escrito en un taller coordinado por Pilar Perciavalle, quien luego se convirti\u00f3 en mentora del proyecto. Con el tiempo y el trabajo sostenido, ese texto inicial creci\u00f3 hasta transformarse en <em>Abril<\/em>. La edici\u00f3n estuvo a cargo de D\u00e1maris Pettersson, quien acompa\u00f1a la obra de la autora desde sus primeras publicaciones. <strong>La portada fue ilustrada por Caribay M. Benavides, artista venezolana radicada en Buenos Aires, con quien comparte el origen andino.<\/strong><\/p>\n\n\n\n<p>En cuanto a los temas centrales, la novela se enfoca en la ni\u00f1ez y propone una mirada distinta sobre la maternidad, la paternidad y el cuidado de las infancias, as\u00ed como sobre las din\u00e1micas sociales y culturales que influyen en la construcci\u00f3n de las mujeres<strong>.<em> \u201cNo busqu\u00e9 dar respuestas, sino abrir preguntas. Que cada lector se reconozca o se confronte con la historia\u201d, se\u00f1al\u00f3 la autora.<\/em><\/strong><\/p>\n\n\n\n<p><em>Abril<\/em> est\u00e1 dirigida a adolescentes, j\u00f3venes adultos y adultos. Aunque visibiliza las experiencias de ni\u00f1as y mujeres, busca interpelar tanto a hombres como a mujeres, sin distinci\u00f3n. Sara espera que cada lector transite emociones diversas \u2014nostalgia, ternura, miedo o incluso incomodidad\u2014 y que la obra resuene de manera distinta seg\u00fan la edad y la experiencia personal.<\/p>\n\n\n\n<p>Publicada por <strong>Cabur\u00e9 Libros<\/strong>, <strong>la novela puede adquirirse a trav\u00e9s del sitio web de la editorial o en su librer\u00eda ubicada en el barrio porte\u00f1o de San Telmo. <\/strong>Este lanzamiento se suma a una trayectoria que incluye la participaci\u00f3n en diversas antolog\u00edas y la publicaci\u00f3n de <em>Todos tus Bichos<\/em>, su libro de relatos, que ya va por su tercera edici\u00f3n con la editorial Autores de Argentina y que incluso forma parte del acervo de la Biblioteca Nacional Mariano Moreno.<\/p>\n\n\n\n<p>De cara al futuro, la autora contin\u00faa escribiendo, aunque actualmente concentra gran parte de su energ\u00eda en <strong>Autores Venezolanos en Argentina<\/strong>, la agrupaci\u00f3n colectiva que cofund\u00f3 junto a Alicia Ch\u00e1vez, Orlando Alfonzo y Osjanny Montero. Uno de sus proyectos m\u00e1s destacados es <em>Ficci\u00f3n con Medialunas<\/em>, un ciclo literario mensual que busca tender puentes entre culturas a trav\u00e9s de lecturas y otras expresiones art\u00edsticas en un caf\u00e9 porte\u00f1o.<\/p>\n\n\n\n<p class=\"has-text-align-center\"><em><strong><em><strong><em><strong><em><strong><a href=\"https:\/\/t.me\/esreviral\">\u00daNETE A NUESTRO CANAL DE TELEGRAM PARA ESTAR INFORMADO<\/a><\/strong><\/em><\/strong><\/em><\/strong><\/em><\/strong><\/em><\/p>\n\n\n\n<p><strong><em>\u201cEscribir es la forma en que entiendo la vida\u201d, <\/em><\/strong>afirm\u00f3 Sara, convencida de que seguir\u00e1 publicando y compartiendo su obra. Para quienes a\u00fan dudan en acercarse a <em>Abril<\/em>, la autora es clara: no se trata de un libro infantil, sino de una historia con m\u00faltiples capas, donde cada lector podr\u00e1 descubrir distintos niveles de profundidad y sentido.<\/p>\n\n\n\n<p><\/p>\n","protected":false},"excerpt":{"rendered":"<p>La escritora venezolana Sara, radicada en Buenos Aires desde 2014, presenta Abril, su primera novela, una obra que explora la infancia, la ausencia y los silencios familiares desde la mirada de una ni\u00f1a en la Venezuela de los a\u00f1os noventa. Publicada por Cabur\u00e9 Libros, la novela propone una reflexi\u00f3n profunda sobre el cuidado de las infancias, la construcci\u00f3n de la identidad y los mandatos culturales que atraviesan a las mujeres, con una narrativa \u00edntima marcada por la experiencia migrante y la memoria.<\/p>\n","protected":false},"author":3,"featured_media":87189,"comment_status":"closed","ping_status":"closed","sticky":false,"template":"","format":"standard","meta":{"jnews-multi-image_gallery":[],"jnews_single_post":{"format":"standard"},"jnews_primary_category":[],"jnews_social_meta":[],"jnews_review":[],"enable_review":"","type":"","name":"","summary":"","brand":"","sku":"","good":[],"bad":[],"score_override":"","override_value":"","rating":[],"price":[],"jnews_override_counter":[],"jnews_post_split":[],"footnotes":""},"categories":[43,5892],"tags":[8746,14620,2629,1495,45,39571,39572,67],"class_list":["post-87182","post","type-post","status-publish","format-standard","has-post-thumbnail","hentry","category-actualidad","category-venezolanos-en-argentina","tag-abril","tag-autores-venezolanos-en-argentina","tag-escritora-venezolana","tag-libro","tag-noticias","tag-primera-novela","tag-sara-jimenez-molina","tag-venezolanos-en-argentina"],"_links":{"self":[{"href":"https:\/\/esreviral.com\/index.php?rest_route=\/wp\/v2\/posts\/87182","targetHints":{"allow":["GET"]}}],"collection":[{"href":"https:\/\/esreviral.com\/index.php?rest_route=\/wp\/v2\/posts"}],"about":[{"href":"https:\/\/esreviral.com\/index.php?rest_route=\/wp\/v2\/types\/post"}],"author":[{"embeddable":true,"href":"https:\/\/esreviral.com\/index.php?rest_route=\/wp\/v2\/users\/3"}],"replies":[{"embeddable":true,"href":"https:\/\/esreviral.com\/index.php?rest_route=%2Fwp%2Fv2%2Fcomments&post=87182"}],"version-history":[{"count":5,"href":"https:\/\/esreviral.com\/index.php?rest_route=\/wp\/v2\/posts\/87182\/revisions"}],"predecessor-version":[{"id":87206,"href":"https:\/\/esreviral.com\/index.php?rest_route=\/wp\/v2\/posts\/87182\/revisions\/87206"}],"wp:featuredmedia":[{"embeddable":true,"href":"https:\/\/esreviral.com\/index.php?rest_route=\/wp\/v2\/media\/87189"}],"wp:attachment":[{"href":"https:\/\/esreviral.com\/index.php?rest_route=%2Fwp%2Fv2%2Fmedia&parent=87182"}],"wp:term":[{"taxonomy":"category","embeddable":true,"href":"https:\/\/esreviral.com\/index.php?rest_route=%2Fwp%2Fv2%2Fcategories&post=87182"},{"taxonomy":"post_tag","embeddable":true,"href":"https:\/\/esreviral.com\/index.php?rest_route=%2Fwp%2Fv2%2Ftags&post=87182"}],"curies":[{"name":"wp","href":"https:\/\/api.w.org\/{rel}","templated":true}]}}