{"id":87134,"date":"2026-01-29T08:28:11","date_gmt":"2026-01-29T13:28:11","guid":{"rendered":"https:\/\/esreviral.com\/?p=87134"},"modified":"2026-01-29T10:51:24","modified_gmt":"2026-01-29T15:51:24","slug":"petro-pidio-investigar-con-rigurosidad-el-accidente-aereo-que-dejo-15-muertos","status":"publish","type":"post","link":"https:\/\/esreviral.com\/?p=87134","title":{"rendered":"15 muertos dej\u00f3 terror\u00edfico accidente tras la ca\u00edda de un avi\u00f3n en la frontera con Venezuela"},"content":{"rendered":"\n<p><strong>Un total de 15 personas murieron tras la ca\u00edda de un avi\u00f3n de la aerol\u00ednea estatal colombiana Satena en una zona cercana a la frontera con Venezuela.<\/strong> La aeronave se precipit\u00f3 en un \u00e1rea monta\u00f1osa del departamento de Norte de Santander, luego de perder contacto poco despu\u00e9s de despegar, en un accidente que conmocion\u00f3 al pa\u00eds.<\/p>\n\n\n\n<p>El siniestro involucr\u00f3 a un bimotor Beechcraft 1900 que hab\u00eda partido en la ma\u00f1ana de este mi\u00e9rcoles desde el aeropuerto Camilo Daza, en la ciudad de C\u00facuta, con destino a Oca\u00f1a. El avi\u00f3n nunca lleg\u00f3 al aeropuerto Aguas Claras, donde deb\u00eda aterrizar apenas 25 minutos despu\u00e9s del despegue.<\/p>\n\n\n\n<p class=\"has-text-align-center\"><strong><a href=\"https:\/\/chat.whatsapp.com\/KWkTmakY3I05kNdd2oZl6d\"><em>\u00daNETE A NUESTRO GRUPO DE WHATSAPP PARA ESTAR INFORMADO<\/em><\/a><\/strong><\/p>\n\n\n\n<figure class=\"wp-block-image size-large is-resized\"><img decoding=\"async\" src=\"https:\/\/pbs.twimg.com\/media\/G_1uetGXkAIlzzI?format=jpg&amp;name=large\" alt=\"\" style=\"width:1071px;height:auto\"\/><\/figure>\n\n\n\n<p><\/p>\n\n\n\n<p>Los restos de la aeronave fueron hallados por campesinos en la aldea Curacica, una zona rural y de dif\u00edcil acceso del municipio de La Playa de Bel\u00e9n, ubicada a unos 30 minutos de Oca\u00f1a. En el lugar murieron <strong>trece pasajeros y dos tripulantes<\/strong>, seg\u00fan confirmaron las autoridades.<\/p>\n\n\n\n<p>Entre las v\u00edctimas se encuentran <strong>el representante a la C\u00e1mara Di\u00f3genes Quintero Amaya; el candidato al Congreso Carlos Salcedo; Maira Alejandra Avenda\u00f1o, integrante del Consejo Noruego de Refugiados (NRC); Karen Liliana Parales, de la organizaci\u00f3n World Vision, y Juan David Pacheco, exconcejal del municipio de Oca\u00f1a.<\/strong><\/p>\n\n\n\n<p>Tras el accidente, el presidente de Colombia, Gustavo Petro, orden\u00f3 una <strong>investigaci\u00f3n rigurosa<\/strong> para determinar las causas del siniestro. La instrucci\u00f3n fue dirigida al Ministerio de Transporte, a la Aeron\u00e1utica Civil y a otros organismos competentes, seg\u00fan inform\u00f3 el Gobierno en un comunicado oficial.<\/p>\n\n\n\n<p>De acuerdo con las autoridades, la aeronave fue fabricada en 1995, acumulaba cerca de <strong>32.000 horas de vuelo<\/strong> y contaba con la documentaci\u00f3n en regla. No obstante, se analizan las condiciones t\u00e9cnicas, operativas y clim\u00e1ticas al momento del accidente.<\/p>\n\n\n\n<p class=\"has-text-align-center\"><em><strong><em><strong><em><strong><em><strong><a href=\"https:\/\/t.me\/esreviral\">\u00daNETE A NUESTRO CANAL DE TELEGRAM PARA ESTAR INFORMADO<\/a><\/strong><\/em><\/strong><\/em><\/strong><\/em><\/strong><\/em><\/p>\n\n\n\n<p>Quintero Amaya representaba a la regi\u00f3n del Catatumbo en la Circunscripci\u00f3n Transitoria Especial de Paz (Citrep) y hab\u00eda llegado al Congreso en 2022 con el respaldo de comunidades v\u00edctimas del desplazamiento forzado. El legislador buscaba la reelecci\u00f3n en los comicios del pr\u00f3ximo 8 de marzo como candidato del Partido de la U por Norte de Santander, inform\u00f3 la agencia EFE.<\/p>\n\n\n\n<p class=\"has-text-align-right\"><strong><em>Con Informaci\u00f3n de ElNacional.-<\/em><\/strong><\/p>\n","protected":false},"excerpt":{"rendered":"<p>Entre las v\u00edctimas est\u00e1n el representante a la C\u00e1mara Di\u00f3genes Quintero Amaya y el candidato a congresista Carlos Salcedo<\/p>\n","protected":false},"author":3,"featured_media":87135,"comment_status":"closed","ping_status":"closed","sticky":false,"template":"","format":"standard","meta":{"jnews-multi-image_gallery":[],"jnews_single_post":{"format":"standard"},"jnews_primary_category":[],"jnews_social_meta":[],"jnews_review":[],"enable_review":"","type":"","name":"","summary":"","brand":"","sku":"","good":[],"bad":[],"score_override":"","override_value":"","rating":[],"price":[],"jnews_override_counter":[],"jnews_post_split":[],"footnotes":""},"categories":[88,64],"tags":[6362,39556,1549,45,2774],"class_list":["post-87134","post","type-post","status-publish","format-standard","has-post-thumbnail","hentry","category-internacionales","category-sucesos","tag-accidente-aereo","tag-avion-accidente-satena","tag-gustavo-petro","tag-noticias","tag-presidente-de-colombia"],"amp_enabled":true,"_links":{"self":[{"href":"https:\/\/esreviral.com\/index.php?rest_route=\/wp\/v2\/posts\/87134"}],"collection":[{"href":"https:\/\/esreviral.com\/index.php?rest_route=\/wp\/v2\/posts"}],"about":[{"href":"https:\/\/esreviral.com\/index.php?rest_route=\/wp\/v2\/types\/post"}],"author":[{"embeddable":true,"href":"https:\/\/esreviral.com\/index.php?rest_route=\/wp\/v2\/users\/3"}],"replies":[{"embeddable":true,"href":"https:\/\/esreviral.com\/index.php?rest_route=%2Fwp%2Fv2%2Fcomments&post=87134"}],"version-history":[{"count":3,"href":"https:\/\/esreviral.com\/index.php?rest_route=\/wp\/v2\/posts\/87134\/revisions"}],"predecessor-version":[{"id":87159,"href":"https:\/\/esreviral.com\/index.php?rest_route=\/wp\/v2\/posts\/87134\/revisions\/87159"}],"wp:featuredmedia":[{"embeddable":true,"href":"https:\/\/esreviral.com\/index.php?rest_route=\/wp\/v2\/media\/87135"}],"wp:attachment":[{"href":"https:\/\/esreviral.com\/index.php?rest_route=%2Fwp%2Fv2%2Fmedia&parent=87134"}],"wp:term":[{"taxonomy":"category","embeddable":true,"href":"https:\/\/esreviral.com\/index.php?rest_route=%2Fwp%2Fv2%2Fcategories&post=87134"},{"taxonomy":"post_tag","embeddable":true,"href":"https:\/\/esreviral.com\/index.php?rest_route=%2Fwp%2Fv2%2Ftags&post=87134"}],"curies":[{"name":"wp","href":"https:\/\/api.w.org\/{rel}","templated":true}]}}