{"id":86940,"date":"2026-01-26T10:15:27","date_gmt":"2026-01-26T15:15:27","guid":{"rendered":"https:\/\/esreviral.com\/?p=86940"},"modified":"2026-01-26T10:15:28","modified_gmt":"2026-01-26T15:15:28","slug":"los-detalles-del-proyecto-de-la-baja-en-la-edad-de-imputabilidad-que-sera-parte-del-temario-en-sesiones-extraordinarias","status":"publish","type":"post","link":"https:\/\/esreviral.com\/?p=86940","title":{"rendered":"Los detalles del proyecto de la baja en la edad de imputabilidad, que ser\u00e1 parte del temario en sesiones extraordinarias"},"content":{"rendered":"\n<p>El Gobierno argentino confirm\u00f3 que el proyecto para <strong>bajar la edad de imputabilidad<\/strong> formar\u00e1 parte del temario de las <strong>sesiones extraordinarias del Congreso<\/strong>, que se desarrollar\u00e1n entre el <strong>2 y el 27 de febrero<\/strong>.<\/p>\n\n\n\n<p>El anuncio fue realizado por el jefe de Gabinete, <strong>Manuel Adorni<\/strong>, quien anticip\u00f3 a trav\u00e9s de su cuenta en X que la <strong>Ley Penal Juvenil<\/strong> ser\u00e1 debatida durante febrero, luego de encabezar una reuni\u00f3n de la mesa pol\u00edtica del Gobierno en la Casa Rosada, donde se analizaron tambi\u00e9n las negociaciones en torno a la reforma laboral impulsada por el oficialismo.<\/p>\n\n\n\n<p>\u201cReunidos en Casa Rosada desde temprano. La \u2018Ley Penal Juvenil\u2019 tambi\u00e9n formar\u00e1 parte del temario de las sesiones extraordinarias. Fin\u201d, escribi\u00f3 Adorni..<\/p>\n\n\n\n<p class=\"has-text-align-center\"><strong><a href=\"https:\/\/chat.whatsapp.com\/KWkTmakY3I05kNdd2oZl6d\"><em>\u00daNETE A NUESTRO GRUPO DE WHATSAPP PARA ESTAR INFORMADO<\/em><\/a><\/strong><\/p>\n\n\n\n<blockquote class=\"twitter-tweet\"><p lang=\"es\" dir=\"ltr\">Reunidos en Casa Rosada desde temprano. <br><br>La \u201cLey Penal Juvenil\u201d tambi\u00e9n formar\u00e1 parte del temario de las sesiones extraordinarias.<br><br>Fin. <a href=\"https:\/\/t.co\/GSM6HHrI5g\">pic.twitter.com\/GSM6HHrI5g<\/a><\/p>&mdash; Manuel Adorni (@madorni) <a href=\"https:\/\/twitter.com\/madorni\/status\/2015784784317043176?ref_src=twsrc%5Etfw\">January 26, 2026<\/a><\/blockquote> <script async src=\"https:\/\/platform.twitter.com\/widgets.js\" charset=\"utf-8\"><\/script>\n\n\n\n<p><\/p>\n\n\n\n<p>Del encuentro participaron la secretaria general de la Presidencia, <strong>Karina Milei<\/strong>; los ministros <strong>Diego Santilli<\/strong> (Interior) y <strong>Luis Caputo<\/strong> (Econom\u00eda); el presidente de la C\u00e1mara de Diputados, <strong>Mart\u00edn Menem<\/strong>; la jefa del bloque de La Libertad Avanza en el Senado, <strong>Patricia Bullrich<\/strong>; el asesor presidencial <strong>Santiago Caputo<\/strong>; y el secretario de Asuntos Estrat\u00e9gicos de la Jefatura de Gabinete, <strong>Ignacio Devitt<\/strong>.<\/p>\n\n\n\n<h3 class=\"wp-block-heading\"><strong><mark style=\"background-color:rgba(0, 0, 0, 0)\" class=\"has-inline-color has-vivid-red-color\">Fuerte impulso oficialista<\/mark><\/strong><\/h3>\n\n\n\n<p>Desde el oficialismo, referentes de La Libertad Avanza reforzaron la presi\u00f3n para avanzar con la iniciativa. Patricia Bullrich sostuvo en X: <strong><em>\u201cNos vemos en el Congreso en febrero para tratar la Ley Penal Juvenil y actualizar la edad de imputabilidad. La sociedad necesita justicia y prevenir nuevas v\u00edctimas. No m\u00e1s excusas ni dilaciones\u201d.<\/em><\/strong><\/p>\n\n\n\n<p>En la misma l\u00ednea, el diputado y exministro de Defensa <strong>Luis Petri<\/strong> afirm\u00f3 que la reforma es \u201curgente y necesaria\u201d, y cuestion\u00f3 la normativa vigente: \u201c<strong><em>\u00bfCu\u00e1ntas nuevas v\u00edctimas vamos a esperar para reformar una ley que demuestra su fracaso cada vez que un hecho violento deja a una familia destrozada?<\/em><\/strong>\u201d.<\/p>\n\n\n\n<p>Petri subray\u00f3 que Argentina tiene una de las edades de imputabilidad m\u00e1s altas del mundo y asegur\u00f3 que el debate \u201ces impostergable\u201d y debe ser resuelto por el Congreso.<\/p>\n\n\n\n<h3 class=\"wp-block-heading\"><strong><mark style=\"background-color:rgba(0, 0, 0, 0)\" class=\"has-inline-color has-vivid-red-color\">Antecedentes del debate legislativo<\/mark><\/strong><\/h3>\n\n\n\n<p>Durante el a\u00f1o pasado, un plenario de las comisiones de Legislaci\u00f3n Penal, Presupuesto, Justicia y Familias, Ni\u00f1ez y Juventudes de la C\u00e1mara de Diputados trabaj\u00f3 durante varios meses y consensu\u00f3 <strong>12 proyectos<\/strong> que propon\u00edan fijar la edad de imputabilidad entre los <strong>12 y 16 a\u00f1os<\/strong>.<\/p>\n\n\n\n<p>El dictamen de mayor\u00eda cont\u00f3 con el respaldo de La Libertad Avanza, el PRO, la UCR, partidos provinciales, la Coalici\u00f3n C\u00edvica, Encuentro Federal y Democracia para Siempre, y modific\u00f3 la iniciativa original del Poder Ejecutivo, que planteaba reducir la edad a 13 a\u00f1os.<\/p>\n\n\n\n<p>Finalmente, el texto consensuado estableci\u00f3 bajar la edad de imputabilidad de <strong>16 a 14 a\u00f1os<\/strong>, fijar penas m\u00e1ximas de hasta <strong>15 a\u00f1os de prisi\u00f3n<\/strong> y contemplar sanciones alternativas \u2014como servicios comunitarios, prohibici\u00f3n de conducir y reparaciones econ\u00f3micas\u2014 para condenas menores a 10 a\u00f1os.<\/p>\n\n\n\n<p class=\"has-text-align-center\"><em><strong><em><strong><em><strong><em><strong><a href=\"https:\/\/t.me\/esreviral\">\u00daNETE A NUESTRO CANAL DE TELEGRAM PARA ESTAR INFORMADO<\/a><\/strong><\/em><\/strong><\/em><\/strong><\/em><\/strong><\/em><\/p>\n\n\n\n<p>Por su parte, el bloque de <strong>Uni\u00f3n por la Patria<\/strong> sostuvo que la edad no deber\u00eda modificarse y mantenerse en 16 a\u00f1os de edad, mientras que el <strong>Frente de Izquierda<\/strong> rechaz\u00f3 de plano cualquier cambio al r\u00e9gimen penal juvenil vigente.<\/p>\n\n\n\n<p><\/p>\n\n\n\n<p class=\"has-text-align-right\"><strong><em>Con Informaci\u00f3n de TN.-<\/em><\/strong><\/p>\n","protected":false},"excerpt":{"rendered":"<p>El jefe de Gabinete, Manuel Adorni, anticip\u00f3 que la ley Penal Juvenil ser\u00e1 debatida en febrero en el Congreso. \u201cNo m\u00e1s excusas ni dilaciones\u201d, asegur\u00f3 Patricia Bullrich.<\/p>\n","protected":false},"author":3,"featured_media":86941,"comment_status":"closed","ping_status":"closed","sticky":false,"template":"","format":"standard","meta":{"jnews-multi-image_gallery":[],"jnews_single_post":{"format":"standard"},"jnews_primary_category":[],"jnews_social_meta":[],"jnews_review":[],"enable_review":"","type":"","name":"","summary":"","brand":"","sku":"","good":[],"bad":[],"score_override":"","override_value":"","rating":[],"price":[],"jnews_override_counter":[],"jnews_post_split":[],"footnotes":""},"categories":[58,59],"tags":[44,167,18252,4438,25977,45,39368],"class_list":["post-86940","post","type-post","status-publish","format-standard","has-post-thumbnail","hentry","category-argentina","category-politica","tag-argentina","tag-congreso","tag-edad-de-imputabilidad","tag-gobierno-argentino","tag-imputabilidad","tag-noticias","tag-sesiones-extraordinarias"],"amp_enabled":true,"_links":{"self":[{"href":"https:\/\/esreviral.com\/index.php?rest_route=\/wp\/v2\/posts\/86940"}],"collection":[{"href":"https:\/\/esreviral.com\/index.php?rest_route=\/wp\/v2\/posts"}],"about":[{"href":"https:\/\/esreviral.com\/index.php?rest_route=\/wp\/v2\/types\/post"}],"author":[{"embeddable":true,"href":"https:\/\/esreviral.com\/index.php?rest_route=\/wp\/v2\/users\/3"}],"replies":[{"embeddable":true,"href":"https:\/\/esreviral.com\/index.php?rest_route=%2Fwp%2Fv2%2Fcomments&post=86940"}],"version-history":[{"count":1,"href":"https:\/\/esreviral.com\/index.php?rest_route=\/wp\/v2\/posts\/86940\/revisions"}],"predecessor-version":[{"id":86942,"href":"https:\/\/esreviral.com\/index.php?rest_route=\/wp\/v2\/posts\/86940\/revisions\/86942"}],"wp:featuredmedia":[{"embeddable":true,"href":"https:\/\/esreviral.com\/index.php?rest_route=\/wp\/v2\/media\/86941"}],"wp:attachment":[{"href":"https:\/\/esreviral.com\/index.php?rest_route=%2Fwp%2Fv2%2Fmedia&parent=86940"}],"wp:term":[{"taxonomy":"category","embeddable":true,"href":"https:\/\/esreviral.com\/index.php?rest_route=%2Fwp%2Fv2%2Fcategories&post=86940"},{"taxonomy":"post_tag","embeddable":true,"href":"https:\/\/esreviral.com\/index.php?rest_route=%2Fwp%2Fv2%2Ftags&post=86940"}],"curies":[{"name":"wp","href":"https:\/\/api.w.org\/{rel}","templated":true}]}}