{"id":86918,"date":"2026-01-26T07:38:52","date_gmt":"2026-01-26T12:38:52","guid":{"rendered":"https:\/\/esreviral.com\/?p=86918"},"modified":"2026-01-26T07:44:51","modified_gmt":"2026-01-26T12:44:51","slug":"hay-alerta-naranja-en-buenos-aires-por-temperaturas-extremas-las-zonas-afectadas-y-como-evitar-un-golpe-de-calor","status":"publish","type":"post","link":"https:\/\/esreviral.com\/?p=86918","title":{"rendered":"Hay alerta naranja en Buenos Aires por temperaturas extremas: Las zonas afectadas y c\u00f3mo evitar un golpe de calor"},"content":{"rendered":"\n<p>El Servicio Meteorol\u00f3gico Nacional (SMN) emiti\u00f3 una <strong>alerta naranja por temperaturas extremas<\/strong> para este lunes 26 de enero en distintas zonas de las provincias de Buenos Aires, Entre R\u00edos, Santa Fe y C\u00f3rdoba.<\/p>\n\n\n\n<p>Adem\u00e1s, se mantiene vigente una <strong>alerta amarilla<\/strong> por altas temperaturas para Corrientes, Misiones, Santiago del Estero y Chaco.<\/p>\n\n\n\n<p class=\"has-text-align-center\"><strong><a href=\"https:\/\/chat.whatsapp.com\/KWkTmakY3I05kNdd2oZl6d\"><em>\u00daNETE A NUESTRO GRUPO DE WHATSAPP PARA ESTAR INFORMADO<\/em><\/a><\/strong><\/p>\n\n\n\n<p class=\"has-text-align-center\"><strong><em><mark style=\"background-color:rgba(0, 0, 0, 0)\" class=\"has-inline-color has-vivid-red-color\"><a href=\"https:\/\/esreviral.com\/?p=85621\" data-type=\"link\" data-id=\"https:\/\/esreviral.com\/?p=85621\">Lea Tambi\u00e9n:  \u00bfPor qu\u00e9 no se le debe dar agua a una persona que sufre de un golpe de calor?<\/a><\/mark><\/em><\/strong><\/p>\n\n\n\n<h3 class=\"wp-block-heading\"><strong><mark style=\"background-color:rgba(0, 0, 0, 0)\" class=\"has-inline-color has-vivid-red-color\">Alerta naranja por altas temperaturas: zonas afectadas<\/mark><\/strong><\/h3>\n\n\n\n<ul class=\"wp-block-list\">\n<li><strong>Buenos Aires:<\/strong> \u00c1rea Metropolitana de Buenos Aires (AMBA); sur y este de la provincia, excepto la franja costera; y el sector sudoeste.<\/li>\n\n\n\n<li><strong>Entre R\u00edos:<\/strong> oeste de la provincia, de norte a sur.<\/li>\n\n\n\n<li><strong>Santa Fe:<\/strong> sur de la provincia.<\/li>\n\n\n\n<li><strong>C\u00f3rdoba:<\/strong> R\u00edo Cuarto, La Carlota y Ju\u00e1rez Celman.<\/li>\n<\/ul>\n\n\n\n<p><\/p>\n\n\n\n<p>Este nivel de alerta indica temperaturas <strong>muy peligrosas<\/strong>, especialmente para los grupos de riesgo.<\/p>\n\n\n\n<h3 class=\"wp-block-heading\"><strong><mark style=\"background-color:rgba(0, 0, 0, 0)\" class=\"has-inline-color has-vivid-red-color\">Alerta amarilla por altas temperaturas: zonas afectadas<\/mark><\/strong><\/h3>\n\n\n\n<ul class=\"wp-block-list\">\n<li><strong>Buenos Aires:<\/strong> oeste, centro y norte de la provincia.<\/li>\n\n\n\n<li><strong>Entre R\u00edos:<\/strong> sur y este de la provincia.<\/li>\n\n\n\n<li><strong>Santa Fe:<\/strong> centro y norte, de este a oeste.<\/li>\n\n\n\n<li><strong>C\u00f3rdoba:<\/strong> toda la provincia, excepto el noroeste.<\/li>\n\n\n\n<li><strong>Santiago del Estero:<\/strong> sudeste de la provincia.<\/li>\n\n\n\n<li><strong>Chaco:<\/strong> sudeste de la provincia.<\/li>\n\n\n\n<li><strong>Corrientes:<\/strong> toda la provincia.<\/li>\n\n\n\n<li><strong>Misiones:<\/strong> toda la provincia, excepto el norte.<\/li>\n<\/ul>\n\n\n\n<p><\/p>\n\n\n\n<p>La alerta amarilla advierte sobre temperaturas que pueden ser <strong>peligrosas<\/strong>, en especial para ni\u00f1os, personas mayores de 65 a\u00f1os y quienes padecen enfermedades cr\u00f3nicas.<\/p>\n\n\n\n<h3 class=\"wp-block-heading\"><strong><mark style=\"background-color:rgba(0, 0, 0, 0)\" class=\"has-inline-color has-vivid-red-color\">Pron\u00f3stico para la Ciudad de Buenos Aires<\/mark><\/strong><\/h3>\n\n\n\n<p>Durante la ma\u00f1ana se prev\u00e9 una temperatura de <strong>30 \u00b0C<\/strong>, con cielo parcialmente nublado y vientos del norte entre <strong>13 y 22 km\/h<\/strong>.<\/p>\n\n\n\n<p>Por la tarde, la temperatura m\u00e1xima alcanzar\u00e1 los <strong>36 \u00b0C<\/strong>, con cielo mayormente nublado y vientos del noreste con intensidades similares.<\/p>\n\n\n\n<p>Hacia la noche, se espera una probabilidad de precipitaciones de hasta <strong>10 %<\/strong>, cielo mayormente nublado y una temperatura cercana a los <strong>30 \u00b0C<\/strong>, con vientos del sur de hasta <strong>12 km\/h<\/strong>.<\/p>\n\n\n\n<h3 class=\"wp-block-heading\"><strong><mark style=\"background-color:rgba(0, 0, 0, 0)\" class=\"has-inline-color has-vivid-red-color\">Recomendaciones ante el calor extremo<\/mark><\/strong><\/h3>\n\n\n\n<ul class=\"wp-block-list\">\n<li>Incrementar el consumo de agua sin esperar a sentir sed.<\/li>\n\n\n\n<li>Evitar la exposici\u00f3n al sol durante las horas centrales del d\u00eda (entre las 10 y las 16).<\/li>\n\n\n\n<li>Prestar especial atenci\u00f3n a ni\u00f1os, personas mayores, embarazadas y pacientes con enfermedades cr\u00f3nicas.<\/li>\n\n\n\n<li>Evitar bebidas con cafe\u00edna, alcohol o alto contenido de az\u00facar, as\u00ed como comidas abundantes.<\/li>\n\n\n\n<li>Consumir frutas y verduras.<\/li>\n\n\n\n<li>Reducir la actividad f\u00edsica.<\/li>\n\n\n\n<li>Usar ropa liviana, holgada y de colores claros; adem\u00e1s de sombrero y gafas de sol.<\/li>\n\n\n\n<li>Permanecer en ambientes ventilados o con aire acondicionado.<\/li>\n<\/ul>\n\n\n\n<p><\/p>\n\n\n\n<p>Ante s\u00edntomas como sed intensa, sequedad en la boca, sudoraci\u00f3n excesiva, sensaci\u00f3n de calor extremo, piel seca, agotamiento, mareos, desmayos, dolor abdominal, n\u00e1useas, v\u00f3mitos o dolor de cabeza, se recomienda:<\/p>\n\n\n\n<p class=\"has-text-align-center\"><em><strong><em><strong><em><strong><em><strong><a href=\"https:\/\/t.me\/esreviral\">\u00daNETE A NUESTRO CANAL DE TELEGRAM PARA ESTAR INFORMADO<\/a><\/strong><\/em><\/strong><\/em><\/strong><\/em><\/strong><\/em><\/p>\n\n\n\n<ul class=\"wp-block-list\">\n<li>Solicitar atenci\u00f3n m\u00e9dica de manera inmediata.<\/li>\n\n\n\n<li>Trasladar a la persona a un lugar fresco y ventilado, refrescarla, humedecer su ropa y ofrecerle agua fresca.<\/li>\n<\/ul>\n\n\n\n<p><\/p>\n\n\n\n<p class=\"has-text-align-right\"><strong><em>Con Informaci\u00f3n de TN.-<\/em><\/strong><\/p>\n","protected":false},"excerpt":{"rendered":"<p>Conoce las advertencias y recomendaciones del Servicio Meteorol\u00f3gico Nacional para hoy.<\/p>\n","protected":false},"author":3,"featured_media":86919,"comment_status":"closed","ping_status":"closed","sticky":false,"template":"","format":"standard","meta":{"jnews-multi-image_gallery":[],"jnews_single_post":{"format":"standard"},"jnews_primary_category":[],"jnews_social_meta":[],"jnews_review":[],"enable_review":"","type":"","name":"","summary":"","brand":"","sku":"","good":[],"bad":[],"score_override":"","override_value":"","rating":[],"price":[],"jnews_override_counter":[],"jnews_post_split":[],"footnotes":""},"categories":[58],"tags":[3839,1264,204,44,519,1016,13457,45,6655,19485],"class_list":["post-86918","post","type-post","status-publish","format-standard","has-post-thumbnail","hentry","category-argentina","tag-alerta-naranja","tag-altas-temperaturas","tag-amba","tag-argentina","tag-calor","tag-clima","tag-golpe-de-calor","tag-noticias","tag-pronostico-del-tiempo-3","tag-servicio-meteolorogico-nacional"],"amp_enabled":true,"_links":{"self":[{"href":"https:\/\/esreviral.com\/index.php?rest_route=\/wp\/v2\/posts\/86918"}],"collection":[{"href":"https:\/\/esreviral.com\/index.php?rest_route=\/wp\/v2\/posts"}],"about":[{"href":"https:\/\/esreviral.com\/index.php?rest_route=\/wp\/v2\/types\/post"}],"author":[{"embeddable":true,"href":"https:\/\/esreviral.com\/index.php?rest_route=\/wp\/v2\/users\/3"}],"replies":[{"embeddable":true,"href":"https:\/\/esreviral.com\/index.php?rest_route=%2Fwp%2Fv2%2Fcomments&post=86918"}],"version-history":[{"count":2,"href":"https:\/\/esreviral.com\/index.php?rest_route=\/wp\/v2\/posts\/86918\/revisions"}],"predecessor-version":[{"id":86921,"href":"https:\/\/esreviral.com\/index.php?rest_route=\/wp\/v2\/posts\/86918\/revisions\/86921"}],"wp:featuredmedia":[{"embeddable":true,"href":"https:\/\/esreviral.com\/index.php?rest_route=\/wp\/v2\/media\/86919"}],"wp:attachment":[{"href":"https:\/\/esreviral.com\/index.php?rest_route=%2Fwp%2Fv2%2Fmedia&parent=86918"}],"wp:term":[{"taxonomy":"category","embeddable":true,"href":"https:\/\/esreviral.com\/index.php?rest_route=%2Fwp%2Fv2%2Fcategories&post=86918"},{"taxonomy":"post_tag","embeddable":true,"href":"https:\/\/esreviral.com\/index.php?rest_route=%2Fwp%2Fv2%2Ftags&post=86918"}],"curies":[{"name":"wp","href":"https:\/\/api.w.org\/{rel}","templated":true}]}}