{"id":86861,"date":"2026-01-23T09:36:38","date_gmt":"2026-01-23T14:36:38","guid":{"rendered":"https:\/\/esreviral.com\/?p=86861"},"modified":"2026-01-23T09:42:14","modified_gmt":"2026-01-23T14:42:14","slug":"familiares-de-rehenes-argentinos-secuestrados-por-el-gobierno-venezolano-pidieron-al-vaticano-mediar-para-su-liberacion","status":"publish","type":"post","link":"https:\/\/esreviral.com\/?p=86861","title":{"rendered":"Familiares de rehenes argentinos secuestrados por el gobierno Venezolano pidieron al Vaticano mediar para su liberaci\u00f3n"},"content":{"rendered":"\n<p>Familiares de ciudadanos argentinos secuestrados en Venezuela por <strong>el gobierno de Nicol\u00e1s Maduro<\/strong> se manifestaron este viernes frente a la sede de la Nunciatura Apost\u00f3lica en Buenos Aires, donde reclamaron la mediaci\u00f3n del Vaticano para lograr su liberaci\u00f3n.<br><\/p>\n\n\n\n<p class=\"has-text-align-center\"><strong><a href=\"https:\/\/chat.whatsapp.com\/KWkTmakY3I05kNdd2oZl6d\"><em>\u00daNETE A NUESTRO GRUPO DE WHATSAPP PARA ESTAR INFORMADO<\/em><\/a><\/strong><\/p>\n\n\n\n<p class=\"has-text-align-center\"><strong><em><mark style=\"background-color:rgba(0, 0, 0, 0)\" class=\"has-inline-color has-vivid-red-color\"><a href=\"https:\/\/esreviral.com\/?p=86858\" data-type=\"link\" data-id=\"https:\/\/esreviral.com\/?p=86858\">Lea Tambi\u00e9n: Madre de preso pol\u00edtico muri\u00f3 horas despu\u00e9s de la excarcelaci\u00f3n de su hijo: no pudo verlo libre<\/a><\/mark><\/em><\/strong><\/p>\n\n\n\n<figure class=\"wp-block-image size-large\"><img fetchpriority=\"high\" decoding=\"async\" width=\"1024\" height=\"768\" src=\"https:\/\/esreviral.com\/wp-content\/uploads\/2026\/01\/AnyConv.com__WhatsApp-Image-2026-01-23-at-11.24.33-AM-1024x768.webp\" alt=\"\" class=\"wp-image-86864\" srcset=\"https:\/\/esreviral.com\/wp-content\/uploads\/2026\/01\/AnyConv.com__WhatsApp-Image-2026-01-23-at-11.24.33-AM-1024x768.webp 1024w, https:\/\/esreviral.com\/wp-content\/uploads\/2026\/01\/AnyConv.com__WhatsApp-Image-2026-01-23-at-11.24.33-AM-300x225.webp 300w, https:\/\/esreviral.com\/wp-content\/uploads\/2026\/01\/AnyConv.com__WhatsApp-Image-2026-01-23-at-11.24.33-AM-768x576.webp 768w, https:\/\/esreviral.com\/wp-content\/uploads\/2026\/01\/AnyConv.com__WhatsApp-Image-2026-01-23-at-11.24.33-AM-1536x1152.webp 1536w, https:\/\/esreviral.com\/wp-content\/uploads\/2026\/01\/AnyConv.com__WhatsApp-Image-2026-01-23-at-11.24.33-AM-2048x1536.webp 2048w\" sizes=\"(max-width: 1024px) 100vw, 1024px\" \/><\/figure>\n\n\n\n<p><\/p>\n\n\n\n<p>Con banderas y carteles con las fotograf\u00edas de los presos pol\u00edticos, los manifestantes exigieron que se cumplan las liberaciones prometidas por <strong>las autoridades venezolanas<\/strong> hace dos semanas, denunciando la dilaci\u00f3n del proceso y la incertidumbre que atraviesan las familias.<\/p>\n\n\n\n<p>Durante la jornada, el ministro consejero de la Nunciatura Apost\u00f3lica, monse\u00f1or Daniele Liessi, recibi\u00f3 a Mar\u00eda Alexandra G\u00f3mez y Virginia Rivero, esposas del gendarme Agust\u00edn Nahuel Gallo y del abogado Germ\u00e1n Dar\u00edo Giuliani, quienes permanecen secuestrados en Venezuela.<\/p>\n\n\n\n<p>Tras el encuentro, G\u00f3mez sostuvo: \u201c<em><strong>La Iglesia cat\u00f3lica no puede ser tibia. Queremos que est\u00e9n del lado de las v\u00edctimas y alcen la voz en defensa de los derechos humanos. A\u00fan hay m\u00e1s de 900 personas secuestradas en Venezuela. Su libertad debe ser un clamor mundial\u201d.<\/strong><\/em><\/p>\n\n\n\n<p>Por su parte, Rivero expres\u00f3 su confianza en las gestiones diplom\u00e1ticas que pueda realizar la Santa Sede<strong><em>: \u201cHace dos semanas prometieron las liberaciones de los presos pol\u00edticos y lamentablemente vemos que avanzan muy lentamente, a cuentagotas, sometiendo a los familiares a una angustia e incertidumbre permanente\u201d, afirm\u00f3.<\/em><\/strong><\/p>\n\n\n\n<figure class=\"wp-block-image size-large\"><img decoding=\"async\" width=\"1024\" height=\"768\" src=\"https:\/\/esreviral.com\/wp-content\/uploads\/2026\/01\/AnyConv.com__WhatsApp-Image-2026-01-23-at-11.24.33-AM-1-1024x768.webp\" alt=\"\" class=\"wp-image-86863\" srcset=\"https:\/\/esreviral.com\/wp-content\/uploads\/2026\/01\/AnyConv.com__WhatsApp-Image-2026-01-23-at-11.24.33-AM-1-1024x768.webp 1024w, https:\/\/esreviral.com\/wp-content\/uploads\/2026\/01\/AnyConv.com__WhatsApp-Image-2026-01-23-at-11.24.33-AM-1-300x225.webp 300w, https:\/\/esreviral.com\/wp-content\/uploads\/2026\/01\/AnyConv.com__WhatsApp-Image-2026-01-23-at-11.24.33-AM-1-768x576.webp 768w, https:\/\/esreviral.com\/wp-content\/uploads\/2026\/01\/AnyConv.com__WhatsApp-Image-2026-01-23-at-11.24.33-AM-1-1536x1152.webp 1536w, https:\/\/esreviral.com\/wp-content\/uploads\/2026\/01\/AnyConv.com__WhatsApp-Image-2026-01-23-at-11.24.33-AM-1-2048x1536.webp 2048w\" sizes=\"(max-width: 1024px) 100vw, 1024px\" \/><\/figure>\n\n\n\n<p><\/p>\n\n\n\n<p>Durante la protesta, las familiares entregaron un comunicado dirigido a monse\u00f1or Liessi, en el que solicitaron formalmente la mediaci\u00f3n del papa Le\u00f3n XIV y del secretario de Estado del Vaticano, cardenal Pietro Parolin.<\/p>\n\n\n\n<p>En el documento, las familias apelaron \u201c<strong><em>a la sensibilidad humanitaria y al compromiso permanente de la Santa Sede con la defensa de la dignidad humana, la libertad y los derechos fundamentales\u201d, <\/em><\/strong>y reclamaron gestiones urgentes para garantizar la integridad f\u00edsica y psicol\u00f3gica de los rehenes argentinos.<\/p>\n\n\n\n<p>Asimismo, advirtieron que su preocupaci\u00f3n se ve agravada por los informes de organismos internacionales y organizaciones de derechos humanos que documentan detenciones arbitrarias, tratos crueles y graves violaciones a las garant\u00edas fundamentales en Venezuela, incluyendo denuncias de persecuci\u00f3n pol\u00edtica, torturas y desapariciones forzadas.<\/p>\n\n\n\n<p class=\"has-text-align-left\">Finalmente, remarcaron que la liberaci\u00f3n y el retorno de Agust\u00edn Nahuel Gallo y Germ\u00e1n Dar\u00edo Giuliani a la Argentina representar\u00eda \u201cun gesto de humanidad, justicia y respeto al derecho internacional\u201d, adem\u00e1s de una se\u00f1al clara del compromiso con los principios humanitarios y la convivencia pac\u00edfica entre las naciones.<\/p>\n\n\n\n<p class=\"has-text-align-center\"><em><strong><em><strong><em><strong><em><strong><a href=\"https:\/\/t.me\/esreviral\">\u00daNETE A NUESTRO CANAL DE TELEGRAM PARA ESTAR INFORMADO<\/a><\/strong><\/em><\/strong><\/em><\/strong><\/em><\/strong><\/em><\/p>\n\n\n\n<p class=\"has-text-align-center\"><strong><em><mark style=\"background-color:rgba(0, 0, 0, 0)\" class=\"has-inline-color has-vivid-red-color\"><a href=\"https:\/\/esreviral.com\/?p=86845\" data-type=\"link\" data-id=\"https:\/\/esreviral.com\/?p=86845\">Lea Tambi\u00e9n: Gobierno Argentino advirti\u00f3 que la liberaci\u00f3n de Nahuel Gallo podr\u00eda demorarse m\u00e1s de lo esperado<\/a><\/mark><\/em><\/strong><\/p>\n\n\n\n<figure class=\"wp-block-image size-large\"><img decoding=\"async\" width=\"1024\" height=\"768\" src=\"https:\/\/esreviral.com\/wp-content\/uploads\/2026\/01\/AnyConv.com__WhatsApp-Image-2026-01-23-at-11.24.34-AM-1024x768.webp\" alt=\"\" class=\"wp-image-86865\" srcset=\"https:\/\/esreviral.com\/wp-content\/uploads\/2026\/01\/AnyConv.com__WhatsApp-Image-2026-01-23-at-11.24.34-AM-1024x768.webp 1024w, https:\/\/esreviral.com\/wp-content\/uploads\/2026\/01\/AnyConv.com__WhatsApp-Image-2026-01-23-at-11.24.34-AM-300x225.webp 300w, https:\/\/esreviral.com\/wp-content\/uploads\/2026\/01\/AnyConv.com__WhatsApp-Image-2026-01-23-at-11.24.34-AM-768x576.webp 768w, https:\/\/esreviral.com\/wp-content\/uploads\/2026\/01\/AnyConv.com__WhatsApp-Image-2026-01-23-at-11.24.34-AM-1536x1152.webp 1536w, https:\/\/esreviral.com\/wp-content\/uploads\/2026\/01\/AnyConv.com__WhatsApp-Image-2026-01-23-at-11.24.34-AM-2048x1536.webp 2048w\" sizes=\"(max-width: 1024px) 100vw, 1024px\" \/><\/figure>\n\n\n\n<p><\/p>\n\n\n\n<p class=\"has-text-align-right\"><strong><em>Prensa.-<\/em><\/strong><\/p>\n\n\n\n<p><\/p>\n","protected":false},"excerpt":{"rendered":"<p>Familiares de ciudadanos argentinos detenidos en Venezuela reclamaron en Buenos Aires la mediaci\u00f3n del Vaticano para lograr su liberaci\u00f3n, al denunciar demoras en el cumplimiento de las excarcelaciones prometidas y la incertidumbre que atraviesan los allegados de los presos pol\u00edticos.<\/p>\n","protected":false},"author":3,"featured_media":86862,"comment_status":"closed","ping_status":"closed","sticky":false,"template":"","format":"standard","meta":{"jnews-multi-image_gallery":[],"jnews_single_post":{"format":"standard"},"jnews_primary_category":[],"jnews_social_meta":[],"jnews_review":[],"enable_review":"","type":"","name":"","summary":"","brand":"","sku":"","good":[],"bad":[],"score_override":"","override_value":"","rating":[],"price":[],"jnews_override_counter":[],"jnews_post_split":[],"footnotes":""},"categories":[59],"tags":[8524,45,10447,39344],"class_list":["post-86861","post","type-post","status-publish","format-standard","has-post-thumbnail","hentry","category-politica","tag-liberacion","tag-noticias","tag-presos-politicos","tag-rehenes-argentinos-2"],"amp_enabled":true,"_links":{"self":[{"href":"https:\/\/esreviral.com\/index.php?rest_route=\/wp\/v2\/posts\/86861"}],"collection":[{"href":"https:\/\/esreviral.com\/index.php?rest_route=\/wp\/v2\/posts"}],"about":[{"href":"https:\/\/esreviral.com\/index.php?rest_route=\/wp\/v2\/types\/post"}],"author":[{"embeddable":true,"href":"https:\/\/esreviral.com\/index.php?rest_route=\/wp\/v2\/users\/3"}],"replies":[{"embeddable":true,"href":"https:\/\/esreviral.com\/index.php?rest_route=%2Fwp%2Fv2%2Fcomments&post=86861"}],"version-history":[{"count":2,"href":"https:\/\/esreviral.com\/index.php?rest_route=\/wp\/v2\/posts\/86861\/revisions"}],"predecessor-version":[{"id":86870,"href":"https:\/\/esreviral.com\/index.php?rest_route=\/wp\/v2\/posts\/86861\/revisions\/86870"}],"wp:featuredmedia":[{"embeddable":true,"href":"https:\/\/esreviral.com\/index.php?rest_route=\/wp\/v2\/media\/86862"}],"wp:attachment":[{"href":"https:\/\/esreviral.com\/index.php?rest_route=%2Fwp%2Fv2%2Fmedia&parent=86861"}],"wp:term":[{"taxonomy":"category","embeddable":true,"href":"https:\/\/esreviral.com\/index.php?rest_route=%2Fwp%2Fv2%2Fcategories&post=86861"},{"taxonomy":"post_tag","embeddable":true,"href":"https:\/\/esreviral.com\/index.php?rest_route=%2Fwp%2Fv2%2Ftags&post=86861"}],"curies":[{"name":"wp","href":"https:\/\/api.w.org\/{rel}","templated":true}]}}