{"id":86858,"date":"2026-01-23T09:18:21","date_gmt":"2026-01-23T14:18:21","guid":{"rendered":"https:\/\/esreviral.com\/?p=86858"},"modified":"2026-01-23T09:39:07","modified_gmt":"2026-01-23T14:39:07","slug":"madre-de-preso-politico-murio-horas-despues-de-la-excarcelacion-de-su-hijo-no-pudo-verlo-libre","status":"publish","type":"post","link":"https:\/\/esreviral.com\/?p=86858","title":{"rendered":"Madre de preso pol\u00edtico muri\u00f3 horas despu\u00e9s de la excarcelaci\u00f3n de su hijo: no pudo verlo libre"},"content":{"rendered":"\n<p><strong>Horas despu\u00e9s de la excarcelaci\u00f3n del m\u00e9dico Jorge Y\u00e9spica D\u00e1vila en el estado Aragua  (Venezuela), su madre, Carmen D\u00e1vila, falleci\u00f3 en un hospital sin llegar a saber que su hijo hab\u00eda recuperado la libertad.<\/strong> La mujer, de aproximadamente 90 a\u00f1os de edad, muri\u00f3 tras m\u00e1s de un a\u00f1o de lucha p\u00fablica por la liberaci\u00f3n del ginec\u00f3logo, quien hab\u00eda sido detenido bajo la acusaci\u00f3n de incitaci\u00f3n al odio.<\/p>\n\n\n\n<p>A pesar de las limitaciones propias de su avanzada edad, Carmen D\u00e1vila particip\u00f3 activamente durante meses en campa\u00f1as y protestas para exigir la excarcelaci\u00f3n de su hijo. En reiteradas manifestaciones p\u00fablicas se la vio sosteniendo carteles que reclamaban su liberaci\u00f3n y recordaban el delicado estado de salud del m\u00e9dico.<\/p>\n\n\n\n<p class=\"has-text-align-center\"><strong><a href=\"https:\/\/chat.whatsapp.com\/KWkTmakY3I05kNdd2oZl6d\"><em>\u00daNETE A NUESTRO GRUPO DE WHATSAPP PARA ESTAR INFORMADO<\/em><\/a><\/strong><\/p>\n\n\n\n<p><strong><em><mark style=\"background-color:rgba(0, 0, 0, 0)\" class=\"has-inline-color has-vivid-red-color\"><a href=\"https:\/\/esreviral.com\/?p=86861\" data-type=\"link\" data-id=\"https:\/\/esreviral.com\/?p=86861\">Lea Tambi\u00e9n: Familiares de rehenes argentinos secuestrados por el gobierno Venezolano pidieron al Vaticano mediar para su liberaci\u00f3n<\/a><\/mark><\/em><\/strong><\/p>\n\n\n\n<blockquote class=\"twitter-tweet\"><p lang=\"es\" dir=\"ltr\">En el estado Aragua, tras la liberaci\u00f3n de su hijo, falleci\u00f3 la madre del Dr. Jorge Y\u00e9spica D\u00e1vila.<br>Durante meses, ella luch\u00f3 incansablemente por la libertad de su hijo. Ayer, finalmente, \u00e9l fue liberado.<br><br>Lamentablemente, el Dr. Jorge no pudo hablar con su madre. Cuando lleg\u00f3 al\u2026 <a href=\"https:\/\/t.co\/NM7BFqCd8N\">pic.twitter.com\/NM7BFqCd8N<\/a><\/p>&mdash; \ud835\udc74\ud835\udc86\ud835\udc8dania\ud83e\ude75 (@melania0880) <a href=\"https:\/\/twitter.com\/melania0880\/status\/2014409042068963808?ref_src=twsrc%5Etfw\">January 22, 2026<\/a><\/blockquote> <script async src=\"https:\/\/platform.twitter.com\/widgets.js\" charset=\"utf-8\"><\/script>\n\n\n\n<p><\/p>\n\n\n\n<p>Poco antes de la liberaci\u00f3n de Y\u00e9spica, concretada el 20 de enero de 2026,<strong> la mujer sufri\u00f3 una descompensaci\u00f3n vinculada a problemas de presi\u00f3n arterial que deriv\u00f3 en su hospitalizaci\u00f3n.<\/strong> Cuando el m\u00e9dico logr\u00f3 llegar al centro de salud donde permanec\u00eda internada, su madre ya se encontraba inconsciente y conectada a un respirador. Falleci\u00f3 en la ma\u00f1ana del 22 de enero, sin poder reencontrarse con \u00e9l, seg\u00fan informaron medios regionales.<\/p>\n\n\n\n<h3 class=\"wp-block-heading\"><strong><mark style=\"background-color:rgba(0, 0, 0, 0)\" class=\"has-inline-color has-vivid-red-color\">Detenci\u00f3n y proceso judicial<\/mark><\/strong><\/h3>\n\n\n\n<p><strong>Jorge Y\u00e9spica D\u00e1vila, ginec\u00f3logo de 66 a\u00f1os de edad,<\/strong> nacido en Valladolid, Espa\u00f1a, y radicado desde hace d\u00e9cadas en Venezuela, ejerc\u00eda su profesi\u00f3n en el estado Aragua, donde era ampliamente reconocido por su labor en ginecolog\u00eda, obstetricia y ecograf\u00eda.<\/p>\n\n\n\n<p>Fue detenido el 1 de noviembre de 2024 al salir de una cirug\u00eda en un hospital local. Las autoridades lo arrestaron tras su participaci\u00f3n en una manifestaci\u00f3n en defensa de los derechos de menores detenidos y por la difusi\u00f3n de un video en la red social TikTok en el que desconoc\u00eda a Nicol\u00e1s Maduro como presidente y exig\u00eda la liberaci\u00f3n de presos pol\u00edticos.<\/p>\n\n\n\n<p>La Fiscal\u00eda lo imput\u00f3 por el delito de incitaci\u00f3n al odio y un tribunal orden\u00f3 su reclusi\u00f3n en el Centro Penitenciario de Aragua, conocido como Tocor\u00f3n. Durante los 14 meses que permaneci\u00f3 detenido, Y\u00e9spica habr\u00eda sufrido un progresivo deterioro de salud, aislamiento y torturas, que, seg\u00fan denuncias, le dejaron hematomas visibles en el cuerpo.<\/p>\n\n\n\n<p>Organizaciones defensoras de derechos humanos calificaron el caso como un crimen de Estado, mientras que el gremio m\u00e9dico de Aragua solicit\u00f3 en reiteradas oportunidades la aplicaci\u00f3n de medidas humanitarias para su liberaci\u00f3n.<\/p>\n\n\n\n<p class=\"has-text-align-center\"><em><strong><em><strong><em><strong><em><strong><a href=\"https:\/\/t.me\/esreviral\">\u00daNETE A NUESTRO CANAL DE TELEGRAM PARA ESTAR INFORMADO<\/a><\/strong><\/em><\/strong><\/em><\/strong><\/em><\/strong><\/em><\/p>\n\n\n\n<p class=\"has-text-align-center\"><strong><em><a href=\"https:\/\/esreviral.com\/?p=86845\">Lea Tambi\u00e9n: Gobierno Argentino advirti\u00f3 que la liberaci\u00f3n de Nahuel Gallo podr\u00eda demorarse m\u00e1s de lo esperado<\/a><\/em><\/strong><\/p>\n\n\n\n<p><strong>El m\u00e9dico fue excarcelado bajo estrictas medidas cautelares, de <\/strong>acuerdo con lo informado por su abogado, Zair Mundaray. Defensores del caso denunciaron la ilegalidad del proceso judicial y se\u00f1alaron como responsables a la fiscal Fabiola Zapata y al fiscal general Tarek William Saab.<\/p>\n\n\n\n<p class=\"has-text-align-right\"><strong><em>Con Informaci\u00f3n de ElNacional.-<\/em><\/strong><\/p>\n","protected":false},"excerpt":{"rendered":"<p>Al doctor lo arrestaron en 2024 tras su participaci\u00f3n en una manifestaci\u00f3n en defensa de los derechos de menores detenidos y por la difusi\u00f3n de un video en la red social TikTok, en el que rechaz\u00f3 a Nicol\u00e1s Maduro como presidente<\/p>\n","protected":false},"author":3,"featured_media":86859,"comment_status":"closed","ping_status":"closed","sticky":false,"template":"","format":"standard","meta":{"jnews-multi-image_gallery":[],"jnews_single_post":{"format":"standard"},"jnews_primary_category":[],"jnews_social_meta":[],"jnews_review":[],"enable_review":"","type":"","name":"","summary":"","brand":"","sku":"","good":[],"bad":[],"score_override":"","override_value":"","rating":[],"price":[],"jnews_override_counter":[],"jnews_post_split":[],"footnotes":""},"categories":[66],"tags":[39343,45,10447,56],"class_list":["post-86858","post","type-post","status-publish","format-standard","has-post-thumbnail","hentry","category-venezuela","tag-jorge-yespica-davila","tag-noticias","tag-presos-politicos","tag-venezuela"],"amp_enabled":true,"_links":{"self":[{"href":"https:\/\/esreviral.com\/index.php?rest_route=\/wp\/v2\/posts\/86858"}],"collection":[{"href":"https:\/\/esreviral.com\/index.php?rest_route=\/wp\/v2\/posts"}],"about":[{"href":"https:\/\/esreviral.com\/index.php?rest_route=\/wp\/v2\/types\/post"}],"author":[{"embeddable":true,"href":"https:\/\/esreviral.com\/index.php?rest_route=\/wp\/v2\/users\/3"}],"replies":[{"embeddable":true,"href":"https:\/\/esreviral.com\/index.php?rest_route=%2Fwp%2Fv2%2Fcomments&post=86858"}],"version-history":[{"count":2,"href":"https:\/\/esreviral.com\/index.php?rest_route=\/wp\/v2\/posts\/86858\/revisions"}],"predecessor-version":[{"id":86867,"href":"https:\/\/esreviral.com\/index.php?rest_route=\/wp\/v2\/posts\/86858\/revisions\/86867"}],"wp:featuredmedia":[{"embeddable":true,"href":"https:\/\/esreviral.com\/index.php?rest_route=\/wp\/v2\/media\/86859"}],"wp:attachment":[{"href":"https:\/\/esreviral.com\/index.php?rest_route=%2Fwp%2Fv2%2Fmedia&parent=86858"}],"wp:term":[{"taxonomy":"category","embeddable":true,"href":"https:\/\/esreviral.com\/index.php?rest_route=%2Fwp%2Fv2%2Fcategories&post=86858"},{"taxonomy":"post_tag","embeddable":true,"href":"https:\/\/esreviral.com\/index.php?rest_route=%2Fwp%2Fv2%2Ftags&post=86858"}],"curies":[{"name":"wp","href":"https:\/\/api.w.org\/{rel}","templated":true}]}}