{"id":86674,"date":"2026-01-20T11:34:58","date_gmt":"2026-01-20T16:34:58","guid":{"rendered":"https:\/\/esreviral.com\/?p=86674"},"modified":"2026-01-20T11:41:40","modified_gmt":"2026-01-20T16:41:40","slug":"ratificaron-a-oswaldo-vizcarrondo-como-director-tecnico-de-la-vinotinto","status":"publish","type":"post","link":"https:\/\/esreviral.com\/?p=86674","title":{"rendered":"Ratificaron a Oswaldo Vizcarrondo como director t\u00e9cnico de la Vinotinto"},"content":{"rendered":"\n<p><strong>La Federaci\u00f3n Venezolana de F\u00fatbol (FVF) <\/strong>anunci\u00f3 este martes 20 de enero a<strong> Oswaldo Vizcarrondo como nuevo director t\u00e9cnico de la selecci\u00f3n absoluta de Venezuela, cuatro meses despu\u00e9s de la destituci\u00f3n del argentino Fernando Batista.<\/strong><\/p>\n\n\n\n<p>Hasta la oficializaci\u00f3n del nombramiento, el cuerpo t\u00e9cnico de la Vinotinto estuvo a cargo de manera interina por los venezolanos Oswaldo Vizcarrondo y Fernando Aristiguieta, quienes dirigieron partidos amistosos internacionales tras la eliminaci\u00f3n de Venezuela en su intento por clasificar al Mundial de Norteam\u00e9rica 2026.<\/p>\n\n\n\n<p class=\"has-text-align-center\"><strong><a href=\"https:\/\/chat.whatsapp.com\/KWkTmakY3I05kNdd2oZl6d\"><em>\u00daNETE A NUESTRO GRUPO DE WHATSAPP PARA ESTAR INFORMADO<\/em><\/a><\/strong><\/p>\n\n\n\n<blockquote class=\"twitter-tweet\"><p lang=\"es\" dir=\"ltr\">\ud83e\udd1d \ud835\uddd4\ud835\uddfb\ud835\ude02\ud835\uddfb\ud835\uddf0\ud835\uddf6\ud835\uddee\ud835\uddfa\ud835\uddfc\ud835\ude00 \ud835\uddf2\ud835\uddf9 \ud835\uddf0\ud835\ude02\ud835\uddf2\ud835\uddff\ud835\uddfd\ud835\uddfc \ud835\ude01\ud835\uddf2\u0301\ud835\uddf0\ud835\uddfb\ud835\uddf6\ud835\uddf0\ud835\uddfc \ud835\uddf1\ud835\uddf2 \ud835\uddf9\ud835\uddee <a href=\"https:\/\/twitter.com\/SeleVinotinto?ref_src=twsrc%5Etfw\">@selevinotinto<\/a> <br><br>Oswaldo Vizcarrondo (Director T\u00e9cnico)<br>Cleber Xavier (Asistente T\u00e9cnico)<br>\u00d3scar Ortega (Preparador F\u00edsico)<br>Mario Mar\u00edn (Preparador de Porteros)<br><br>Desde la ra\u00edz hacia el futuro \ud83c\uddfb\ud83c\uddea <a href=\"https:\/\/twitter.com\/hashtag\/SiempreVinotinto?src=hash&amp;ref_src=twsrc%5Etfw\">#SiempreVinotinto<\/a> <a href=\"https:\/\/t.co\/2v6twArg0b\">pic.twitter.com\/2v6twArg0b<\/a><\/p>&mdash; La Vinotinto (@SeleVinotinto) <a href=\"https:\/\/twitter.com\/SeleVinotinto\/status\/2013644122326782276?ref_src=twsrc%5Etfw\">January 20, 2026<\/a><\/blockquote> <script async src=\"https:\/\/platform.twitter.com\/widgets.js\" charset=\"utf-8\"><\/script>\n\n\n\n<p><\/p>\n\n\n\n<p>Vizcarrondo asumir\u00e1 el pr\u00f3ximo ciclo mundialista al frente de la selecci\u00f3n nacional y tendr\u00e1 su primera experiencia oficial en el FIFA Series 2026, un torneo internacional al que fue invitada Venezuela.<\/p>\n\n\n\n<p>Uno de los principales objetivos del nuevo cuerpo t\u00e9cnico ser\u00e1 avanzar en la renovaci\u00f3n generacional del plantel, teniendo en cuenta que varios de los jugadores habituales en las recientes eliminatorias se encuentran cerca del final de sus carreras profesionales. En ese proceso, la Liga FutVE aparece como una fuente clave de talento, motivo por el cual varias j\u00f3venes promesas fueron convocadas en los encuentros dirigidos por Aristiguieta durante la etapa interina.<\/p>\n\n\n\n<h3 class=\"wp-block-heading\"><strong><mark style=\"background-color:rgba(0, 0, 0, 0)\" class=\"has-inline-color has-vivid-red-color\">Cuerpo t\u00e9cnico de la Vinotinto<\/mark><\/strong><\/h3>\n\n\n\n<p>El cuerpo t\u00e9cnico de la selecci\u00f3n absoluta qued\u00f3 conformado de la siguiente manera:<\/p>\n\n\n\n<ul class=\"wp-block-list\">\n<li><strong>Oswaldo Vizcarrondo<\/strong>, director t\u00e9cnico<\/li>\n\n\n\n<li><strong>Cl\u00e9iber Xavier<\/strong> (Brasil), primer asistente t\u00e9cnico<\/li>\n\n\n\n<li><strong>\u00d3scar Ortega<\/strong> (Uruguay), preparador f\u00edsico<\/li>\n\n\n\n<li><strong>Mario Mar\u00edn<\/strong> (Colombia), preparador de porteros<\/li>\n<\/ul>\n\n\n\n<p><\/p>\n\n\n\n<p>El presidente de la FVF, Jorge Gim\u00e9nez, se\u00f1al\u00f3 que con el transcurso del tiempo se ir\u00e1n sumando nuevos integrantes al equipo de trabajo y destac\u00f3 que varios profesionales venezolanos formar\u00e1n parte del proyecto.<\/p>\n\n\n\n<p>Durante el anuncio, Gim\u00e9nez tambi\u00e9n confirm\u00f3 a Juan Domingo Tolisano como nuevo director t\u00e9cnico de la selecci\u00f3n sub-20 y record\u00f3 que Jhonny Ferreira contin\u00faa al frente de la selecci\u00f3n sub-17, actualmente en un m\u00f3dulo de entrenamiento.<\/p>\n\n\n\n<h3 class=\"wp-block-heading\"><strong><mark style=\"background-color:rgba(0, 0, 0, 0)\" class=\"has-inline-color has-vivid-red-color\">Primeras declaraciones de Vizcarrondo<\/mark><\/strong><\/h3>\n\n\n\n<p>En sus primeras palabras como entrenador principal de la Vinotinto, Vizcarrondo agradeci\u00f3 a Gim\u00e9nez y a la federaci\u00f3n por la confianza depositada en su trabajo. Asimismo, adelant\u00f3 que la FVF organizar\u00e1 m\u00f3dulos de entrenamiento con jugadores del torneo local y que el cuerpo t\u00e9cnico mantendr\u00e1 reuniones con futbolistas de mayor trayectoria en la selecci\u00f3n para conocer sus perspectivas y disposici\u00f3n.<\/p>\n\n\n\n<p>El nuevo seleccionador tambi\u00e9n destac\u00f3 la experiencia del equipo que lo acompa\u00f1a.<br>\u201cIremos al trabajo como cuerpo t\u00e9cnico y estoy entusiasmado por la gente que me rodea, que equilibra la experiencia del recorrido, porque ya pasaron por eliminatorias y conocen lo que exige sumar cada punto\u201d, afirm\u00f3 Vizcarrondo.<\/p>\n\n\n\n<p class=\"has-text-align-center\"><em><strong><em><strong><em><strong><em><strong><a href=\"https:\/\/t.me\/esreviral\">\u00daNETE A NUESTRO CANAL DE TELEGRAM PARA ESTAR INFORMADO<\/a><\/strong><\/em><\/strong><\/em><\/strong><\/em><\/strong><\/em><\/p>\n\n\n\n<p>Los nuevos integrantes del cuerpo t\u00e9cnico tambi\u00e9n se presentaron ante la opini\u00f3n p\u00fablica, agradecieron la invitaci\u00f3n del entrenador y valoraron el respaldo recibido por parte de la federaci\u00f3n en el inicio de este nuevo ciclo de la selecci\u00f3n venezolana.<\/p>\n\n\n\n<p class=\"has-text-align-right\"><strong><em>Con Informaci\u00f3n de ElDiario.-<\/em><\/strong><\/p>\n","protected":false},"excerpt":{"rendered":"<p>El entrenador asumir\u00e1 las riendas del pr\u00f3ximo ciclo mundialista de la selecci\u00f3n venezolana <\/p>\n","protected":false},"author":3,"featured_media":86675,"comment_status":"closed","ping_status":"closed","sticky":false,"template":"","format":"standard","meta":{"jnews-multi-image_gallery":[],"jnews_single_post":{"format":"standard"},"jnews_primary_category":[],"jnews_social_meta":[],"jnews_review":[],"enable_review":"","type":"","name":"","summary":"","brand":"","sku":"","good":[],"bad":[],"score_override":"","override_value":"","rating":[],"price":[],"jnews_override_counter":[],"jnews_post_split":[],"footnotes":""},"categories":[48],"tags":[39266,5701,146,19161],"class_list":["post-86674","post","type-post","status-publish","format-standard","has-post-thumbnail","hentry","category-deportes","tag-director-tecnico","tag-futbol-3","tag-la-vinotinto","tag-oswaldo-vizcarrondo"],"amp_enabled":true,"_links":{"self":[{"href":"https:\/\/esreviral.com\/index.php?rest_route=\/wp\/v2\/posts\/86674"}],"collection":[{"href":"https:\/\/esreviral.com\/index.php?rest_route=\/wp\/v2\/posts"}],"about":[{"href":"https:\/\/esreviral.com\/index.php?rest_route=\/wp\/v2\/types\/post"}],"author":[{"embeddable":true,"href":"https:\/\/esreviral.com\/index.php?rest_route=\/wp\/v2\/users\/3"}],"replies":[{"embeddable":true,"href":"https:\/\/esreviral.com\/index.php?rest_route=%2Fwp%2Fv2%2Fcomments&post=86674"}],"version-history":[{"count":2,"href":"https:\/\/esreviral.com\/index.php?rest_route=\/wp\/v2\/posts\/86674\/revisions"}],"predecessor-version":[{"id":86678,"href":"https:\/\/esreviral.com\/index.php?rest_route=\/wp\/v2\/posts\/86674\/revisions\/86678"}],"wp:featuredmedia":[{"embeddable":true,"href":"https:\/\/esreviral.com\/index.php?rest_route=\/wp\/v2\/media\/86675"}],"wp:attachment":[{"href":"https:\/\/esreviral.com\/index.php?rest_route=%2Fwp%2Fv2%2Fmedia&parent=86674"}],"wp:term":[{"taxonomy":"category","embeddable":true,"href":"https:\/\/esreviral.com\/index.php?rest_route=%2Fwp%2Fv2%2Fcategories&post=86674"},{"taxonomy":"post_tag","embeddable":true,"href":"https:\/\/esreviral.com\/index.php?rest_route=%2Fwp%2Fv2%2Ftags&post=86674"}],"curies":[{"name":"wp","href":"https:\/\/api.w.org\/{rel}","templated":true}]}}