{"id":86600,"date":"2026-01-19T14:11:54","date_gmt":"2026-01-19T19:11:54","guid":{"rendered":"https:\/\/esreviral.com\/?p=86600"},"modified":"2026-01-19T14:11:55","modified_gmt":"2026-01-19T19:11:55","slug":"casi-ocho-de-cada-10-venezolanos-votarian-por-maria-corina-machado-segun-encuesta","status":"publish","type":"post","link":"https:\/\/esreviral.com\/?p=86600","title":{"rendered":"Casi ocho de cada 10 venezolanos votar\u00edan por Mar\u00eda Corina Machado, seg\u00fan encuesta"},"content":{"rendered":"\n<p>Casi ocho de cada diez venezolanos votar\u00edan por la l\u00edder opositora <strong>Mar\u00eda Corina Machado<\/strong> si las elecciones presidenciales se realizaran hoy. As\u00ed lo indica la m\u00e1s reciente <strong>encuesta nacional de la firma Megan\u00e1lisis<\/strong>, realizada entre el 6 y el 11 de enero de 2026, luego de la captura de <strong>Nicol\u00e1s Maduro y Cilia Flores<\/strong>, ocurrida hace dos semanas.<\/p>\n\n\n\n<p>El estudio, basado en una muestra de <strong>1.006 personas en todo el pa\u00eds<\/strong>, revela que <strong>78,3% de los consultados<\/strong> elegir\u00eda a Machado, lo que refleja un respaldo ampliamente mayoritario frente a otras figuras pol\u00edticas. Muy por detr\u00e1s aparecen el ministro de Interior y Justicia, <strong>Diosdado Cabello<\/strong>, con <strong>3,1%<\/strong>, y el presidente electo <strong>Edmundo Gonz\u00e1lez<\/strong>, con apenas <strong>1,2%<\/strong>.<\/p>\n\n\n\n<p class=\"has-text-align-center\"><strong><a href=\"https:\/\/chat.whatsapp.com\/KWkTmakY3I05kNdd2oZl6d\"><em>\u00daNETE A NUESTRO GRUPO DE WHATSAPP PARA ESTAR INFORMADO<\/em><\/a><\/strong><\/p>\n\n\n\n<h3 class=\"wp-block-heading\"><strong><mark style=\"background-color:rgba(0, 0, 0, 0)\" class=\"has-inline-color has-vivid-red-color\">Rechazo a figuras del oficialismo<\/mark><\/strong><\/h3>\n\n\n\n<p>La encuesta tambi\u00e9n muestra un <strong>rechazo casi absoluto hacia Delcy Rodr\u00edguez<\/strong>. Seg\u00fan los datos, <strong>93,5% de los venezolanos<\/strong> se manifest\u00f3 en desacuerdo con que ella encabece una eventual transici\u00f3n pol\u00edtica, mientras que solo <strong>1,9%<\/strong> la apoyar\u00eda en ese rol.<\/p>\n\n\n\n<p>Cuando se consult\u00f3 sobre la confianza en dirigentes del oficialismo, <strong>90,9%<\/strong> de los encuestados respondi\u00f3 que <strong>no conf\u00eda en ninguno<\/strong>, dejando a Rodr\u00edguez, Cabello, <strong>Jorge Rodr\u00edguez<\/strong> (presidente de la Asamblea Nacional) y <strong>Vladimir Padrino L\u00f3pez<\/strong> (ministro de Defensa) con niveles de respaldo que no superan el <strong>3%<\/strong>.<\/p>\n\n\n\n<h3 class=\"wp-block-heading\"><strong><mark style=\"background-color:rgba(0, 0, 0, 0)\" class=\"has-inline-color has-vivid-red-color\">Percepci\u00f3n sobre Estados Unidos y el poder interno<\/mark><\/strong><\/h3>\n\n\n\n<p>El sondeo tambi\u00e9n indag\u00f3 sobre la percepci\u00f3n del rol de Estados Unidos en Venezuela. <strong>68,4%<\/strong> considera que Washington no controla realmente la situaci\u00f3n del pa\u00eds, mientras que <strong>52,7%<\/strong> cree que el principal inter\u00e9s estadounidense es el <strong>petr\u00f3leo venezolano<\/strong>, por encima de la defensa de los <strong>derechos humanos<\/strong>, que solo fue mencionada por <strong>7,9%<\/strong>. No obstante, m\u00e1s del <strong>31%<\/strong> opina que existen ambos intereses.<\/p>\n\n\n\n<p>Asimismo, <strong>88,6%<\/strong> de los encuestados considera que <strong>Nicol\u00e1s Maduro fue traicionado por miembros de su propio entorno<\/strong>, lo que refuerza la percepci\u00f3n de una fuerte fractura interna.<\/p>\n\n\n\n<h3 class=\"wp-block-heading\"><strong><mark style=\"background-color:rgba(0, 0, 0, 0)\" class=\"has-inline-color has-vivid-red-color\">Miedo, presos pol\u00edticos y demandas sociales<\/mark><\/strong><\/h3>\n\n\n\n<p>Pese a los cambios recientes en el poder, <strong>83,5%<\/strong> de los venezolanos cree que el r\u00e9gimen a\u00fan puede <strong>detener a ciudadanos que se manifiesten o expresen p\u00fablicamente en su contra<\/strong>. Adem\u00e1s, <strong>86,9%<\/strong> afirma que en Venezuela existen <strong>presos pol\u00edticos<\/strong>, y <strong>98,1%<\/strong> considera que deber\u00edan ser liberados.<\/p>\n\n\n\n<p>Consultados sobre las prioridades del pa\u00eds, <strong>75,6%<\/strong> se\u00f1al\u00f3 que Venezuela necesita <strong>\u201cjusticia, orden y ley\u201d<\/strong>, frente a <strong>12,6%<\/strong> que opt\u00f3 por <strong>\u201cperd\u00f3n, reconciliaci\u00f3n y unidad\u201d<\/strong>.<\/p>\n\n\n\n<h3 class=\"wp-block-heading\"><strong><mark style=\"background-color:rgba(0, 0, 0, 0)\" class=\"has-inline-color has-vivid-red-color\">Evaluaci\u00f3n del modelo y propuestas de cambio<\/mark><\/strong><\/h3>\n\n\n\n<p>La encuesta tambi\u00e9n refleja un fuerte rechazo al modelo socialista: <strong>88,3%<\/strong> considera que este sistema trajo <strong>retroceso, pobreza y deterioro en la calidad de vida<\/strong>. En esa l\u00ednea, una amplia mayor\u00eda respalda medidas estructurales como la <strong>privatizaci\u00f3n de Petr\u00f3leos de Venezuela (72,5%)<\/strong>, la <strong>devoluci\u00f3n de empresas expropiadas (93,1%)<\/strong> y la <strong>reconstrucci\u00f3n total de las Fuerzas Armadas y los cuerpos policiales (84,1%)<\/strong>.<\/p>\n\n\n\n<p class=\"has-text-align-center\"><strong><a href=\"https:\/\/chat.whatsapp.com\/KWkTmakY3I05kNdd2oZl6d\"><em>\u00daNETE A NUESTRO GRUPO DE WHATSAPP PARA ESTAR INFORMADO<\/em><\/a><\/strong><\/p>\n\n\n\n<p>Mar\u00eda Corina Machado, que en los \u00faltimos meses ha reforzado su proyecci\u00f3n internacional, se ha mostrado confiada respecto al avance de una transici\u00f3n democr\u00e1tica. Sin embargo, ha evitado dar fechas concretas o revelar detalles sobre sus recientes reuniones con l\u00edderes internacionales.<\/p>\n\n\n\n<p>Su liderazgo, seg\u00fan este escenario, fue clave para la <strong>victoria de Edmundo Gonz\u00e1lez en las elecciones presidenciales del 28 de julio de 2024<\/strong>, consolidando su figura como el principal referente pol\u00edtico del pa\u00eds.<\/p>\n\n\n\n<p class=\"has-text-align-right\"><strong><em>Con Informaci\u00f3n de ElNacional.-<\/em><\/strong><\/p>\n","protected":false},"excerpt":{"rendered":"<p>Un estudio desarrollado por la firma Megan\u00e1lisis refleja un amplio rechazo hacia Delcy Rodr\u00edguez: los datos indican que 93,5% de los encuestados afirm\u00f3 no estar de acuerdo con que est\u00e9 al frente de una transici\u00f3n, mientras que apenas 1,9% la respaldar\u00eda en esas funciones<\/p>\n","protected":false},"author":3,"featured_media":86601,"comment_status":"closed","ping_status":"closed","sticky":false,"template":"","format":"standard","meta":{"jnews-multi-image_gallery":[],"jnews_single_post":{"format":"standard"},"jnews_primary_category":[],"jnews_social_meta":[],"jnews_review":[],"enable_review":"","type":"","name":"","summary":"","brand":"","sku":"","good":[],"bad":[],"score_override":"","override_value":"","rating":[],"price":[],"jnews_override_counter":[],"jnews_post_split":[],"footnotes":""},"categories":[59,66],"tags":[1499,2088,3265,1068,45,56],"class_list":["post-86600","post","type-post","status-publish","format-standard","has-post-thumbnail","hentry","category-politica","category-venezuela","tag-delcy-rodriguez","tag-donald-trump","tag-maria-corina-machado-2","tag-nicolas-maduro","tag-noticias","tag-venezuela"],"amp_enabled":true,"_links":{"self":[{"href":"https:\/\/esreviral.com\/index.php?rest_route=\/wp\/v2\/posts\/86600"}],"collection":[{"href":"https:\/\/esreviral.com\/index.php?rest_route=\/wp\/v2\/posts"}],"about":[{"href":"https:\/\/esreviral.com\/index.php?rest_route=\/wp\/v2\/types\/post"}],"author":[{"embeddable":true,"href":"https:\/\/esreviral.com\/index.php?rest_route=\/wp\/v2\/users\/3"}],"replies":[{"embeddable":true,"href":"https:\/\/esreviral.com\/index.php?rest_route=%2Fwp%2Fv2%2Fcomments&post=86600"}],"version-history":[{"count":1,"href":"https:\/\/esreviral.com\/index.php?rest_route=\/wp\/v2\/posts\/86600\/revisions"}],"predecessor-version":[{"id":86602,"href":"https:\/\/esreviral.com\/index.php?rest_route=\/wp\/v2\/posts\/86600\/revisions\/86602"}],"wp:featuredmedia":[{"embeddable":true,"href":"https:\/\/esreviral.com\/index.php?rest_route=\/wp\/v2\/media\/86601"}],"wp:attachment":[{"href":"https:\/\/esreviral.com\/index.php?rest_route=%2Fwp%2Fv2%2Fmedia&parent=86600"}],"wp:term":[{"taxonomy":"category","embeddable":true,"href":"https:\/\/esreviral.com\/index.php?rest_route=%2Fwp%2Fv2%2Fcategories&post=86600"},{"taxonomy":"post_tag","embeddable":true,"href":"https:\/\/esreviral.com\/index.php?rest_route=%2Fwp%2Fv2%2Ftags&post=86600"}],"curies":[{"name":"wp","href":"https:\/\/api.w.org\/{rel}","templated":true}]}}