{"id":86584,"date":"2026-01-19T09:37:32","date_gmt":"2026-01-19T14:37:32","guid":{"rendered":"https:\/\/esreviral.com\/?p=86584"},"modified":"2026-01-19T09:37:33","modified_gmt":"2026-01-19T14:37:33","slug":"trabajadores-venezolanos-de-delivery-se-movilizan-para-ayudar-a-afectados-por-incendios-en-chile","status":"publish","type":"post","link":"https:\/\/esreviral.com\/?p=86584","title":{"rendered":"Trabajadores venezolanos de delivery se movilizan para ayudar a afectados por incendios en Chile"},"content":{"rendered":"\n<p>Trabajadores de delivery de <strong>nacionalidad venezolana<\/strong> se organizaron para llevar <strong>ayuda humanitaria<\/strong> a la comuna de <strong>Penco<\/strong>, en la regi\u00f3n del <strong>Biob\u00edo<\/strong>, en medio de la emergencia provocada por los <strong>incendios forestales<\/strong> que afectan al sur de Chile.<\/p>\n\n\n\n<p>La iniciativa surgi\u00f3 tras conocerse la magnitud de la tragedia, que hasta el domingo dejaba <strong>al menos 19 personas fallecidas y m\u00e1s de 50.000 evacuados<\/strong>, seg\u00fan informaron autoridades chilenas.<\/p>\n\n\n\n<p class=\"has-text-align-center\"><strong><a href=\"https:\/\/chat.whatsapp.com\/KWkTmakY3I05kNdd2oZl6d\"><em>\u00daNETE A NUESTRO GRUPO DE WHATSAPP PARA ESTAR INFORMADO<\/em><\/a><\/strong><\/p>\n\n\n\n<h3 class=\"wp-block-heading\"><strong><mark style=\"background-color:rgba(0, 0, 0, 0)\" class=\"has-inline-color has-vivid-red-color\">Entrega de alimentos y apoyo a equipos de emergencia<\/mark><\/strong><\/h3>\n\n\n\n<p>Los migrantes recolectaron y distribuyeron <strong>alimentos, agua y otros insumos b\u00e1sicos<\/strong>, y tambi\u00e9n colaboraron con tareas de apoyo a los <strong>equipos de emergencia<\/strong> que trabajan en Penco y en otras localidades cercanas alcanzadas por el avance de las llamas.<\/p>\n\n\n\n<p>La acci\u00f3n fue recibida con agradecimiento por parte de la comunidad local, que destac\u00f3 el gesto como una muestra de <strong>solidaridad, empat\u00eda y compromiso social<\/strong> en medio de una de las emergencias m\u00e1s graves que enfrenta el pa\u00eds en los \u00faltimos a\u00f1os.<\/p>\n\n\n\n<h3 class=\"wp-block-heading\"><strong><mark style=\"background-color:rgba(0, 0, 0, 0)\" class=\"has-inline-color has-vivid-red-color\">Incendios recurrentes en la zona centro-sur de Chile<\/mark><\/strong><\/h3>\n\n\n\n<p>El ministro de Seguridad P\u00fablica, <strong>Luis Cordero<\/strong>, inform\u00f3 que los incendios forestales dejaron al menos <strong>19 muertos<\/strong> en las regiones de <strong>\u00d1uble y Biob\u00edo<\/strong>, ubicadas a unos 500 kil\u00f3metros al sur de Santiago. Los focos se iniciaron la tarde del s\u00e1bado, en plena temporada de verano, con <strong>altas temperaturas y fuertes vientos<\/strong>, y avanzaron durante la madrugada, arrasando varias poblaciones.<\/p>\n\n\n\n<p>Ante la gravedad de la situaci\u00f3n, el presidente <strong>Gabriel Boric<\/strong> decret\u00f3 el <strong>estado de cat\u00e1strofe<\/strong> en ambas regiones, una medida que habilita la intervenci\u00f3n de las <strong>Fuerzas Armadas<\/strong> en el control del orden p\u00fablico y permite disponer de todos los recursos del Estado para enfrentar la emergencia.<\/p>\n\n\n\n<p>\u201cEstamos enfrentando un cuadro complejo\u201d, advirti\u00f3 el ministro del Interior, <strong>\u00c1lvaro Elizalde<\/strong>, durante un reporte oficial.<\/p>\n\n\n\n<p class=\"has-text-align-center\"><strong><a href=\"https:\/\/chat.whatsapp.com\/KWkTmakY3I05kNdd2oZl6d\"><em>\u00daNETE A NUESTRO GRUPO DE WHATSAPP PARA ESTAR INFORMADO<\/em><\/a><\/strong><\/p>\n\n\n\n<p>En los \u00faltimos a\u00f1os, los incendios forestales han golpeado con fuerza a Chile, especialmente a la zona centro-sur. El antecedente m\u00e1s tr\u00e1gico ocurri\u00f3 el <strong>2 de febrero de 2024<\/strong>, cuando una serie de incendios en los alrededores de <strong>Vi\u00f1a del Mar<\/strong> dej\u00f3 <strong>138 personas fallecidas<\/strong>, seg\u00fan cifras actualizadas de la Fiscal\u00eda.<\/p>\n\n\n\n<p class=\"has-text-align-right\"><strong><em>Con Informaci\u00f3n de ElNacional.-<\/em><\/strong><\/p>\n","protected":false},"excerpt":{"rendered":"<p>La iniciativa surgi\u00f3 tras conocerse la magnitud de la tragedia, que hasta el domingo dejaba al menos 15 fallecidos y m\u00e1s de 50.000 personas evacuadas<\/p>\n","protected":false},"author":3,"featured_media":86585,"comment_status":"closed","ping_status":"closed","sticky":false,"template":"","format":"standard","meta":{"jnews-multi-image_gallery":[],"jnews_single_post":{"format":"standard"},"jnews_primary_category":[],"jnews_social_meta":[],"jnews_review":[],"enable_review":"","type":"","name":"","summary":"","brand":"","sku":"","good":[],"bad":[],"score_override":"","override_value":"","rating":[],"price":[],"jnews_override_counter":[],"jnews_post_split":[],"footnotes":""},"categories":[54,88],"tags":[386,39217,2052,45,39216,739],"class_list":["post-86584","post","type-post","status-publish","format-standard","has-post-thumbnail","hentry","category-inmigracion","category-internacionales","tag-chile","tag-incendios-en-chile","tag-migrantes-venezolanos","tag-noticias","tag-trabajadores-de-delivery","tag-venezolanos-en-chile"],"amp_enabled":true,"_links":{"self":[{"href":"https:\/\/esreviral.com\/index.php?rest_route=\/wp\/v2\/posts\/86584"}],"collection":[{"href":"https:\/\/esreviral.com\/index.php?rest_route=\/wp\/v2\/posts"}],"about":[{"href":"https:\/\/esreviral.com\/index.php?rest_route=\/wp\/v2\/types\/post"}],"author":[{"embeddable":true,"href":"https:\/\/esreviral.com\/index.php?rest_route=\/wp\/v2\/users\/3"}],"replies":[{"embeddable":true,"href":"https:\/\/esreviral.com\/index.php?rest_route=%2Fwp%2Fv2%2Fcomments&post=86584"}],"version-history":[{"count":1,"href":"https:\/\/esreviral.com\/index.php?rest_route=\/wp\/v2\/posts\/86584\/revisions"}],"predecessor-version":[{"id":86586,"href":"https:\/\/esreviral.com\/index.php?rest_route=\/wp\/v2\/posts\/86584\/revisions\/86586"}],"wp:featuredmedia":[{"embeddable":true,"href":"https:\/\/esreviral.com\/index.php?rest_route=\/wp\/v2\/media\/86585"}],"wp:attachment":[{"href":"https:\/\/esreviral.com\/index.php?rest_route=%2Fwp%2Fv2%2Fmedia&parent=86584"}],"wp:term":[{"taxonomy":"category","embeddable":true,"href":"https:\/\/esreviral.com\/index.php?rest_route=%2Fwp%2Fv2%2Fcategories&post=86584"},{"taxonomy":"post_tag","embeddable":true,"href":"https:\/\/esreviral.com\/index.php?rest_route=%2Fwp%2Fv2%2Ftags&post=86584"}],"curies":[{"name":"wp","href":"https:\/\/api.w.org\/{rel}","templated":true}]}}