{"id":86573,"date":"2026-01-19T08:38:03","date_gmt":"2026-01-19T13:38:03","guid":{"rendered":"https:\/\/esreviral.com\/?p=86573"},"modified":"2026-01-19T08:38:05","modified_gmt":"2026-01-19T13:38:05","slug":"eugenia-de-york-rompio-vinculos-con-su-padre-a-causa-del-caso-epstein","status":"publish","type":"post","link":"https:\/\/esreviral.com\/?p=86573","title":{"rendered":"Eugenia de York rompi\u00f3 v\u00ednculos con su padre a causa del Caso Epstein"},"content":{"rendered":"\n<p>La purga institucional impulsada por el<strong> rey Carlos III contra su hermano, el pr\u00edncipe Andr\u00e9s Mountbatten-Windsor<\/strong>, ya no se limita al \u00e1mbito de la Corona y comienza a fracturar el n\u00facleo de la <strong>familia real brit\u00e1nica.<\/strong><\/p>\n\n\n\n<p>Seg\u00fan fuentes cercanas a la Casa Real, <strong>la princesa Eugenia decidi\u00f3 cortar de manera definitiva todo v\u00ednculo con su padre, una determinaci\u00f3n guiada por los principios \u00e9ticos que sostienen su trabajo humanitario<\/strong>. La hija menor de los exduques de York, de 35 a\u00f1os de edad, habr\u00eda adoptado una pol\u00edtica de \u201c<strong><em>tolerancia cero<\/em><\/strong>\u201d frente a la negativa del pr\u00edncipe Andr\u00e9s a ofrecer una disculpa p\u00fablica a las v\u00edctimas de la red de tr\u00e1fico sexual vinculada a Jeffrey Epstein.<\/p>\n\n\n\n<p class=\"has-text-align-center\"><strong><a href=\"https:\/\/chat.whatsapp.com\/KWkTmakY3I05kNdd2oZl6d\"><em>\u00daNETE A NUESTRO GRUPO DE WHATSAPP PARA ESTAR INFORMADO<\/em><\/a><\/strong><\/p>\n\n\n<div class=\"wp-block-image\">\n<figure class=\"aligncenter size-large\"><img decoding=\"async\" src=\"https:\/\/www.infobae.com\/resizer\/v2\/QVFLRTTGGVCCPG5NU2BTY7KNMU?auth=c8f7399e32d402e0879c091e3652c8d7e00a746fb36ada72f995173a722ee10b&amp;smart=true&amp;width=992&amp;height=558&amp;quality=85\" alt=\"\"\/><figcaption class=\"wp-element-caption\">La princesa Eugenia y su padre, el pr\u00edncipe Andr\u00e9, a su llegada a la capilla de San Jorge en Windsor (Reino Unido) momentos antes de su enlace con Jack Brooksbank, 12 de octubre de 2018<\/figcaption><\/figure><\/div>\n\n\n<p><\/p>\n\n\n\n<p>Fundadora de The Anti-Slavery Collective, una organizaci\u00f3n dedicada a combatir la trata de personas y la esclavitud moderna, Eugenia considera incompatible su activismo con cualquier forma de respaldo, incluso t\u00e1cito, a quien ha sido se\u00f1alado en uno de los mayores esc\u00e1ndalos sexuales que involucraron a la realeza brit\u00e1nica.<\/p>\n\n\n\n<p><strong><em>\u201cNo hay contacto, ninguno. Lo ha eliminado por completo de su vida<\/em><\/strong>\u201d, afirm\u00f3 una fuente citada por el <em>Mail on Sunday<\/em>, que compar\u00f3 el distanciamiento con la medi\u00e1tica ruptura familiar protagonizada por los Beckham.<\/p>\n\n\n\n<p>La ausencia de la princesa en las celebraciones navide\u00f1as y su negativa a visitarlo en Royal Lodge \u2014la residencia que el pr\u00edncipe Andr\u00e9s deber\u00e1 abandonar por orden del monarca\u2014 refuerzan el aislamiento del exduque de York, quien, seg\u00fan su entorno, se encuentra \u201cdevastado\u201d por el quiebre familiar.<\/p>\n\n\n\n<p>En contraste, su hermana mayor, la princesa Beatriz, intenta transitar la crisis con mayor cautela, buscando equilibrar la lealtad filial con la preservaci\u00f3n de su imagen institucional. En ese marco, dio recientemente un gesto de acercamiento al invitar a su padre al bautizo de su segunda hija, Athena, de 11 meses.<\/p>\n\n\n\n<p>La ceremonia, celebrada el 12 de diciembre en la Capilla Real del Palacio de St. James, marc\u00f3 un episodio inc\u00f3modo: fue la primera vez que Andr\u00e9s y Sarah Ferguson regresaron a un palacio real desde que el rey les retirara sus t\u00edtulos en octubre. Sin embargo, el pr\u00edncipe Andr\u00e9s opt\u00f3 por no asistir al encuentro posterior, realizado en un pub cercano, evidenciando su incomodidad ante la exposici\u00f3n p\u00fablica.<\/p>\n\n\n\n<p>Cabe recordar que en octubre pasado Carlos III tom\u00f3 la hist\u00f3rica decisi\u00f3n de retirarle a su hermano todos los honores y el tratamiento de Su Alteza Real, adem\u00e1s de rescindir el contrato de arrendamiento de su residencia oficial, una medida sin precedentes dentro de la familia Windsor.<\/p>\n\n\n\n<p class=\"has-text-align-center\"><strong><a href=\"https:\/\/chat.whatsapp.com\/KWkTmakY3I05kNdd2oZl6d\"><em>\u00daNETE A NUESTRO GRUPO DE WHATSAPP PARA ESTAR INFORMADO<\/em><\/a><\/strong><\/p>\n\n\n\n<p>Mientras Beatriz mantiene una relaci\u00f3n distante pero funcional, Eugenia parece haber cerrado definitivamente esa etapa, priorizando su compromiso contra la esclavitud moderna por encima de los lazos de sangre.<\/p>\n\n\n\n<p class=\"has-text-align-right\"><strong><em>Con Informaci\u00f3n de NoticiaAlD\u00eda.-<\/em><\/strong><\/p>\n","protected":false},"excerpt":{"rendered":"<p>Seg\u00fan ha informado \u2018Daily Mail\u2019, la hija menor de Andr\u00e9s Mountbatten-Windsor habr\u00eda decidido dejar de relacionarse con su padre por su relaci\u00f3n con Jeffrey Epstein<\/p>\n","protected":false},"author":3,"featured_media":86574,"comment_status":"closed","ping_status":"closed","sticky":false,"template":"","format":"standard","meta":{"jnews-multi-image_gallery":[],"jnews_single_post":{"format":"standard"},"jnews_primary_category":[],"jnews_social_meta":[],"jnews_review":[],"enable_review":"","type":"","name":"","summary":"","brand":"","sku":"","good":[],"bad":[],"score_override":"","override_value":"","rating":[],"price":[],"jnews_override_counter":[],"jnews_post_split":[],"footnotes":""},"categories":[88],"tags":[39213,8791,15340,39211,2519,2944,45,39212,4358,624],"class_list":["post-86573","post","type-post","status-publish","format-standard","has-post-thumbnail","hentry","category-internacionales","tag-andres-de-inglaterra","tag-casa-real-britanica","tag-casas-reales","tag-eugenia-de-york","tag-familia-real-britanica","tag-jeffrey-epstein","tag-noticias","tag-princesa-eugenia","tag-principe-andres-2","tag-realeza"],"amp_enabled":true,"_links":{"self":[{"href":"https:\/\/esreviral.com\/index.php?rest_route=\/wp\/v2\/posts\/86573"}],"collection":[{"href":"https:\/\/esreviral.com\/index.php?rest_route=\/wp\/v2\/posts"}],"about":[{"href":"https:\/\/esreviral.com\/index.php?rest_route=\/wp\/v2\/types\/post"}],"author":[{"embeddable":true,"href":"https:\/\/esreviral.com\/index.php?rest_route=\/wp\/v2\/users\/3"}],"replies":[{"embeddable":true,"href":"https:\/\/esreviral.com\/index.php?rest_route=%2Fwp%2Fv2%2Fcomments&post=86573"}],"version-history":[{"count":1,"href":"https:\/\/esreviral.com\/index.php?rest_route=\/wp\/v2\/posts\/86573\/revisions"}],"predecessor-version":[{"id":86575,"href":"https:\/\/esreviral.com\/index.php?rest_route=\/wp\/v2\/posts\/86573\/revisions\/86575"}],"wp:featuredmedia":[{"embeddable":true,"href":"https:\/\/esreviral.com\/index.php?rest_route=\/wp\/v2\/media\/86574"}],"wp:attachment":[{"href":"https:\/\/esreviral.com\/index.php?rest_route=%2Fwp%2Fv2%2Fmedia&parent=86573"}],"wp:term":[{"taxonomy":"category","embeddable":true,"href":"https:\/\/esreviral.com\/index.php?rest_route=%2Fwp%2Fv2%2Fcategories&post=86573"},{"taxonomy":"post_tag","embeddable":true,"href":"https:\/\/esreviral.com\/index.php?rest_route=%2Fwp%2Fv2%2Ftags&post=86573"}],"curies":[{"name":"wp","href":"https:\/\/api.w.org\/{rel}","templated":true}]}}