{"id":86568,"date":"2026-01-19T08:19:39","date_gmt":"2026-01-19T13:19:39","guid":{"rendered":"https:\/\/esreviral.com\/?p=86568"},"modified":"2026-01-19T08:22:11","modified_gmt":"2026-01-19T13:22:11","slug":"al-menos-39-muertos-en-el-accidente-ferroviario-y-espana-decreta-tres-dias-de-luto","status":"publish","type":"post","link":"https:\/\/esreviral.com\/?p=86568","title":{"rendered":"Espa\u00f1a decret\u00f3 tres d\u00edas de luto nacional tras el choque ferroviario que dej\u00f3 39 muertos confirmados"},"content":{"rendered":"\n<p><strong>El Gobierno de Espa\u00f1a decret\u00f3 tres d\u00edas de luto oficial tras el grave accidente ferroviario <\/strong>ocurrido en la provincia de C\u00f3rdoba, donde la colisi\u00f3n de dos trenes dej\u00f3 una de las tragedias m\u00e1s severas de los \u00faltimos a\u00f1os.<\/p>\n\n\n\n<p class=\"has-text-align-center\"><strong><a href=\"https:\/\/chat.whatsapp.com\/KWkTmakY3I05kNdd2oZl6d\"><em>\u00daNETE A NUESTRO GRUPO DE WHATSAPP PARA ESTAR INFORMADO<\/em><\/a><\/strong><\/p>\n\n\n\n<p><strong>Hasta el momento, las autoridades confirmaron al menos 39 personas fallecidas y m\u00e1s de 150 heridas.<\/strong><\/p>\n\n\n\n<p>Si bien las causas del siniestro a\u00fan no han sido determinadas, la informaci\u00f3n preliminar indica que al menos dos vagones se descarrilaron e invadieron la v\u00eda contraria. En ese tramo circulaba otro tren, lo que provoc\u00f3 un impacto de gran magnitud con m\u00faltiples v\u00edctimas y cuantiosos da\u00f1os materiales.<\/p>\n\n\n\n<p>Equipos de emergencia, bomberos y personal sanitario contin\u00faan trabajando de manera intensa en el lugar del accidente. Las tareas de rescate y remoci\u00f3n de los vagones todav\u00eda no concluyeron, por lo que no se descarta que el n\u00famero de fallecidos pueda aumentar en las pr\u00f3ximas horas.<\/p>\n\n\n\n<p class=\"has-text-align-center\"><strong><a href=\"https:\/\/chat.whatsapp.com\/KWkTmakY3I05kNdd2oZl6d\"><em>\u00daNETE A NUESTRO GRUPO DE WHATSAPP PARA ESTAR INFORMADO<\/em><\/a><\/strong><\/p>\n\n\n\n<p>El Ejecutivo anunci\u00f3 la apertura de una investigaci\u00f3n exhaustiva para esclarecer lo ocurrido y determinar eventuales responsabilidades, mientras el pa\u00eds permanece de luto por las v\u00edctimas<\/p>\n\n\n\n<p class=\"has-text-align-right\"><strong><em>Con Informaci\u00f3n de diarioversionfinal.com.-<\/em><\/strong><\/p>\n","protected":false},"excerpt":{"rendered":"<p>Confirman decenas de v\u00edctimas fatales. M\u00e1s de 150 personas resultaron heridas. La causa del accidente a\u00fan se investiga<\/p>\n","protected":false},"author":3,"featured_media":86569,"comment_status":"closed","ping_status":"closed","sticky":false,"template":"","format":"standard","meta":{"jnews-multi-image_gallery":[],"jnews_single_post":{"format":"standard"},"jnews_primary_category":[],"jnews_social_meta":[],"jnews_review":[],"enable_review":"","type":"","name":"","summary":"","brand":"","sku":"","good":[],"bad":[],"score_override":"","override_value":"","rating":[],"price":[],"jnews_override_counter":[],"jnews_post_split":[],"footnotes":""},"categories":[88,64],"tags":[433,148,39210,45,557,2270],"class_list":["post-86568","post","type-post","status-publish","format-standard","has-post-thumbnail","hentry","category-internacionales","category-sucesos","tag-accidente","tag-espana","tag-luto-nacional","tag-noticias","tag-tren","tag-victimas"],"amp_enabled":true,"_links":{"self":[{"href":"https:\/\/esreviral.com\/index.php?rest_route=\/wp\/v2\/posts\/86568"}],"collection":[{"href":"https:\/\/esreviral.com\/index.php?rest_route=\/wp\/v2\/posts"}],"about":[{"href":"https:\/\/esreviral.com\/index.php?rest_route=\/wp\/v2\/types\/post"}],"author":[{"embeddable":true,"href":"https:\/\/esreviral.com\/index.php?rest_route=\/wp\/v2\/users\/3"}],"replies":[{"embeddable":true,"href":"https:\/\/esreviral.com\/index.php?rest_route=%2Fwp%2Fv2%2Fcomments&post=86568"}],"version-history":[{"count":2,"href":"https:\/\/esreviral.com\/index.php?rest_route=\/wp\/v2\/posts\/86568\/revisions"}],"predecessor-version":[{"id":86572,"href":"https:\/\/esreviral.com\/index.php?rest_route=\/wp\/v2\/posts\/86568\/revisions\/86572"}],"wp:featuredmedia":[{"embeddable":true,"href":"https:\/\/esreviral.com\/index.php?rest_route=\/wp\/v2\/media\/86569"}],"wp:attachment":[{"href":"https:\/\/esreviral.com\/index.php?rest_route=%2Fwp%2Fv2%2Fmedia&parent=86568"}],"wp:term":[{"taxonomy":"category","embeddable":true,"href":"https:\/\/esreviral.com\/index.php?rest_route=%2Fwp%2Fv2%2Fcategories&post=86568"},{"taxonomy":"post_tag","embeddable":true,"href":"https:\/\/esreviral.com\/index.php?rest_route=%2Fwp%2Fv2%2Ftags&post=86568"}],"curies":[{"name":"wp","href":"https:\/\/api.w.org\/{rel}","templated":true}]}}