{"id":86558,"date":"2026-01-19T07:46:35","date_gmt":"2026-01-19T12:46:35","guid":{"rendered":"https:\/\/esreviral.com\/?p=86558"},"modified":"2026-01-19T08:02:16","modified_gmt":"2026-01-19T13:02:16","slug":"acuerdo-ue-mercosur-diez-claves-para-entender-lo-que-viene-quienes-ganan-y-quienes-pierden","status":"publish","type":"post","link":"https:\/\/esreviral.com\/?p=86558","title":{"rendered":"Acuerdo UE-Mercosur: 10 claves para entender lo que viene, qui\u00e9nes ganan y qui\u00e9nes pierden"},"content":{"rendered":"\n<p>El Acuerdo de Asociaci\u00f3n entre el Mercosur y la Uni\u00f3n Europea, con su eje comercial como principal componente, fue firmado este s\u00e1bado en Asunci\u00f3n. Tras 26 a\u00f1os de negociaciones, su entrada en vigor \u2014de manera provisional hasta que sea ratificado por los parlamentos de los pa\u00edses del Mercosur y el Parlamento Europeo\u2014 marcar\u00e1 un punto de inflexi\u00f3n en la relaci\u00f3n entre ambos bloques y en el volumen de sus intercambios comerciales. Estas son las principales claves del tratado.<\/p>\n\n\n\n<p class=\"has-text-align-center\"><strong><a href=\"https:\/\/chat.whatsapp.com\/KWkTmakY3I05kNdd2oZl6d\"><em>\u00daNETE A NUESTRO GRUPO DE WHATSAPP PARA ESTAR INFORMADO<\/em><\/a><\/strong><\/p>\n\n\n\n<h3 class=\"wp-block-heading\"><strong><mark style=\"background-color:rgba(0, 0, 0, 0)\" class=\"has-inline-color has-vivid-red-color\">Un acuerdo en cifras<\/mark><\/strong><\/h3>\n\n\n\n<p>El pacto crear\u00e1 una de las mayores zonas de libre comercio del mundo, integrada por 31 pa\u00edses y una poblaci\u00f3n de aproximadamente 720 millones de personas: 270 millones del Mercosur y 450 millones de la Uni\u00f3n Europea. En conjunto, representan un Producto Bruto Interno de 24,2 billones de d\u00f3lares, equivalente al 20,2% del PBI mundial. Se trata del acuerdo m\u00e1s ambicioso alcanzado hasta ahora entre dos bloques regionales ya constituidos.<\/p>\n\n\n\n<p>Aunque el Acuerdo de Asociaci\u00f3n Econ\u00f3mica Integral Regional (RCEP), en Asia, es mayor en t\u00e9rminos poblacionales, el tratado UE-Mercosur se destaca por su profundidad: incluye compromisos en est\u00e1ndares regulatorios, servicios, compras p\u00fablicas y cuestiones ambientales, como el cumplimiento del Acuerdo de Par\u00eds.<\/p>\n\n\n\n<h3 class=\"wp-block-heading\"><strong><mark style=\"background-color:rgba(0, 0, 0, 0)\" class=\"has-inline-color has-vivid-red-color\">Eliminaci\u00f3n de aranceles<\/mark><\/strong><\/h3>\n\n\n\n<p>Casi el 92% del comercio bilateral quedar\u00e1 libre de aranceles, ya sea de forma inmediata o a trav\u00e9s de per\u00edodos de transici\u00f3n de entre cinco y quince a\u00f1os, seg\u00fan el sector. La liberalizaci\u00f3n abarca la mayor\u00eda de los bienes industriales y agropecuarios. Se estima que las empresas europeas ahorrar\u00e1n alrededor de 4.000 millones de euros anuales en aranceles, mientras que el Mercosur obtendr\u00e1 acceso preferencial para el 99% de sus exportaciones agr\u00edcolas.<\/p>\n\n\n\n<h3 class=\"wp-block-heading\"><strong><mark style=\"background-color:rgba(0, 0, 0, 0)\" class=\"has-inline-color has-vivid-red-color\">Industria, tecnolog\u00eda y medicamentos<\/mark><\/strong><\/h3>\n\n\n\n<p>Los autom\u00f3viles europeos, que hoy pagan un arancel del 35% para ingresar al Mercosur, ver\u00e1n eliminada esa carga de manera progresiva. Lo mismo ocurrir\u00e1 con la maquinaria industrial y otros productos tecnol\u00f3gicos, que ingresar\u00e1n sin aranceles. Entre las empresas beneficiadas figuran grandes automotrices como Volkswagen, Stellantis, BMW, Renault, Volvo y Mercedes-Benz, as\u00ed como proveedores industriales como Bosch, Michelin o Pirelli.<\/p>\n\n\n\n<p>En el sector farmac\u00e9utico y tecnol\u00f3gico, el acuerdo favorece a compa\u00f1\u00edas como Bayer, Novartis, Pfizer, Roche, Siemens, Nokia, Ericsson o SAP. Tambi\u00e9n se ver\u00e1n beneficiadas grandes marcas textiles europeas como Inditex, Decathlon, Adidas y Puma.<\/p>\n\n\n\n<h3 class=\"wp-block-heading\"><strong><mark style=\"background-color:rgba(0, 0, 0, 0)\" class=\"has-inline-color has-vivid-red-color\">El cap\u00edtulo agropecuario<\/mark><\/strong><\/h3>\n\n\n\n<p>La mayor\u00eda de los productos agr\u00edcolas del Mercosur ingresar\u00e1 a la Uni\u00f3n Europea sin aranceles ni cuotas. Sin embargo, se establecieron excepciones: 99.000 toneladas anuales de carne vacuna con un arancel del 7,5%; 180.000 toneladas de carne aviar con eliminaci\u00f3n progresiva del arancel hasta 2031; 180.000 toneladas de az\u00facar de ca\u00f1a sin arancel; y cupos espec\u00edficos para etanol.<\/p>\n\n\n\n<p>Las exigencias sanitarias y ambientales europeas se mantienen sin cambios. Adem\u00e1s, se incorpor\u00f3 un mecanismo de salvaguardas para proteger a los productores europeos ante eventuales distorsiones de mercado, especialmente en sectores sensibles como la carne, el az\u00facar y las aves.<\/p>\n\n\n\n<h3 class=\"wp-block-heading\"><strong><mark style=\"background-color:rgba(0, 0, 0, 0)\" class=\"has-inline-color has-vivid-red-color\">Servicios y compras p\u00fablicas<\/mark><\/strong><\/h3>\n\n\n\n<p>El acuerdo ampl\u00eda el acceso a licitaciones p\u00fablicas y a la prestaci\u00f3n de servicios financieros, log\u00edsticos y digitales en ambos bloques. Si bien beneficia a empresas de ambas regiones, las firmas europeas parten con ventaja por su tama\u00f1o y presencia previa en el Mercosur. Entre las m\u00e1s favorecidas figuran bancos, aseguradoras, empresas log\u00edsticas, energ\u00e9ticas, de infraestructura y grandes consultoras internacionales.<\/p>\n\n\n\n<h3 class=\"wp-block-heading\"><strong><mark style=\"background-color:rgba(0, 0, 0, 0)\" class=\"has-inline-color has-vivid-red-color\">Medio ambiente<\/mark><\/strong><\/h3>\n\n\n\n<p>El tratado incorpora compromisos vinculados al Acuerdo de Par\u00eds y mecanismos de di\u00e1logo en caso de incumplimientos. Si bien su impacto econ\u00f3mico es limitado, el cap\u00edtulo ambiental tiene un fuerte peso pol\u00edtico. Organizaciones ecologistas europeas critican la falta de sanciones econ\u00f3micas m\u00e1s severas, lo que anticipa resistencias durante el proceso de ratificaci\u00f3n en el Parlamento Europeo.<\/p>\n\n\n\n<h3 class=\"wp-block-heading\"><strong><mark style=\"background-color:rgba(0, 0, 0, 0)\" class=\"has-inline-color has-vivid-red-color\">Ganadores y perdedores<\/mark><\/strong><\/h3>\n\n\n\n<p>A largo plazo, analistas como el Financial Times advierten que las econom\u00edas europeas, m\u00e1s industrializadas, podr\u00edan beneficiarse m\u00e1s que las del Mercosur. En Sudam\u00e9rica, los mayores ganadores ser\u00e1n los grandes exportadores agroindustriales, especialmente en carnes premium, vinos, aceites y frutas procesadas. En contraste, sectores industriales como el automotor, el textil, el calzado y la metalurgia \u2014particularmente en Argentina\u2014 podr\u00edan enfrentar mayores desaf\u00edos competitivos.<\/p>\n\n\n\n<p class=\"has-text-align-center\"><em><strong><em><strong><em><strong><em><strong><a href=\"https:\/\/t.me\/esreviral\">\u00daNETE A NUESTRO CANAL DE TELEGRAM PARA ESTAR INFORMADO<\/a><\/strong><\/em><\/strong><\/em><\/strong><\/em><\/strong><\/em><\/p>\n\n\n\n<h3 class=\"wp-block-heading\"><strong><mark style=\"background-color:rgba(0, 0, 0, 0)\" class=\"has-inline-color has-vivid-red-color\">Clave geopol\u00edtica<\/mark><\/strong><\/h3>\n\n\n\n<p>M\u00e1s all\u00e1 de lo comercial, el acuerdo tiene un fuerte trasfondo geopol\u00edtico. Europa busca reducir su dependencia de China, asegurar el acceso a materias primas estrat\u00e9gicas como litio y cobre, y reforzar su presencia en Am\u00e9rica Latina. Para el Mercosur, el tratado abre una v\u00eda de diversificaci\u00f3n comercial m\u00e1s all\u00e1 del mercado asi\u00e1tico.<\/p>\n\n\n\n<h3 class=\"wp-block-heading\"><strong><mark style=\"background-color:rgba(0, 0, 0, 0)\" class=\"has-inline-color has-vivid-red-color\">Estabilidad pol\u00edtica<\/mark><\/strong><\/h3>\n\n\n\n<p>El acuerdo tambi\u00e9n aporta previsibilidad a las relaciones pol\u00edticas entre ambos bloques, pese a las tensiones recientes entre l\u00edderes como Jair Bolsonaro, Javier Milei o Pedro S\u00e1nchez. Desde Bruselas, el tratado es visto como una inversi\u00f3n estrat\u00e9gica en Am\u00e9rica Latina y una se\u00f1al de cooperaci\u00f3n internacional en un contexto global marcado por nuevas tensiones y tendencias proteccionistas.<\/p>\n\n\n\n<p class=\"has-text-align-right\"><strong><em>Con Informaci\u00f3n de Clarin.-<\/em><\/strong><\/p>\n","protected":false},"excerpt":{"rendered":"<p>El acuerdo reunir\u00e1 en una zona de libre comercio a 720 millones de personas y es uno de los m\u00e1s ambiciosos jam\u00e1s firmado. Los cambios que traer\u00e1.<\/p>\n","protected":false},"author":3,"featured_media":86559,"comment_status":"closed","ping_status":"closed","sticky":false,"template":"","format":"standard","meta":{"jnews-multi-image_gallery":[],"jnews_single_post":{"format":"standard"},"jnews_primary_category":[],"jnews_social_meta":[],"jnews_review":[],"enable_review":"","type":"","name":"","summary":"","brand":"","sku":"","good":[],"bad":[],"score_override":"","override_value":"","rating":[],"price":[],"jnews_override_counter":[],"jnews_post_split":[],"footnotes":""},"categories":[88,59],"tags":[3339,425,45,1587,39208],"class_list":["post-86558","post","type-post","status-publish","format-standard","has-post-thumbnail","hentry","category-internacionales","category-politica","tag-acuerdo","tag-mercosur","tag-noticias","tag-union-europea","tag-zona-de-libre-comercio"],"amp_enabled":true,"_links":{"self":[{"href":"https:\/\/esreviral.com\/index.php?rest_route=\/wp\/v2\/posts\/86558"}],"collection":[{"href":"https:\/\/esreviral.com\/index.php?rest_route=\/wp\/v2\/posts"}],"about":[{"href":"https:\/\/esreviral.com\/index.php?rest_route=\/wp\/v2\/types\/post"}],"author":[{"embeddable":true,"href":"https:\/\/esreviral.com\/index.php?rest_route=\/wp\/v2\/users\/3"}],"replies":[{"embeddable":true,"href":"https:\/\/esreviral.com\/index.php?rest_route=%2Fwp%2Fv2%2Fcomments&post=86558"}],"version-history":[{"count":2,"href":"https:\/\/esreviral.com\/index.php?rest_route=\/wp\/v2\/posts\/86558\/revisions"}],"predecessor-version":[{"id":86566,"href":"https:\/\/esreviral.com\/index.php?rest_route=\/wp\/v2\/posts\/86558\/revisions\/86566"}],"wp:featuredmedia":[{"embeddable":true,"href":"https:\/\/esreviral.com\/index.php?rest_route=\/wp\/v2\/media\/86559"}],"wp:attachment":[{"href":"https:\/\/esreviral.com\/index.php?rest_route=%2Fwp%2Fv2%2Fmedia&parent=86558"}],"wp:term":[{"taxonomy":"category","embeddable":true,"href":"https:\/\/esreviral.com\/index.php?rest_route=%2Fwp%2Fv2%2Fcategories&post=86558"},{"taxonomy":"post_tag","embeddable":true,"href":"https:\/\/esreviral.com\/index.php?rest_route=%2Fwp%2Fv2%2Ftags&post=86558"}],"curies":[{"name":"wp","href":"https:\/\/api.w.org\/{rel}","templated":true}]}}