{"id":86497,"date":"2026-01-16T11:18:39","date_gmt":"2026-01-16T16:18:39","guid":{"rendered":"https:\/\/esreviral.com\/?p=86497"},"modified":"2026-01-16T11:18:40","modified_gmt":"2026-01-16T16:18:40","slug":"subsidios-a-las-tarifas-de-luz-las-11-provincias-que-tendran-mas-asistencia-estatal-por-sus-consumos-en-verano","status":"publish","type":"post","link":"https:\/\/esreviral.com\/?p=86497","title":{"rendered":"Subsidios a las tarifas de luz: las 11 provincias que tendr\u00e1n m\u00e1s asistencia estatal por sus consumos en verano"},"content":{"rendered":"\n<p>Mientras se demora la implementaci\u00f3n del nuevo esquema de subsidios, la Secretar\u00eda de Energ\u00eda defini\u00f3 nuevos bloques de<strong> consumo el\u00e9ctrico <\/strong>con asistencia estatal para el per\u00edodo de verano. La medida se aplicar\u00e1 exclusivamente a los hogares del NOA y el NEA.<\/p>\n\n\n\n<p>La decisi\u00f3n hab\u00eda sido solicitada a mediados de diciembre por entes reguladores provinciales, empresas distribuidoras y cooperativas, durante una consulta p\u00fablica. El pedido se fundament\u00f3 en la clasificaci\u00f3n clim\u00e1tica de la norma IRAM 11603, que identifica zonas \u201cmuy c\u00e1lidas\u201d y \u201cc\u00e1lidas\u201d.<\/p>\n\n\n\n<p class=\"has-text-align-center\"><strong><a href=\"https:\/\/chat.whatsapp.com\/KWkTmakY3I05kNdd2oZl6d\"><em>\u00daNETE A NUESTRO GRUPO DE WHATSAPP PARA ESTAR INFORMADO<\/em><\/a><\/strong><\/p>\n\n\n\n<p>Desde el \u00e1rea energ\u00e9tica explicaron que el objetivo es reconocer las condiciones clim\u00e1ticas y las mayores necesidades de uso de ventiladores y aires acondicionados en las provincias del norte del pa\u00eds, donde adem\u00e1s existe un menor acceso al gas por redes y la electricidad es el principal recurso para la refrigeraci\u00f3n de los hogares.<\/p>\n\n\n\n<p>La medida se da a conocer en un contexto en el que la aplicaci\u00f3n del r\u00e9gimen de Subsidios Energ\u00e9ticos Focalizados (SEF), que distingue entre hogares con subsidios y aquellos que pagan el costo pleno de la energ\u00eda, fue postergada y entrar\u00eda en vigencia reci\u00e9n en febrero.<\/p>\n\n\n\n<h3 class=\"wp-block-heading\"><strong><mark style=\"background-color:rgba(0, 0, 0, 0)\" class=\"has-inline-color has-vivid-red-color\">Subsidios a las tarifas el\u00e9ctricas: qu\u00e9 zonas tendr\u00e1n mayor consumo asistido<\/mark><\/strong><\/h3>\n\n\n\n<p>Con la decisi\u00f3n de la Secretar\u00eda de Energ\u00eda, las provincias de Chaco, Corrientes, Entre R\u00edos, Formosa, Misiones y Santa Fe (NEA), junto con Catamarca, Jujuy, Salta, Santiago del Estero y Tucum\u00e1n (NOA), contar\u00e1n con un mayor bloque de consumo el\u00e9ctrico subsidiado durante diciembre, enero y febrero, ante las altas temperaturas.<\/p>\n\n\n\n<p>Los nuevos topes de consumo subsidiado quedaron establecidos de la siguiente manera:<\/p>\n\n\n\n<ul class=\"wp-block-list\">\n<li>En las zonas <strong>muy c\u00e1lidas<\/strong> del NOA y NEA, el bloque subsidiado se incrementa de 300 kWh a <strong>550 kWh mensuales<\/strong>.<\/li>\n\n\n\n<li>En las zonas <strong>c\u00e1lidas<\/strong>, el tope se fija en <strong>370 kWh mensuales<\/strong>.<\/li>\n\n\n\n<li>En el resto del pa\u00eds, el l\u00edmite de consumo con subsidios se mantiene en <strong>300 kWh mensuales<\/strong>.<\/li>\n<\/ul>\n\n\n\n<h3 class=\"wp-block-heading\"><strong><mark style=\"background-color:rgba(0, 0, 0, 0)\" class=\"has-inline-color has-vivid-red-color\">C\u00f3mo ser\u00e1 el nuevo esquema de subsidios a la electricidad y al gas<\/mark><\/strong><\/h3>\n\n\n\n<p>El r\u00e9gimen de Subsidios Energ\u00e9ticos Focalizados (SEF) tiene como objetivo trasladar de manera gradual los costos reales de la energ\u00eda a los usuarios, promover un consumo m\u00e1s eficiente y garantizar el acceso a un nivel b\u00e1sico de energ\u00eda para los sectores m\u00e1s vulnerables.<\/p>\n\n\n\n<p>La asistencia quedar\u00e1 limitada a los hogares con ingresos mensuales inferiores a tres Canastas B\u00e1sicas Totales (CBT), de acuerdo con los valores publicados por el Indec.<\/p>\n\n\n\n<p>A\u00fan resta que la Secretar\u00eda de Energ\u00eda oficialice los nuevos precios mayoristas del gas y de la generaci\u00f3n el\u00e9ctrica. Una vez cumplido ese paso, se aplicar\u00e1 el nuevo modelo de subsidios, que se estima comenzar\u00e1 a regir en febrero y tendr\u00e1 impacto en las facturas a partir de marzo.<\/p>\n\n\n\n<p>En cuanto a los bloques de consumo y las bonificaciones, el nuevo esquema establece que:<\/p>\n\n\n\n<p class=\"has-text-align-center\"><em><strong><em><strong><em><strong><em><strong><a href=\"https:\/\/t.me\/esreviral\">\u00daNETE A NUESTRO CANAL DE TELEGRAM PARA ESTAR INFORMADO<\/a><\/strong><\/em><\/strong><\/em><\/strong><\/em><\/strong><\/em><\/p>\n\n\n\n<ul class=\"wp-block-list\">\n<li>Los hogares con subsidios recibir\u00e1n una bonificaci\u00f3n del <strong>50%<\/strong> en las facturas de electricidad, aplicada sobre un bloque de <strong>300 kWh mensuales<\/strong> en verano e invierno (excepto en las provincias del norte). En oto\u00f1o y primavera, el tope ser\u00e1 de <strong>150 kWh mensuales<\/strong>.<\/li>\n\n\n\n<li>En el caso del gas, la bonificaci\u00f3n del <strong>50%<\/strong> se aplicar\u00e1 durante los meses de mayor consumo, entre abril y septiembre. En los per\u00edodos de menor consumo, no habr\u00e1 subsidios.<\/li>\n\n\n\n<li>El precio del gas para los hogares se mantendr\u00e1 estable durante todo el a\u00f1o.<\/li>\n<\/ul>\n\n\n\n<p><\/p>\n\n\n\n<p class=\"has-text-align-right\"><strong><em>Con Informaci\u00f3n de TN.-<\/em><\/strong><\/p>\n","protected":false},"excerpt":{"rendered":"<p>Antes de aplicar el nuevo esquema de asistencia estatal focalizada, la Secretar\u00eda de Energ\u00eda modific\u00f3 los topes de consumo de energ\u00eda el\u00e9ctrica para el NOA y NEA por razones clim\u00e1ticas.<\/p>\n","protected":false},"author":3,"featured_media":86499,"comment_status":"closed","ping_status":"closed","sticky":false,"template":"","format":"standard","meta":{"jnews-multi-image_gallery":[],"jnews_single_post":{"format":"standard"},"jnews_primary_category":[],"jnews_social_meta":[],"jnews_review":[],"enable_review":"","type":"","name":"","summary":"","brand":"","sku":"","good":[],"bad":[],"score_override":"","override_value":"","rating":[],"price":[],"jnews_override_counter":[],"jnews_post_split":[],"footnotes":""},"categories":[58,61],"tags":[44,13449,2090,316],"class_list":["post-86497","post","type-post","status-publish","format-standard","has-post-thumbnail","hentry","category-argentina","category-economia","tag-argentina","tag-consumo-electrico","tag-subsidios","tag-tarifas"],"amp_enabled":true,"_links":{"self":[{"href":"https:\/\/esreviral.com\/index.php?rest_route=\/wp\/v2\/posts\/86497"}],"collection":[{"href":"https:\/\/esreviral.com\/index.php?rest_route=\/wp\/v2\/posts"}],"about":[{"href":"https:\/\/esreviral.com\/index.php?rest_route=\/wp\/v2\/types\/post"}],"author":[{"embeddable":true,"href":"https:\/\/esreviral.com\/index.php?rest_route=\/wp\/v2\/users\/3"}],"replies":[{"embeddable":true,"href":"https:\/\/esreviral.com\/index.php?rest_route=%2Fwp%2Fv2%2Fcomments&post=86497"}],"version-history":[{"count":1,"href":"https:\/\/esreviral.com\/index.php?rest_route=\/wp\/v2\/posts\/86497\/revisions"}],"predecessor-version":[{"id":86500,"href":"https:\/\/esreviral.com\/index.php?rest_route=\/wp\/v2\/posts\/86497\/revisions\/86500"}],"wp:featuredmedia":[{"embeddable":true,"href":"https:\/\/esreviral.com\/index.php?rest_route=\/wp\/v2\/media\/86499"}],"wp:attachment":[{"href":"https:\/\/esreviral.com\/index.php?rest_route=%2Fwp%2Fv2%2Fmedia&parent=86497"}],"wp:term":[{"taxonomy":"category","embeddable":true,"href":"https:\/\/esreviral.com\/index.php?rest_route=%2Fwp%2Fv2%2Fcategories&post=86497"},{"taxonomy":"post_tag","embeddable":true,"href":"https:\/\/esreviral.com\/index.php?rest_route=%2Fwp%2Fv2%2Ftags&post=86497"}],"curies":[{"name":"wp","href":"https:\/\/api.w.org\/{rel}","templated":true}]}}