{"id":86344,"date":"2026-01-14T09:06:08","date_gmt":"2026-01-14T14:06:08","guid":{"rendered":"https:\/\/esreviral.com\/?p=86344"},"modified":"2026-01-14T09:59:24","modified_gmt":"2026-01-14T14:59:24","slug":"acabo-de-salir-del-infierno-el-relato-del-argentino-israeli-liberado-de-una-carcel-en-venezuela","status":"publish","type":"post","link":"https:\/\/esreviral.com\/?p=86344","title":{"rendered":"\u201cAcabo de salir del infierno\u201d: el relato del argentino-israel\u00ed liberado de una c\u00e1rcel en Venezuela"},"content":{"rendered":"\n<p><strong>Un ruido extra\u00f1o despert\u00f3 a Yaacob Eliahu Harary dentro de su celda en la c\u00e1rcel de El Rodeo I, en Venezuela. Al abrir los ojos, el argentino-israel\u00ed de 72 a\u00f1os de edad vio una escena aterradora: su socio y compa\u00f1ero de cautiverio, Douglas Javier Ochoa, ten\u00eda el cuello cortado.<\/strong> Estaba intentando suicidarse y ya hab\u00eda perdido una gran cantidad de sangre. Harary comenz\u00f3 a gritar desesperadamente hasta que los guardias acudieron. Gracias a esa reacci\u00f3n, Ochoa recibi\u00f3 atenci\u00f3n m\u00e9dica de urgencia y logr\u00f3 sobrevivir tras ser sometido a una cirug\u00eda y recibir varias transfusiones.<\/p>\n\n\n\n<p class=\"has-text-align-center\"><strong><a href=\"https:\/\/chat.whatsapp.com\/KWkTmakY3I05kNdd2oZl6d\"><em>\u00daNETE A NUESTRO GRUPO DE WHATSAPP PARA ESTAR INFORMADO<\/em><\/a><\/strong><\/p>\n\n\n\n<p>El episodio ocurri\u00f3 en la misma prisi\u00f3n<strong> donde permanece detenido el gendarme argentino Nahuel Agust\u00edn Gallo, <\/strong>apenas tres d\u00edas antes de que el Gobierno Venezolano liberara a Harary. El arquitecto, nacido en San Juan y con ciudadan\u00eda israel\u00ed, ya se encuentra en Tel Aviv tras recuperar su libertad.<\/p>\n\n\n\n<p>La hijastra de Harary habl\u00f3 y reconstruy\u00f3 parte de las conversaciones telef\u00f3nicas que mantuvo con su padrastro luego de su liberaci\u00f3n. Asegur\u00f3 que lograron comunicarse tanto el lunes como el martes.<br><strong><em>\u201cAcabo de salir del infierno<\/em><\/strong>\u201d, fue lo primero que le dijo. Tambi\u00e9n expres\u00f3 una profunda preocupaci\u00f3n por la situaci\u00f3n de su socio, quien contin\u00faa detenido.<\/p>\n\n\n\n<p>Seg\u00fan su testimonio, Harary relat\u00f3 maltratos sistem\u00e1ticos, vej\u00e1menes constantes \u2014especialmente contra los presos venezolanos\u2014 y la administraci\u00f3n de medicaci\u00f3n psiqui\u00e1trica sin justificaci\u00f3n m\u00e9dica. \u201c<strong><em>Lo que vivi\u00f3 es terrible, pero dice que no se compara con lo que les hacen a los venezolanos\u201d<\/em><\/strong>, sostuvo su hijastra.<\/p>\n\n\n\n<h3 class=\"wp-block-heading\"><strong><mark style=\"background-color:rgba(0, 0, 0, 0)\" class=\"has-inline-color has-vivid-red-color\">Del encierro al cara a cara con Diosdado Cabello<\/mark><\/strong><\/h3>\n\n\n<div class=\"wp-block-image\">\n<figure class=\"aligncenter size-large\"><img decoding=\"async\" src=\"https:\/\/www.clarin.com\/img\/2026\/01\/14\/XL6sV5gHz_720x0__1.jpg\" alt=\"\"\/><\/figure><\/div>\n\n\n<p><\/p>\n\n\n\n<p>La historia de Harary tuvo un desenlace tan inesperado como inquietante. Esta semana, tras m\u00e1s de un a\u00f1o de detenci\u00f3n, termin\u00f3 cara a cara con Diosdado Cabello, n\u00famero dos del gobierno venezolano y actual ministro de Interior y Justicia. Fue el propio Cabello quien lo traslad\u00f3 desde El Rodeo I hasta un encuentro con la comunidad jud\u00eda de Caracas.<\/p>\n\n\n\n<p>Yaacob es arquitecto de profesi\u00f3n, pero su gran pasi\u00f3n es la producci\u00f3n de alimentos. \u201c<strong><em>Ama todo lo relacionado con el trabajo rural y los animales\u201d, <\/em><\/strong>cont\u00f3 Emma, su hijastra. Nacido en San Juan, vivi\u00f3 en pa\u00edses como Panam\u00e1, Israel y Ecuador, donde hoy reside parte de su familia.<\/p>\n\n\n\n<p>En 2017, mientras trabajaba en Panam\u00e1, conoci\u00f3 a Gloria, una mujer venezolana con quien inici\u00f3 una relaci\u00f3n. Juntos se mudaron a Ecuador con los hijos de ella. A\u00f1os m\u00e1s tarde, en 2023, Harary viaj\u00f3 a Israel y su esposa se reuni\u00f3 con \u00e9l tiempo despu\u00e9s. En 2024, tras un viaje familiar de Gloria a Ecuador, Yaacob decidi\u00f3 ir a Panam\u00e1 para recuperar unas m\u00e1quinas con las que planeaba cumplir su sue\u00f1o: producir quesos en Venezuela.<\/p>\n\n\n\n<p>Fue entonces cuando se asoci\u00f3 con Douglas Javier Ochoa, un venezolano cercano a la familia pol\u00edtica de Emma. Durante m\u00e1s de un a\u00f1o planificaron el proyecto. \u201c<strong><em>Compr\u00f3 terrenos y hasta animales<\/em><\/strong>\u201d, relat\u00f3 su hijastra.<\/p>\n\n\n<div class=\"wp-block-image\">\n<figure class=\"aligncenter size-large\"><img decoding=\"async\" src=\"https:\/\/www.clarin.com\/img\/2026\/01\/14\/SpJ5FWvTR_720x0__1.jpg\" alt=\"\"\/><figcaption class=\"wp-element-caption\">El argentino-israel\u00ed Yaacob Harary, en Tel Aviv tras ser liberado<\/figcaption><\/figure><\/div>\n\n\n<p>Por temor a ingresar por avi\u00f3n a Caracas debido a su ciudadan\u00eda israel\u00ed \u2014Venezuela rompi\u00f3 relaciones diplom\u00e1ticas con Israel hace m\u00e1s de una d\u00e9cada\u2014, Harary decidi\u00f3 viajar a Colombia y cruzar la frontera terrestre. All\u00ed lo esperaba Ochoa.<\/p>\n\n\n\n<p>Ambos fueron detenidos el 9 de septiembre de 2024 por agentes de la Direcci\u00f3n General de Contrainteligencia Militar (DGCIM). Seg\u00fan el relato de Harary, fueron trasladados primero a El Helicoide y luego a El Rodeo I, tras pasar por varios cuarteles del organismo de inteligencia.<\/p>\n\n\n\n<p>El r\u00e9gimen chavista lo acus\u00f3 de conspirar \u201cpara destruir la forma pol\u00edtica republicana del Estado\u201d. Permaneci\u00f3 490 d\u00edas detenido, la mayor\u00eda en El Rodeo I, sin contacto con su familia.<\/p>\n\n\n\n<h3 class=\"wp-block-heading\"><strong><mark style=\"background-color:rgba(0, 0, 0, 0)\" class=\"has-inline-color has-vivid-red-color\">\u201cEl infierno\u201d, seg\u00fan Harary<\/mark><\/strong><\/h3>\n\n\n\n<p><strong><em>\u201cMe dijo que el trato fue inhumano, que lo humillaron y maltrataron constantemente. Pero que lo que viven los presos venezolanos es a\u00fan peor\u201d<\/em><\/strong>, cont\u00f3 Emma. Tambi\u00e9n remarc\u00f3 que dentro de la misma celda era evidente la diferencia de trato entre Harary y su socio venezolano.<\/p>\n\n\n\n<p>A pesar de sus m\u00faltiples cirug\u00edas y su delicado estado de salud, Harary recibi\u00f3 parte de su medicaci\u00f3n. \u201c<strong><em>No sabemos si le daban todos los remedios que necesitaba\u201d<\/em><\/strong>, aclar\u00f3 su hijastra. Tras su liberaci\u00f3n, se mostr\u00f3 especialmente angustiado por Ochoa.<\/p>\n\n\n\n<p>Seg\u00fan relat\u00f3, los guardiac\u00e1rceles suministraban medicamentos psiqui\u00e1tricos sin diagn\u00f3stico m\u00e9dico, utilizados como sedantes. \u201c<strong><em>A muchos les daban pastillas que les hac\u00edan mal. A varios presos pol\u00edticos extranjeros los tienen medicados. Tambi\u00e9n les daban losart\u00e1n y otros f\u00e1rmacos<\/em><\/strong>\u201d, explic\u00f3 Emma.<\/p>\n\n\n\n<p>La familia cree que el uso excesivo de estas drogas afect\u00f3 gravemente a algunos detenidos. Harary, incluso, compart\u00eda sus propias pastillas para dormir con Ochoa.<\/p>\n\n\n\n<p>Como otros presos pol\u00edticos, deb\u00eda escuchar semanalmente por los parlantes el programa de Diosdado Cabello. Los guardias tambi\u00e9n reproduc\u00edan videos de TikTok de Nicol\u00e1s Maduro y emisiones de <em>Sin truco ni ma\u00f1as<\/em>.<\/p>\n\n\n\n<p><strong>Durante su cautiverio, Harary vio al gendarme argentino Gallo en buen estado de salud y supo que una vez por semana pod\u00eda correr en la cancha de b\u00e1squet de la prisi\u00f3n.<\/strong><\/p>\n\n\n\n<h3 class=\"wp-block-heading\"><strong><mark style=\"background-color:rgba(0, 0, 0, 0)\" class=\"has-inline-color has-vivid-red-color\">La liberaci\u00f3n y el regreso a Israel<\/mark><\/strong><\/h3>\n\n\n\n<p>Harary fue liberado en la madrugada del lunes junto a otros 33 presos pol\u00edticos. Seg\u00fan cont\u00f3 su familia, fue el propio Cabello quien lo sac\u00f3 de la c\u00e1rcel.<br><strong><em>\u201cHasta tuvo el descaro de darle la mano, como si nada hubiera pasado\u201d<\/em><\/strong>, relat\u00f3 Emma.<\/p>\n\n\n\n<p>Antes de abandonar el penal, le mostraron una foto de su nieta reci\u00e9n nacida, hija de su hija biol\u00f3gica en Israel. Solo pudo verla durante dos minutos. Luego se la quitaron y no volvi\u00f3 a tenerla.<\/p>\n\n\n\n<p>Tras una escala en Roma, Harary lleg\u00f3 a Tel Aviv, donde fue recibido por el primer ministro Benjam\u00edn Netanyahu. En un comunicado, el gobierno israel\u00ed agradeci\u00f3 al Ministerio de Asuntos Exteriores, al Mossad y a los gobiernos de Estados Unidos, Alemania, Austria e Italia por su colaboraci\u00f3n.<\/p>\n\n\n\n<p class=\"has-text-align-center\"><em><strong><em><strong><em><strong><em><strong><a href=\"https:\/\/t.me\/esreviral\">\u00daNETE A NUESTRO CANAL DE TELEGRAM PARA ESTAR INFORMADO<\/a><\/strong><\/em><\/strong><\/em><\/strong><\/em><\/strong><\/em><\/p>\n\n\n\n<p>El Ministerio de Exteriores de Israel denunci\u00f3 que Harary estuvo detenido \u201c<strong><em>en condiciones extremadamente duras, sin el debido proceso legal ni acceso adecuado a atenci\u00f3n m\u00e9dica\u201d<\/em><\/strong>. Debido a la falta de relaciones diplom\u00e1ticas con Venezuela, Israel coordin\u00f3 acciones a trav\u00e9s de su embajada en Colombia y con otros pa\u00edses para asistirlo durante su encierro.<\/p>\n\n\n\n<p>\u201c<strong><em>Entre otras medidas, se le enviaron fotograf\u00edas de su nieta para preservar la conexi\u00f3n humana y brindarle apoyo moral\u201d,<\/em><\/strong> concluy\u00f3 el comunicado.<\/p>\n\n\n\n<p class=\"has-text-align-right\"><strong><em>Con Informaci\u00f3n de clarin.-<\/em><\/strong><\/p>\n","protected":false},"excerpt":{"rendered":"<p>Yaacob Eliahu Harary, de 72 a\u00f1os, pas\u00f3 490 d\u00edas detenido en la misma prisi\u00f3n que el gendarme Nahuel Gallo.<br \/>\nSu charla con el N\u00b02 del r\u00e9gimen chavista al salir de prisi\u00f3n y la preocupaci\u00f3n por su socio, a\u00fan encerrado.<br \/>\nClar\u00edn habl\u00f3 con la familia del arquitecto que se recupera en Israel.<\/p>\n","protected":false},"author":3,"featured_media":86345,"comment_status":"closed","ping_status":"closed","sticky":false,"template":"","format":"standard","meta":{"jnews-multi-image_gallery":[],"jnews_single_post":{"format":"standard"},"jnews_primary_category":[],"jnews_social_meta":[],"jnews_review":[],"enable_review":"","type":"","name":"","summary":"","brand":"","sku":"","good":[],"bad":[],"score_override":"","override_value":"","rating":[],"price":[],"jnews_override_counter":[],"jnews_post_split":[],"footnotes":""},"categories":[66],"tags":[381,1068,56,39101],"class_list":["post-86344","post","type-post","status-publish","format-standard","has-post-thumbnail","hentry","category-venezuela","tag-diosdado-cabello","tag-nicolas-maduro","tag-venezuela","tag-yaacob-eliahu-harary"],"amp_enabled":true,"_links":{"self":[{"href":"https:\/\/esreviral.com\/index.php?rest_route=\/wp\/v2\/posts\/86344"}],"collection":[{"href":"https:\/\/esreviral.com\/index.php?rest_route=\/wp\/v2\/posts"}],"about":[{"href":"https:\/\/esreviral.com\/index.php?rest_route=\/wp\/v2\/types\/post"}],"author":[{"embeddable":true,"href":"https:\/\/esreviral.com\/index.php?rest_route=\/wp\/v2\/users\/3"}],"replies":[{"embeddable":true,"href":"https:\/\/esreviral.com\/index.php?rest_route=%2Fwp%2Fv2%2Fcomments&post=86344"}],"version-history":[{"count":2,"href":"https:\/\/esreviral.com\/index.php?rest_route=\/wp\/v2\/posts\/86344\/revisions"}],"predecessor-version":[{"id":86361,"href":"https:\/\/esreviral.com\/index.php?rest_route=\/wp\/v2\/posts\/86344\/revisions\/86361"}],"wp:featuredmedia":[{"embeddable":true,"href":"https:\/\/esreviral.com\/index.php?rest_route=\/wp\/v2\/media\/86345"}],"wp:attachment":[{"href":"https:\/\/esreviral.com\/index.php?rest_route=%2Fwp%2Fv2%2Fmedia&parent=86344"}],"wp:term":[{"taxonomy":"category","embeddable":true,"href":"https:\/\/esreviral.com\/index.php?rest_route=%2Fwp%2Fv2%2Fcategories&post=86344"},{"taxonomy":"post_tag","embeddable":true,"href":"https:\/\/esreviral.com\/index.php?rest_route=%2Fwp%2Fv2%2Ftags&post=86344"}],"curies":[{"name":"wp","href":"https:\/\/api.w.org\/{rel}","templated":true}]}}