{"id":86333,"date":"2026-01-14T06:59:21","date_gmt":"2026-01-14T11:59:21","guid":{"rendered":"https:\/\/esreviral.com\/?p=86333"},"modified":"2026-01-14T07:00:19","modified_gmt":"2026-01-14T12:00:19","slug":"premios-lo-nuestro-2026-quienes-son-los-venezolanos-nominados","status":"publish","type":"post","link":"https:\/\/esreviral.com\/?p=86333","title":{"rendered":"Premios Lo Nuestro 2026: \u00bfQui\u00e9nes son los venezolanos nominados?"},"content":{"rendered":"\n<p>La cadena Univisi\u00f3n anunci\u00f3 las nominaciones para los<strong>\u00a0Premios Lo Nuestro 2026.\u00a0<\/strong>La gala tendr\u00e1 lugar el 19 de febrero en el Kaseya Center de Miami, Florida, Estados Unidos.<\/p>\n\n\n\n<p><strong>Bad Bunny, Car\u00edn Le\u00f3n, Myke Towers y Rauw Alejandro&nbsp;<\/strong>figuran entre los artistas con mayor n\u00famero nominaciones, un total de 10, respectivamente.<\/p>\n\n\n\n<p>En cuanto a los<strong>&nbsp;artistas venezolanos,&nbsp;<\/strong>la cantante estadounidense-venezolana Elena Rose se posiciona entre los m\u00e1s nominados en seis categor\u00edas.<\/p>\n\n\n\n<h2 class=\"wp-block-heading\" id=\"los-venezolanos-nominadosnbsp\"><strong><mark style=\"background-color:rgba(0, 0, 0, 0)\" class=\"has-inline-color has-vivid-red-color\">Los venezolanos nominados\u00a0<\/mark><\/strong><\/h2>\n\n\n\n<p>En esta edici\u00f3n de Premios Lo Nuestro 2026, varios artistas venezolanos aparecen en la lista de los nominados:<\/p>\n\n\n\n<ul class=\"wp-block-list\">\n<li><strong><mark style=\"background-color:rgba(0, 0, 0, 0)\" class=\"has-inline-color has-vivid-red-color\">Elena Rose<\/mark><\/strong><\/li>\n<\/ul>\n\n\n\n<p><strong>-Mejor Combinaci\u00f3n Femenina:<\/strong>&nbsp;\u201cPa\u2019 Qu\u00e9 Volviste?\u201d junto a Maria Becerra.<\/p>\n\n\n\n<p><strong>-La Mezcla Perfecta del A\u00f1o:&nbsp;<\/strong>\u201cCarteras Chinas\u201d junto a Camilo &amp; Los \u00c1ngeles Azules.<\/p>\n\n\n\n<p><strong>-Afrobeats del A\u00f1o:<\/strong>&nbsp;\u201cCosita Linda\u201d junto a Justin Quiles.<\/p>\n\n\n\n<p><strong>-Artista Pop Femenina del A\u00f1o.<\/strong><\/p>\n\n\n\n<p><strong>-Canci\u00f3n del A\u00f1o \u2013 Pop:<\/strong>&nbsp;\u201cUn Beso Menos\u201d junto a Morat.<\/p>\n\n\n\n<p><strong>-\u00c1lbum del A\u00f1o Pop:<\/strong>&nbsp;<em>En Las Nubes (Con Mis Panas).<\/em><\/p>\n\n\n\n<ul class=\"wp-block-list\">\n<li><strong><mark style=\"background-color:rgba(0, 0, 0, 0)\" class=\"has-inline-color has-vivid-red-color\">Mau y Ricky<\/mark><\/strong><\/li>\n<\/ul>\n\n\n\n<p><strong>-Grupo o D\u00fao del A\u00f1o \u2013 Pop\/Rock.<\/strong><\/p>\n\n\n\n<p><strong>-Colaboraci\u00f3n del A\u00f1o \u2013 Pop-Urbano:&nbsp;<\/strong>\u201cSaman\u00e1\u201d junto a Danny Ocean &amp; Yorghaki.<\/p>\n\n\n\n<ul class=\"wp-block-list\">\n<li><strong><mark style=\"background-color:rgba(0, 0, 0, 0)\" class=\"has-inline-color has-vivid-red-color\">Danny Ocean<\/mark><\/strong><\/li>\n<\/ul>\n\n\n\n<p><strong>-Canci\u00f3n del A\u00f1o:<\/strong>&nbsp;\u201cImag\u00ednate\u201d junto a Kapo.<\/p>\n\n\n\n<p><strong>-Colaboraci\u00f3n del A\u00f1o \u2013 Pop-Urbano:&nbsp;<\/strong>\u201cSaman\u00e1\u201d junto a Mau y Ricky &amp; Yorghaki.<\/p>\n\n\n\n<p><strong>-\u00c1lbum del A\u00f1o:<\/strong>&nbsp;<em>Babylon Club.<\/em><\/p>\n\n\n\n<p><strong>-Artista Pop Masculino del A\u00f1o.<\/strong><\/p>\n\n\n\n<ul class=\"wp-block-list\">\n<li><strong><mark style=\"background-color:rgba(0, 0, 0, 0)\" class=\"has-inline-color has-vivid-red-color\">Rawayana<\/mark><\/strong><\/li>\n<\/ul>\n\n\n\n<p><strong>-Canci\u00f3n del A\u00f1o \u2013 Tropical:&nbsp;<\/strong>\u201cMalportada\u201d junto a Nathy Peluso.<\/p>\n\n\n\n<p><strong>-Colaboraci\u00f3n del A\u00f1o \u2013 Tropical:<\/strong>&nbsp;\u201cVenga Lo Que Venga\u201d junto a Fonseca.<\/p>\n\n\n\n<p><strong>-Afrobeats del A\u00f1o:&nbsp;<\/strong>\u201cMe Pasa (Piscis)\u201d junto a Bomba Est\u00e9reo.<\/p>\n\n\n\n<p><strong>-Grupo o D\u00fao del A\u00f1o \u2013 Pop\/Rock.<\/strong><\/p>\n\n\n\n<ul class=\"wp-block-list\">\n<li><strong><mark style=\"background-color:rgba(0, 0, 0, 0)\" class=\"has-inline-color has-vivid-red-color\">Alleh &amp; Yorghaki<\/mark><\/strong><\/li>\n<\/ul>\n\n\n\n<p><strong>-\u00c1lbum del A\u00f1o:&nbsp;<\/strong><em>La Ciudad.<\/em><\/p>\n\n\n\n<p><strong>-Artista Revelaci\u00f3n Masculina.<\/strong><\/p>\n\n\n\n<p class=\"has-text-align-center\"><strong><a href=\"https:\/\/chat.whatsapp.com\/KWkTmakY3I05kNdd2oZl6d\"><em>\u00daNETE A NUESTRO GRUPO DE WHATSAPP PARA ESTAR INFORMADO<\/em><\/a><\/strong><\/p>\n\n\n\n<figure class=\"wp-block-image size-large\"><img decoding=\"async\" src=\"https:\/\/eldiario.com\/wp-content\/uploads\/2025\/06\/Alleh-Yorghaki-1200x900.jpg.webp.\" alt=\"\"\/><figcaption class=\"wp-element-caption\">Alleh y Yorghaki\u00a0<\/figcaption><\/figure>\n\n\n\n<h2 class=\"wp-block-heading\" id=\"todos-los-nominados-a-los-premios-lo-nuestro-2026\"><strong><mark style=\"background-color:rgba(0, 0, 0, 0)\" class=\"has-inline-color has-vivid-red-color\">Todos los nominados a los Premios Lo Nuestro 2026<\/mark><\/strong><\/h2>\n\n\n\n<h3 class=\"wp-block-heading\" id=\"premio-lo-nuestro-artista-del-ano\"><strong>Premio Lo Nuestro Artista del A\u00f1o<\/strong><\/h3>\n\n\n\n<p>Bad Bunny<\/p>\n\n\n\n<p>Be\u00e9le<\/p>\n\n\n\n<p>Car\u00edn Le\u00f3n<\/p>\n\n\n\n<p>Fuerza Regida<\/p>\n\n\n\n<p>Karol G<\/p>\n\n\n\n<p>Maluma<\/p>\n\n\n\n<p>Marc Anthony<\/p>\n\n\n\n<p>Rauw Alejandro<\/p>\n\n\n\n<p>Romeo Santos<\/p>\n\n\n\n<p>Shakira<\/p>\n\n\n\n<h3 class=\"wp-block-heading\" id=\"cancion-del-ano\"><strong>Canci\u00f3n del A\u00f1o<\/strong><\/h3>\n\n\n\n<p>\u201cDesde Hoy\u201d \u2013 Natti Natasha<\/p>\n\n\n\n<p>\u201cDTMF\u201d \u2013 Bad Bunny<\/p>\n\n\n\n<p>\u201cEl Amor De Mi Herida\u201d \u2013 Car\u00edn Le\u00f3n<\/p>\n\n\n\n<p>\u201cImag\u00ednate\u201d \u2013 Danny Ocean &amp; Kapo<\/p>\n\n\n\n<p>\u201cKh\u00e9?\u201d \u2013 Rauw Alejandro &amp; Romeo Santos<\/p>\n\n\n\n<p>\u201cLatina Foreva\u201d \u2013 Karol G<\/p>\n\n\n\n<p>\u201cMe Jalo\u201d \u2013 Fuerza Regida &amp; Grupo Frontera<\/p>\n\n\n\n<p>\u201cNo Me S\u00e9 Rajar\u201d \u2013 Alejandro Fern\u00e1ndez<\/p>\n\n\n\n<p>\u201cOtra Noche (Feat. Darell)\u201d \u2013 Myke Towers &amp; Darell<\/p>\n\n\n\n<p>\u201cSoltera\u201d \u2013 Shakira<\/p>\n\n\n\n<h3 class=\"wp-block-heading\" id=\"album-del-ano\"><strong>\u00c1lbum del A\u00f1o<\/strong><\/h3>\n\n\n\n<p><em>\u00bfY Ahora Qu\u00e9 +?<\/em>&nbsp;\u2013 Alejandro Sanz<\/p>\n\n\n\n<p><em>111xpantia \u2013<\/em>&nbsp;Fuerza Regida<\/p>\n\n\n\n<p><em>Babylon Club<\/em>&nbsp;\u2013 Danny Ocean<\/p>\n\n\n\n<p><em>Cosa Nuestra<\/em>&nbsp;\u2013 Rauw Alejandro<\/p>\n\n\n\n<p><em>Deb\u00ed Tirar M\u00e1s Fotos<\/em>&nbsp;\u2013 Bad Bunny<\/p>\n\n\n\n<p><em>Eterno<\/em>&nbsp;\u2013 Prince Royce<\/p>\n\n\n\n<p><em>Island Boyz<\/em>&nbsp;\u2013 Myke Towers<\/p>\n\n\n\n<p><em>La Ciudad \u2013<\/em>&nbsp;Alleh &amp; Yorghaki<\/p>\n\n\n\n<p><em>Palabra De To\u2019s (Seca)<\/em>&nbsp;\u2013 Car\u00edn Le\u00f3n<\/p>\n\n\n\n<p><em>Tropicoqueta<\/em>&nbsp;\u2013 Karol G<\/p>\n\n\n\n<figure class=\"wp-block-image\"><img decoding=\"async\" src=\"https:\/\/eldiario.com\/wp-content\/uploads\/2024\/12\/Karol-G-1-1200x800.jpg\" alt=\"Premios Lo Nuestro 2026: \u00bfQui\u00e9nes son los venezolanos nominados?\"\/><figcaption class=\"wp-element-caption\">Foto: EFE<\/figcaption><\/figure>\n\n\n\n<h3 class=\"wp-block-heading\" id=\"mejor-combinacion-femenina\"><strong>Mejor Combinaci\u00f3n Femenina<\/strong><\/h3>\n\n\n\n<p>\u201cAmiga Date Cuenta\u201d \u2013 Ha*Ash &amp; Thalia<\/p>\n\n\n\n<p>\u201cBlackout\u201d \u2013 Emilia, Tini &amp; Nicki Nicole<\/p>\n\n\n\n<p>\u201cBrujer\u00eda\u201d \u2013 Yuridia &amp; Majo Aguilar<\/p>\n\n\n\n<p>\u201cDe Maravisha\u201d \u2013 Tokischa &amp; Nathy Peluso<\/p>\n\n\n\n<p>\u201cEn 4\u201d \u2013 Kenia Os &amp; Anitta<\/p>\n\n\n\n<p>\u201cEn Tu Marea\u201d \u2013 Goyo &amp; Greeicy<\/p>\n\n\n\n<p>\u201cFKN Movie\u201d \u2013 Karol G &amp; Mariah Angeliq<\/p>\n\n\n\n<p>\u201cMaldita Billetera\u201d \u2013 Alicia Villarreal &amp; Lila Downs<\/p>\n\n\n\n<p>\u201cMaldita Primavera\u201d \u2013 Yuri &amp; \u00c1ngela Aguilar<\/p>\n\n\n\n<p>\u201cPa\u2019 Qu\u00e9 Volviste?\u201d \u2013 Elena Rose &amp; Maria Becerra<\/p>\n\n\n\n<h3 class=\"wp-block-heading\" id=\"colaboracion-crossover-del-ano\"><strong>Colaboraci\u00f3n&nbsp;<\/strong><strong><em>Crossover<\/em><\/strong><strong>&nbsp;del A\u00f1o<\/strong><\/h3>\n\n\n\n<p>\u201cBa Ba Bad Remix\u201d \u2013 Kybba, Sean Paul, Ryan Castro &amp; Busy Signal<\/p>\n\n\n\n<p>\u201cI Adore You\u201d \u2013 Hugel, J Balvin, Ellie Goulding Ft. Topic, Arash &amp; Daecolm<\/p>\n\n\n\n<p>\u201cLost In Translation\u201d \u2013 Car\u00edn Le\u00f3n &amp; Kacey Musgraves<\/p>\n\n\n\n<p>\u201cNo Hay Break\u201d \u2013 Myke Towers Ft. Omah Lay<\/p>\n\n\n\n<p>\u201cNow Or Never\u201d \u2013 Bon Jovi &amp; Pitbull<\/p>\n\n\n\n<p>\u201cS\u00e3o Paulo\u201d \u2013 The Weeknd &amp; Anitta<\/p>\n\n\n\n<h3 class=\"wp-block-heading\" id=\"la-mezcla-perfecta-del-ano\"><strong>La Mezcla Perfecta del A\u00f1o<\/strong><\/h3>\n\n\n\n<p>\u201cCarteras Chinas\u201d \u2013 Elena Rose, Camilo &amp; Los \u00c1ngeles Azules<\/p>\n\n\n\n<p>\u201cColeccionando Heridas\u201d \u2013 Karol G &amp; Marco Antonio Sol\u00eds<\/p>\n\n\n\n<p>\u201cEl Vino De Tu Boca\u201d \u2013 Alejandro Sanz &amp; Car\u00edn Le\u00f3n<\/p>\n\n\n\n<p>\u201cKh\u00e9?\u201d \u2013 Rauw Alejandro &amp; Romeo Santos<\/p>\n\n\n\n<p>\u201cMisterio\u201d \u2013 J Balvin &amp; Gilberto Santa Rosa<\/p>\n\n\n\n<p>\u201cQue Me Quiera Ma\u2019\u201d \u2013 Marc Anthony &amp; Wisin<\/p>\n\n\n\n<p>\u201cSabes Qu\u00e9 Hora Es\u201d \u2013 Banda Los Sebastianes De Sa\u00fal Plata &amp; Luis Fonsi<\/p>\n\n\n\n<p>\u201cSin Ti\u201d \u2013 Morat &amp; Jay Wheeler<\/p>\n\n\n\n<p>\u201cS\u00fafrale\u201d \u2013 Grupo Firme &amp; Gloria Trevi<\/p>\n\n\n\n<p>\u201cWeltita\u201d \u2013 Bad Bunny &amp; Chuwi<\/p>\n\n\n\n<h3 class=\"wp-block-heading\" id=\"tour-del-ano\"><strong>Tour del A\u00f1o<\/strong><\/h3>\n\n\n\n<p><em>Cosa Nuestra World Tour<\/em>&nbsp;\u2013 Rauw Alejandro<\/p>\n\n\n\n<p><em>De Rey A Rey&nbsp;<\/em>\u2013 Alejandro Fern\u00e1ndez<\/p>\n\n\n\n<p><em>Las Mujeres Ya No Lloran World Tour<\/em>&nbsp;\u2013 Shakira<\/p>\n\n\n\n<p><em>M\u00e1s Cerca De Ti Tour<\/em>&nbsp;\u2013 Marco Antonio Sol\u00eds<\/p>\n\n\n\n<p><em>No Me Quiero Ir De Aqu\u00ed Residencia<\/em>&nbsp;\u2013 Bad Bunny<\/p>\n\n\n\n<p><em>Vivir Sin Aire Tour \u2013<\/em>&nbsp;Man\u00e1<\/p>\n\n\n\n<figure class=\"wp-block-image\"><img decoding=\"async\" src=\"https:\/\/eldiario.com\/wp-content\/uploads\/2025\/12\/Bad-Bunny-EFE-1-1-1200x675.jpg\" alt=\"Bad Bunny fue el artista m\u00e1s escuchado en el mundo en Spotify en 2025 #TeExplicamosElD\u00eda | Mi\u00e9rcoles 3 de diciembre\" class=\"wp-image-830822\"\/><figcaption class=\"wp-element-caption\">Foto: EFE<\/figcaption><\/figure>\n\n\n\n<h3 class=\"wp-block-heading\" id=\"artista-revelacion-del-ano-masculino\"><strong>Artista Revelaci\u00f3n del A\u00f1o Masculino<\/strong><\/h3>\n\n\n\n<p>Alleh<\/p>\n\n\n\n<p>Clave Especial<\/p>\n\n\n\n<p>Esa\u00fa Ortiz<\/p>\n\n\n\n<p>Juan Duque<\/p>\n\n\n\n<p>Hamilton<\/p>\n\n\n\n<p>La Cruz<\/p>\n\n\n\n<p>Macario Mart\u00ednez<\/p>\n\n\n\n<p>Roa<\/p>\n\n\n\n<p>Santos Bravos<\/p>\n\n\n\n<p>Yorghaki<\/p>\n\n\n\n<h3 class=\"wp-block-heading\" id=\"artista-revelacion-del-ano-femenina\"><strong>Artista Revelaci\u00f3n del A\u00f1o Femenina<\/strong><\/h3>\n\n\n\n<p>Aria Bela<\/p>\n\n\n\n<p>Camila Fern\u00e1ndez<\/p>\n\n\n\n<p>Delilah<\/p>\n\n\n\n<p>Estevie<\/p>\n\n\n\n<p>MAR<\/p>\n\n\n\n<p>Paloma Morphy<\/p>\n\n\n\n<p>Yailin La Mas Viral<\/p>\n\n\n\n<p>Yeri Mua<\/p>\n\n\n\n<p>Ysa C<\/p>\n\n\n\n<p>Zoe Gotusso<\/p>\n\n\n\n<h3 class=\"wp-block-heading\" id=\"musica-cristiana-cancion-del-ano\"><strong>M\u00fasica Cristiana \u2013 Canci\u00f3n del A\u00f1o<\/strong><\/h3>\n\n\n\n<p>\u201cAlabar\u00e9\u201d \u2013 Nacho, Redimi2 &amp; Alex Zurdo<\/p>\n\n\n\n<p>\u201cLa Respuesta\u201d \u2013 Gocho<\/p>\n\n\n\n<p>\u201cPonte Bonita (Remix)\u201d \u2013 Yaronk Rouse &amp; Rosalina<\/p>\n\n\n\n<p>\u201cSi Volviera Jes\u00fas\u201d \u2013 V\u00edctor Manuelle<\/p>\n\n\n\n<p>\u201cSonr\u00edele\u201d \u2013 Daddy Yankee<\/p>\n\n\n\n<p>\u201cTodo Va Estar Bien\u201d \u2013 Barak, Tercer Cielo &amp; Juan Carlos Rodriguez<\/p>\n\n\n\n<h3 class=\"wp-block-heading\" id=\"afrobeats-del-ano\"><strong>Afrobeats del A\u00f1o<\/strong><\/h3>\n\n\n\n<p>\u201cBien Pedos\u201d \u2013 Xavi &amp; Kapo<\/p>\n\n\n\n<p>\u201cCosita Linda\u201d \u2013 Elena Rose &amp; Justin Quiles<\/p>\n\n\n\n<p>\u201cLa Plena (W Sound 5)\u201d \u2013 W Sound, Be\u00e9le &amp; Ovy On The Drums<\/p>\n\n\n\n<p>\u201cMe Pasa (Piscis)\u201d \u2013 Bomba Est\u00e9reo, Rawayana &amp; Astropical<\/p>\n\n\n\n<p>\u201cMi Reina\u201d \u2013 Hamilton &amp; Nanpa B\u00e1sico<\/p>\n\n\n\n<p>\u201cSan Blas\u201d \u2013 Boza<\/p>\n\n\n\n<p>\u201cSanka\u201d \u2013 Ryan Castro &amp; Dongo<\/p>\n\n\n\n<p>\u201cSoleao\u201d \u2013 Myke Towers &amp; Quevedo<\/p>\n\n\n\n<figure class=\"wp-block-image\"><img decoding=\"async\" src=\"https:\/\/eldiario.com\/wp-content\/uploads\/2025\/02\/Astropical.jpg\" alt=\"Rawayana y Bomba Est\u00e9reo se unen bajo una misma bandera para crear Astropical\"\/><figcaption class=\"wp-element-caption\">Foto: cortes\u00eda<\/figcaption><\/figure>\n\n\n\n<h3 class=\"wp-block-heading\" id=\"artista-masculino-del-ano-urbano\"><strong>Artista Masculino del A\u00f1o \u2013 Urbano<\/strong><\/h3>\n\n\n\n<p>Arc\u00e1ngel<\/p>\n\n\n\n<p>Bad Bunny<\/p>\n\n\n\n<p>Be\u00e9le<\/p>\n\n\n\n<p>Eladio Carri\u00f3n<\/p>\n\n\n\n<p>Feid<\/p>\n\n\n\n<p>J Balvin<\/p>\n\n\n\n<p>Myke Towers<\/p>\n\n\n\n<p>Rauw Alejandro<\/p>\n\n\n\n<p>Wisin<\/p>\n\n\n\n<p>Yandel<\/p>\n\n\n\n<h3 class=\"wp-block-heading\" id=\"artista-femenina-del-ano-urbano\"><strong>Artista Femenina del A\u00f1o \u2013 Urbano<\/strong><\/h3>\n\n\n\n<p>Anitta<\/p>\n\n\n\n<p>Bad Gyal<\/p>\n\n\n\n<p>Fariana<\/p>\n\n\n\n<p>Karol G<\/p>\n\n\n\n<p>Natti Natasha<\/p>\n\n\n\n<p>Rainao<\/p>\n\n\n\n<p>Tokischa<\/p>\n\n\n\n<p>Yailin La Mas Viral<\/p>\n\n\n\n<p>Yeri Mua<\/p>\n\n\n\n<p>Young Miko<\/p>\n\n\n\n<h3 class=\"wp-block-heading\" id=\"cancion-del-ano-urbano\"><strong>Canci\u00f3n del A\u00f1o \u2013 Urbano<\/strong><\/h3>\n\n\n\n<p>\u201cBa Ba Bad Remix\u201d \u2013 Kybba, Sean Paul, Ryan Castro &amp; Busy Signal<\/p>\n\n\n\n<p>\u201cDaddy Yankee: Bzrp Music Sessions, Vol.0\/66\u201d \u2013 Bizarrap &amp; Daddy Yankee<\/p>\n\n\n\n<p>\u201cHablame Claro\u201d \u2013 Yandel &amp; Feid<\/p>\n\n\n\n<p>\u201cLa Plena (W Sound 5)\u201d \u2013 W Sound, Be\u00e9le &amp; Ovy On The Drums<\/p>\n\n\n\n<p>\u201cLatina Foreva\u201d \u2013 Karol G<\/p>\n\n\n\n<p>\u201cLo Caro Y Lo Bueno\u201d \u2013 Chencho Corleone<\/p>\n\n\n\n<p>\u201cQu\u00e9 Pasar\u00eda\u2026\u201d \u2013 Rauw Alejandro &amp; Bad Bunny<\/p>\n\n\n\n<p>\u201cRio\u201d \u2013 J Balvin<\/p>\n\n\n\n<p>\u201cRomeo\u201d \u2013 Anitta<\/p>\n\n\n\n<p>\u201cSoleao\u201d \u2013 Myke Towers &amp; Quevedo<\/p>\n\n\n\n<h3 class=\"wp-block-heading\" id=\"mejor-cancion-traphiphop-urbano\"><strong>Mejor Canci\u00f3n Trap\/Hip-Hop \u2013 Urbano<\/strong><\/h3>\n\n\n\n<p>\u201cBum Bum\u201d \u2013 El Alfa, Jon Z &amp; Alofoke Music<\/p>\n\n\n\n<p>\u201cCuando No Era Cantante\u201d \u2013 El Bogueto &amp; Yung Beef<\/p>\n\n\n\n<p>\u201cDuro Ma\u201d \u2013 Bryant Myers, Dei V &amp; Saiko<\/p>\n\n\n\n<p>\u201cEn La City\u201d \u2013 Trueno &amp; Young Miko<\/p>\n\n\n\n<p>\u201cFlash Foto\u201d \u2013 Arc\u00e1ngel &amp; Neutro Shorty<\/p>\n\n\n\n<p>\u201cLove\u201d \u2013 Clarent<\/p>\n\n\n\n<p>\u201cNueva Era\u201d \u2013 Duki &amp; Myke Towers<\/p>\n\n\n\n<p>\u201cPrimer Lugar\u201d \u2013 Eladio Carri\u00f3n &amp; Omar Court<\/p>\n\n\n\n<p>\u201cTokischa Rmx\u201d \u2013 J Castle, Hades66, \u00d1engo Flow &amp; Tokischa<\/p>\n\n\n\n<p>\u201cYogurcito Remix\u201d \u2013 Blessd, Anuel Aa, Yan Block, Luar La L, Kris R &amp; ROA<\/p>\n\n\n\n<figure class=\"wp-block-image\"><img decoding=\"async\" src=\"https:\/\/eldiario.com\/wp-content\/uploads\/2025\/04\/348ed77d3c437559328f0a656bb988676db7bc4e-1200x800.jpg\" alt=\"Billboard corona a Shakira como la mejor cantante de pop latino de todos los tiempos\"\/><figcaption class=\"wp-element-caption\">Foto: EFE<\/figcaption><\/figure>\n\n\n\n<h3 class=\"wp-block-heading\" id=\"colaboracion-del-ano-urbano\"><strong>Colaboraci\u00f3n del A\u00f1o \u2013 Urbano<\/strong><\/h3>\n\n\n\n<p>\u201c+57\u201d \u2013 Karol G, Feid, Dfzm, Ovy On The Drums, J Balvin, Maluma, Ryan Castro, Blessd<\/p>\n\n\n\n<p>\u201cAmg\u201d \u2013 Eladio Carri\u00f3n &amp; Young Miko<\/p>\n\n\n\n<p>\u201cDoblexx\u00f3\u201d \u2013 J Balvin &amp; Feid<\/p>\n\n\n\n<p>\u201cLa Plena (W Sound 5)\u201d \u2013 W Sound, Be\u00e9le &amp; Ovy On The Drums<\/p>\n\n\n\n<p>\u201cLuna\u201d \u2013 Wisin &amp; Kapo<\/p>\n\n\n\n<p>\u201cOtra Noche (Feat. Darell)\u201d \u2013 Myke Towers &amp; Darell<\/p>\n\n\n\n<p>\u201cPerfumito Nuevo\u201d \u2013 Bad Bunny &amp; Rainao<\/p>\n\n\n\n<p>\u201cPortate Bien\u201d \u2013 Anuel Aa, Blessd &amp; Ovy On The Drums<\/p>\n\n\n\n<p>\u201cWells Fargo\u201d \u2013 Arc\u00e1ngel, Yandel, \u00d1engo Flow &amp; De La Ghetto<\/p>\n\n\n\n<p>\u201cWoahh\u201d \u2013 Rvssian, Young Miko, Omar Courtz Ft. Clarent<\/p>\n\n\n\n<h3 class=\"wp-block-heading\" id=\"mejor-cancion-dembow\"><strong>Mejor Canci\u00f3n Dembow<\/strong><\/h3>\n\n\n\n<p>\u201cBing Bong\u201d \u2013 Yailin La Mas Viral &amp; Puyalo Pantera<\/p>\n\n\n\n<p>\u201cDem Bow\u201d \u2013 Natti Natasha, Nando Boom &amp; D\u00edmelo Flow<\/p>\n\n\n\n<p>\u201cCelos\u201d \u2013 Tokischa &amp; Bulin 47<\/p>\n\n\n\n<p>\u201cPa Que Lo Bailes (Bailalo Rocky)\u201d \u2013 Lomiiel<\/p>\n\n\n\n<p>\u201cQuita Y Pone\u201d \u2013 El Alfa &amp; Fariana<\/p>\n\n\n\n<h3 class=\"wp-block-heading\" id=\"album-del-ano-urbano\"><strong>\u00c1lbum del A\u00f1o \u2013 Urbano<\/strong><\/h3>\n\n\n\n<p><em>Borondo<\/em>&nbsp;\u2013 Be\u00e9le<\/p>\n\n\n\n<p><em>Don Kbrn&nbsp;<\/em>\u2013 Eladio Carri\u00f3n<\/p>\n\n\n\n<p><em>El Sobreviviente WWW&nbsp;<\/em>\u2013 Wisin<\/p>\n\n\n\n<p><em>Elyte<\/em>&nbsp;\u2013 Yandel<\/p>\n\n\n\n<p><em>Ferxxo Vol X: Sagrado<\/em>&nbsp;\u2013 Feid<\/p>\n\n\n\n<p><em>Island Boyz<\/em>&nbsp;\u2013 Myke Towers<\/p>\n\n\n\n<p><em>Lo Mismo De Siempre&nbsp;<\/em>\u2013 Mora<\/p>\n\n\n\n<p><em>Send\u00e9&nbsp;<\/em>\u2013 Ryan Castro<\/p>\n\n\n\n<p class=\"has-text-align-center\"><em><strong><em><strong><em><strong><em><strong><a href=\"https:\/\/t.me\/esreviral\">\u00daNETE A NUESTRO CANAL DE TELEGRAM PARA ESTAR INFORMADO<\/a><\/strong><\/em><\/strong><\/em><\/strong><\/em><\/strong><\/em><\/p>\n\n\n\n<p><em>Sr. Santos II Sue\u00f1os De Grandeza<\/em>&nbsp;\u2013 Arc\u00e1ngel<\/p>\n\n\n\n<p><em>Underwater&nbsp;<\/em>\u2013 Fariana<\/p>\n\n\n\n<p><strong>Para ver los Premios Lo Nuestro 2026, las personas deber\u00e1n sintonizar la se\u00f1al de Univisi\u00f3n o el servicio\u00a0<em>streaming\u00a0<\/em>de Vix.<\/strong><\/p>\n\n\n\n<p class=\"has-text-align-right\"><strong><em>Con Informaci\u00f3n de ElDiario.-<\/em><\/strong><\/p>\n","protected":false},"excerpt":{"rendered":"<p>Elena Rose figura entre los artistas nacionales m\u00e1s nominados<\/p>\n","protected":false},"author":3,"featured_media":86334,"comment_status":"closed","ping_status":"closed","sticky":false,"template":"","format":"standard","meta":{"jnews-multi-image_gallery":[],"jnews_single_post":{"format":"standard"},"jnews_primary_category":[],"jnews_social_meta":[],"jnews_review":[],"enable_review":"","type":"","name":"","summary":"","brand":"","sku":"","good":[],"bad":[],"score_override":"","override_value":"","rating":[],"price":[],"jnews_override_counter":[],"jnews_post_split":[],"footnotes":""},"categories":[50],"tags":[13324,39098,6562],"class_list":["post-86333","post","type-post","status-publish","format-standard","has-post-thumbnail","hentry","category-entretenimiento","tag-premios-lo-nuestro","tag-premios-lo-nuestro-2026","tag-venezolanos-nominados"],"amp_enabled":true,"_links":{"self":[{"href":"https:\/\/esreviral.com\/index.php?rest_route=\/wp\/v2\/posts\/86333"}],"collection":[{"href":"https:\/\/esreviral.com\/index.php?rest_route=\/wp\/v2\/posts"}],"about":[{"href":"https:\/\/esreviral.com\/index.php?rest_route=\/wp\/v2\/types\/post"}],"author":[{"embeddable":true,"href":"https:\/\/esreviral.com\/index.php?rest_route=\/wp\/v2\/users\/3"}],"replies":[{"embeddable":true,"href":"https:\/\/esreviral.com\/index.php?rest_route=%2Fwp%2Fv2%2Fcomments&post=86333"}],"version-history":[{"count":1,"href":"https:\/\/esreviral.com\/index.php?rest_route=\/wp\/v2\/posts\/86333\/revisions"}],"predecessor-version":[{"id":86335,"href":"https:\/\/esreviral.com\/index.php?rest_route=\/wp\/v2\/posts\/86333\/revisions\/86335"}],"wp:featuredmedia":[{"embeddable":true,"href":"https:\/\/esreviral.com\/index.php?rest_route=\/wp\/v2\/media\/86334"}],"wp:attachment":[{"href":"https:\/\/esreviral.com\/index.php?rest_route=%2Fwp%2Fv2%2Fmedia&parent=86333"}],"wp:term":[{"taxonomy":"category","embeddable":true,"href":"https:\/\/esreviral.com\/index.php?rest_route=%2Fwp%2Fv2%2Fcategories&post=86333"},{"taxonomy":"post_tag","embeddable":true,"href":"https:\/\/esreviral.com\/index.php?rest_route=%2Fwp%2Fv2%2Ftags&post=86333"}],"curies":[{"name":"wp","href":"https:\/\/api.w.org\/{rel}","templated":true}]}}