{"id":86327,"date":"2026-01-14T06:42:47","date_gmt":"2026-01-14T11:42:47","guid":{"rendered":"https:\/\/esreviral.com\/?p=86327"},"modified":"2026-01-14T06:42:49","modified_gmt":"2026-01-14T11:42:49","slug":"activistas-protestaron-frente-a-la-ex-esma-para-exigir-la-liberacion-de-presos-politicos-y-el-cierre-de-centros-de-tortura-en-venezuela","status":"publish","type":"post","link":"https:\/\/esreviral.com\/?p=86327","title":{"rendered":"Activistas protestaron frente a la ex ESMA para exigir la liberaci\u00f3n de presos pol\u00edticos y el cierre de centros de tortura en Venezuela"},"content":{"rendered":"\n<p>En una jornada cargada de memoria, dolor y exigencia, activistas por los derechos humanos se congregaron este martes aen el <strong>Espacio Memoria y Derechos Humanos<\/strong>, en Buenos Aires, para exigir la liberaci\u00f3n inmediata de todos los presos pol\u00edticos y el cierre de los centros de tortura en Venezuela.<\/p>\n\n\n\n<p class=\"has-text-align-center\"><strong><a href=\"https:\/\/chat.whatsapp.com\/KWkTmakY3I05kNdd2oZl6d\"><em>\u00daNETE A NUESTRO GRUPO DE WHATSAPP PARA ESTAR INFORMADO<\/em><\/a><\/strong><\/p>\n\n\n<div class=\"wp-block-image\">\n<figure class=\"aligncenter size-large\"><img fetchpriority=\"high\" decoding=\"async\" width=\"768\" height=\"1024\" src=\"https:\/\/esreviral.com\/wp-content\/uploads\/2026\/01\/AnyConv.com__WhatsApp-Image-2026-01-13-at-7.34.36-PM-768x1024.webp\" alt=\"\" class=\"wp-image-86330\" srcset=\"https:\/\/esreviral.com\/wp-content\/uploads\/2026\/01\/AnyConv.com__WhatsApp-Image-2026-01-13-at-7.34.36-PM-768x1024.webp 768w, https:\/\/esreviral.com\/wp-content\/uploads\/2026\/01\/AnyConv.com__WhatsApp-Image-2026-01-13-at-7.34.36-PM-225x300.webp 225w, https:\/\/esreviral.com\/wp-content\/uploads\/2026\/01\/AnyConv.com__WhatsApp-Image-2026-01-13-at-7.34.36-PM-1152x1536.webp 1152w, https:\/\/esreviral.com\/wp-content\/uploads\/2026\/01\/AnyConv.com__WhatsApp-Image-2026-01-13-at-7.34.36-PM-1536x2048.webp 1536w, https:\/\/esreviral.com\/wp-content\/uploads\/2026\/01\/AnyConv.com__WhatsApp-Image-2026-01-13-at-7.34.36-PM-scaled.webp 1920w\" sizes=\"(max-width: 768px) 100vw, 768px\" \/><\/figure><\/div>\n\n\n<p><\/p>\n\n\n\n<p>La protesta simb\u00f3lica se realiz\u00f3 frente al edificio que durante la \u00faltima dictadura militar argentina funcion\u00f3 como uno de los principales centros clandestinos de detenci\u00f3n, tortura y exterminio, en la Escuela de Mec\u00e1nica de la Armada (ESMA).<\/p>\n\n\n\n<p><strong><em>\u201cEl Helicoide, el mayor centro de torturas de Latinoam\u00e9rica ubicado en Caracas, es hoy lo que fue la ESMA en los a\u00f1os m\u00e1s oscuros de la historia argentina. Es un s\u00edmbolo del horror, donde se encierra, se tortura y se humilla a quienes piensan distinto<\/em><\/strong>\u201d, expres\u00f3 la activista Elisa Trotta, secretaria general del Foro Argentino para la Defensa de la Democracia (FADD).<\/p>\n\n\n\n<p>Trotta, hija de un argentino que tuvo que exiliarse en Venezuela por la persecuci\u00f3n de la dictadura militar en los a\u00f1os 70 y 80, denunci\u00f3 el retraso en las liberaciones de los presos pol\u00edticos anunciado por el r\u00e9gimen chavista el pasado jueves.<\/p>\n\n\n\n<p><strong><em>\u00abPoco m\u00e1s de 50 excarcelaciones han podido confirmarse hasta ahora, esto es menos del 5% de los m\u00e1s de 1,000 presos pol\u00edticos que permanecen en cautiverio en Venezuela\u00bb,<\/em><\/strong> denunci\u00f3.<\/p>\n\n\n\n<figure class=\"wp-block-image size-large\"><img decoding=\"async\" width=\"1024\" height=\"785\" src=\"https:\/\/esreviral.com\/wp-content\/uploads\/2026\/01\/AnyConv.com__WhatsApp-Image-2026-01-13-at-7.34.37-PM-1024x785.webp\" alt=\"\" class=\"wp-image-86331\" srcset=\"https:\/\/esreviral.com\/wp-content\/uploads\/2026\/01\/AnyConv.com__WhatsApp-Image-2026-01-13-at-7.34.37-PM-1024x785.webp 1024w, https:\/\/esreviral.com\/wp-content\/uploads\/2026\/01\/AnyConv.com__WhatsApp-Image-2026-01-13-at-7.34.37-PM-300x230.webp 300w, https:\/\/esreviral.com\/wp-content\/uploads\/2026\/01\/AnyConv.com__WhatsApp-Image-2026-01-13-at-7.34.37-PM-768x589.webp 768w, https:\/\/esreviral.com\/wp-content\/uploads\/2026\/01\/AnyConv.com__WhatsApp-Image-2026-01-13-at-7.34.37-PM-1536x1177.webp 1536w, https:\/\/esreviral.com\/wp-content\/uploads\/2026\/01\/AnyConv.com__WhatsApp-Image-2026-01-13-at-7.34.37-PM-2048x1569.webp 2048w\" sizes=\"(max-width: 1024px) 100vw, 1024px\" \/><\/figure>\n\n\n\n<p><\/p>\n\n\n\n<p>La activista denunci\u00f3 la falta de transparencia, la ausencia de listas p\u00fablicas oficiales y el hostigamiento judicial que persiste incluso tras las excarcelaciones. \u00ab<strong><em>Quienes han salido de prisi\u00f3n, no reciben libertad plena, sino que siguen sometidos a un r\u00e9gimen de presentaci\u00f3n ante tribunales y a una prohibici\u00f3n para declarar sobre lo que vivieron mientras estuvieron detenidos\u00bb,<\/em><\/strong> explic\u00f3.<\/p>\n\n\n\n<p>Entre los asistentes estuvieron familiares de los argentinos detenidos en Venezuela, como el gendarme Nahuel Gallo y el abogado Germ\u00e1n Giuliani, quienes compartieron testimonios sobre la incertidumbre que viven a la espera de su liberaci\u00f3n.<\/p>\n\n\n\n<p class=\"has-text-align-center\"><em><strong><em><strong><em><strong><em><strong><a href=\"https:\/\/t.me\/esreviral\">\u00daNETE A NUESTRO CANAL DE TELEGRAM PARA ESTAR INFORMADO<\/a><\/strong><\/em><\/strong><\/em><\/strong><\/em><\/strong><\/em><\/p>\n\n\n\n<p class=\"has-text-align-right\"><strong><em>Prensa.-<\/em><\/strong><\/p>\n","protected":false},"excerpt":{"rendered":"<p>En una jornada cargada de memoria, dolor y exigencia, activistas por los derechos humanos se congregaron este martes aen el Espacio Memoria y Derechos Humanos, en Buenos Aires, para exigir la liberaci\u00f3n inmediata de todos los presos pol\u00edticos y el cierre de los centros de tortura en Venezuela. \u00daNETE A NUESTRO GRUPO DE WHATSAPP PARA [&hellip;]<\/p>\n","protected":false},"author":3,"featured_media":86328,"comment_status":"closed","ping_status":"closed","sticky":false,"template":"","format":"standard","meta":{"jnews-multi-image_gallery":[],"jnews_single_post":{"format":"standard"},"jnews_primary_category":[],"jnews_social_meta":[],"jnews_review":[],"enable_review":"","type":"","name":"","summary":"","brand":"","sku":"","good":[],"bad":[],"score_override":"","override_value":"","rating":[],"price":[],"jnews_override_counter":[],"jnews_post_split":[],"footnotes":""},"categories":[66],"tags":[39097,39096,45,10447,67,56],"class_list":["post-86327","post","type-post","status-publish","format-standard","has-post-thumbnail","hentry","category-venezuela","tag-centros-de-tortura","tag-espacio-memoria-y-derechos-humanos","tag-noticias","tag-presos-politicos","tag-venezolanos-en-argentina","tag-venezuela"],"amp_enabled":true,"_links":{"self":[{"href":"https:\/\/esreviral.com\/index.php?rest_route=\/wp\/v2\/posts\/86327"}],"collection":[{"href":"https:\/\/esreviral.com\/index.php?rest_route=\/wp\/v2\/posts"}],"about":[{"href":"https:\/\/esreviral.com\/index.php?rest_route=\/wp\/v2\/types\/post"}],"author":[{"embeddable":true,"href":"https:\/\/esreviral.com\/index.php?rest_route=\/wp\/v2\/users\/3"}],"replies":[{"embeddable":true,"href":"https:\/\/esreviral.com\/index.php?rest_route=%2Fwp%2Fv2%2Fcomments&post=86327"}],"version-history":[{"count":1,"href":"https:\/\/esreviral.com\/index.php?rest_route=\/wp\/v2\/posts\/86327\/revisions"}],"predecessor-version":[{"id":86332,"href":"https:\/\/esreviral.com\/index.php?rest_route=\/wp\/v2\/posts\/86327\/revisions\/86332"}],"wp:featuredmedia":[{"embeddable":true,"href":"https:\/\/esreviral.com\/index.php?rest_route=\/wp\/v2\/media\/86328"}],"wp:attachment":[{"href":"https:\/\/esreviral.com\/index.php?rest_route=%2Fwp%2Fv2%2Fmedia&parent=86327"}],"wp:term":[{"taxonomy":"category","embeddable":true,"href":"https:\/\/esreviral.com\/index.php?rest_route=%2Fwp%2Fv2%2Fcategories&post=86327"},{"taxonomy":"post_tag","embeddable":true,"href":"https:\/\/esreviral.com\/index.php?rest_route=%2Fwp%2Fv2%2Ftags&post=86327"}],"curies":[{"name":"wp","href":"https:\/\/api.w.org\/{rel}","templated":true}]}}