{"id":86309,"date":"2026-01-13T13:28:32","date_gmt":"2026-01-13T18:28:32","guid":{"rendered":"https:\/\/esreviral.com\/?p=86309"},"modified":"2026-01-13T13:31:35","modified_gmt":"2026-01-13T18:31:35","slug":"detuvieron-a-16-adolescentes-venezolanos-acusados-de-celebrar-extraccion-de-maduro-fueron-excarcelados-con-medidas-cautelares","status":"publish","type":"post","link":"https:\/\/esreviral.com\/?p=86309","title":{"rendered":"Detuvieron a 16 adolescentes venezolanos acusados de celebrar extracci\u00f3n de Maduro: fueron excarcelados con medidas cautelares"},"content":{"rendered":"\n<p>El abogado penalista y exfiscal <strong>Zair Mundaray<\/strong> denunci\u00f3 que <strong>al menos 16 menores de edad y ocho adultos<\/strong> fueron detenidos el pasado <strong>5 de enero<\/strong> en el municipio Bol\u00edvar del estado <strong>Anzo\u00e1tegui<\/strong>, tras ser se\u00f1alados de presuntamente celebrar la extracci\u00f3n de <strong>Nicol\u00e1s Maduro<\/strong> por parte de Estados Unidos. Aunque los adolescentes fueron <strong>excarcelados pasada la medianoche de este martes 13 de enero<\/strong>, quedaron sometidos a <strong>r\u00e9gimen de presentaci\u00f3n<\/strong> ante tribunales.<\/p>\n\n\n\n<p>A trav\u00e9s de un comunicado difundido en su cuenta de <strong>X<\/strong>, Mundaray explic\u00f3 que los menores, provenientes de los sectores <strong>El Espejo, La Aduana y La Burra<\/strong>, se encontraban jugando en la v\u00eda p\u00fablica cuando fueron interceptados por funcionarios de la <strong>Polic\u00eda del Municipio Bol\u00edvar<\/strong>, bajo la direcci\u00f3n de <strong>Jos\u00e9 Gregorio Cano<\/strong>.<br>\u201cLos detuvieron sin justificaci\u00f3n alguna y posteriormente les atribuyeron estar celebrando la detenci\u00f3n de Maduro\u201d, afirm\u00f3 el exfiscal.<\/p>\n\n\n\n<p class=\"has-text-align-center\"><strong><a href=\"https:\/\/chat.whatsapp.com\/KWkTmakY3I05kNdd2oZl6d\"><em>\u00daNETE A NUESTRO GRUPO DE WHATSAPP PARA ESTAR INFORMADO<\/em><\/a><\/strong><\/p>\n\n\n\n<blockquote class=\"twitter-tweet\"><p lang=\"es\" dir=\"ltr\"><a href=\"https:\/\/twitter.com\/hashtag\/Urgente?src=hash&amp;ref_src=twsrc%5Etfw\">#Urgente<\/a> <a href=\"https:\/\/twitter.com\/hashtag\/Puertagiratoria?src=hash&amp;ref_src=twsrc%5Etfw\">#Puertagiratoria<\/a> activada por el r\u00e9gimen en Barcelona Edo. Anzo\u00e1tegui secuestran a 16 ni\u00f1os del Barrio El Espejo. <br>El Lunes 5 pasado un grupo de ni\u00f1os, de los Barrios El Espejo y la Aduana, se encontraban jugando carnaval en el sector \u201cLa Burra\u201d cuando fueron\u2026 <a href=\"https:\/\/t.co\/yGGzwv84fM\">pic.twitter.com\/yGGzwv84fM<\/a><\/p>&mdash; Zair Mundaray (@MundarayZair) <a href=\"https:\/\/twitter.com\/MundarayZair\/status\/2010807201988776083?ref_src=twsrc%5Etfw\">January 12, 2026<\/a><\/blockquote> <script async src=\"https:\/\/platform.twitter.com\/widgets.js\" charset=\"utf-8\"><\/script>\n\n\n\n<p><\/p>\n\n\n\n<h3 class=\"wp-block-heading\"><strong><mark style=\"background-color:rgba(0, 0, 0, 0)\" class=\"has-inline-color has-vivid-red-color\">Imputaciones y privaci\u00f3n de libertad<\/mark><\/strong><\/h3>\n\n\n\n<p>Mundaray denunci\u00f3 que la fiscal <strong>Jesmit Milano<\/strong> present\u00f3 a los adolescentes ante el <strong>Tribunal de Control N.\u00b0 1 de Responsabilidad Penal del Ni\u00f1o, Ni\u00f1a y Adolescente<\/strong>, presuntamente siguiendo instrucciones del fiscal general <strong>Tarek William Saab<\/strong>.<\/p>\n\n\n\n<p>Los menores, con edades comprendidas entre <strong>13 y 17 a\u00f1os<\/strong> de edad, fueron imputados por <strong>asociaci\u00f3n para delinquir, incitaci\u00f3n al odio y traici\u00f3n a la patria<\/strong>, delitos que organizaciones de derechos humanos califican como <strong>desproporcionados<\/strong>, especialmente trat\u00e1ndose de ni\u00f1os y adolescentes. Familiares denunciaron adem\u00e1s que <strong>no se les permiti\u00f3 designar defensa privada<\/strong>.<\/p>\n\n\n\n<p>La jueza <strong>Indira Ortiz<\/strong> dict\u00f3 <strong>medida de privaci\u00f3n de libertad<\/strong> y orden\u00f3 su reclusi\u00f3n en el <strong>Centro de Reclusi\u00f3n del Barrio Las Casitas<\/strong>, en Barcelona, un recinto que \u2014seg\u00fan Mundaray\u2014 <strong>no re\u00fane condiciones m\u00ednimas de higiene ni est\u00e1 adecuado para menores<\/strong>, adem\u00e1s de albergar a adultos privados de libertad.<\/p>\n\n\n\n<p>El abogado tambi\u00e9n se\u00f1al\u00f3 que, de acuerdo con denuncias locales, <strong>habr\u00edan sido sembrados objetos<\/strong>, como piedras y botellas, para sustentar las acusaciones formuladas por las autoridades.<\/p>\n\n\n\n<blockquote class=\"twitter-tweet\"><p lang=\"es\" dir=\"ltr\"><a href=\"https:\/\/twitter.com\/hashtag\/URGENTE?src=hash&amp;ref_src=twsrc%5Etfw\">#URGENTE<\/a> Frente a la esc\u00e1ndalo nacional que ha sido el secuestro de estos adolescentes, en horas de la madrugada de hoy desde Polibol\u00edvar llamaron a sus familiares y les fueron entregados en la sede policial, a esta hora no se conoce si est\u00e1n sometidos a cautelares. Hacer la\u2026 <a href=\"https:\/\/t.co\/feTapc8Pxd\">https:\/\/t.co\/feTapc8Pxd<\/a> <a href=\"https:\/\/t.co\/m9ijATlUvk\">pic.twitter.com\/m9ijATlUvk<\/a><\/p>&mdash; Zair Mundaray (@MundarayZair) <a href=\"https:\/\/twitter.com\/MundarayZair\/status\/2011094780755825117?ref_src=twsrc%5Etfw\">January 13, 2026<\/a><\/blockquote> <script async src=\"https:\/\/platform.twitter.com\/widgets.js\" charset=\"utf-8\"><\/script>\n\n\n\n<h3 class=\"wp-block-heading\"><strong><mark style=\"background-color:rgba(0, 0, 0, 0)\" class=\"has-inline-color has-vivid-red-color\">Excarcelaci\u00f3n bajo medidas cautelares<\/mark><\/strong><\/h3>\n\n\n\n<p>Tras una recolecci\u00f3n de firmas impulsada por la comunidad para demostrar la buena conducta de los j\u00f3venes, <strong>los menores fueron excarcelados durante la madrugada de este 13 de enero<\/strong>, aunque quedaron bajo r\u00e9gimen de presentaci\u00f3n. <strong>Los ocho adultos detenidos contin\u00faan privados de libertad<\/strong>.<\/p>\n\n\n\n<p>A su salida, los adolescentes fueron recibidos por sus comunidades en Anzo\u00e1tegui con <strong>muestras de afecto, m\u00fasica y abrazos<\/strong>. Entre ellos hay <strong>estudiantes y j\u00f3venes deportistas<\/strong>. Familiares y vecinos rechazaron la versi\u00f3n oficial y aseguraron que los adolescentes <strong>no celebraban ning\u00fan hecho pol\u00edtico<\/strong>, sino que <strong>jugaban Carnaval<\/strong>, una tradici\u00f3n habitual en el oriente del pa\u00eds durante los primeros d\u00edas de enero.<\/p>\n\n\n\n<p class=\"has-text-align-center\"><em><strong><em><strong><em><strong><em><strong><a href=\"https:\/\/t.me\/esreviral\">\u00daNETE A NUESTRO CANAL DE TELEGRAM PARA ESTAR INFORMADO<\/a><\/strong><\/em><\/strong><\/em><\/strong><\/em><\/strong><\/em><\/p>\n\n\n\n<p>Mundaray calific\u00f3 el caso como parte de un mecanismo de <strong>\u201cpuerta giratoria\u201d<\/strong>, en el que algunas personas son excarceladas mientras otras son detenidas, lo que \u2014advirti\u00f3\u2014 <strong>genera un clima de miedo, incertidumbre e indefensi\u00f3n<\/strong>.<\/p>\n\n\n\n<p class=\"has-text-align-right\"><strong><em>Con Informaci\u00f3n de ElNacional.-<\/em><\/strong><\/p>\n\n\n\n<p><\/p>\n","protected":false},"excerpt":{"rendered":"<p>Los menores de edad fueron imputados por delitos graves como traici\u00f3n a la patria y recluidos en un centro sin condiciones adecuadas. Aunque fueron excarcelados, quedaron bajo r\u00e9gimen de presentaci\u00f3n<\/p>\n","protected":false},"author":3,"featured_media":86310,"comment_status":"closed","ping_status":"closed","sticky":false,"template":"","format":"standard","meta":{"jnews-multi-image_gallery":[],"jnews_single_post":{"format":"standard"},"jnews_primary_category":[],"jnews_social_meta":[],"jnews_review":[],"enable_review":"","type":"","name":"","summary":"","brand":"","sku":"","good":[],"bad":[],"score_override":"","override_value":"","rating":[],"price":[],"jnews_override_counter":[],"jnews_post_split":[],"footnotes":""},"categories":[64,66],"tags":[1672,45,10447,56],"class_list":["post-86309","post","type-post","status-publish","format-standard","has-post-thumbnail","hentry","category-sucesos","category-venezuela","tag-anzoategui","tag-noticias","tag-presos-politicos","tag-venezuela"],"amp_enabled":true,"_links":{"self":[{"href":"https:\/\/esreviral.com\/index.php?rest_route=\/wp\/v2\/posts\/86309"}],"collection":[{"href":"https:\/\/esreviral.com\/index.php?rest_route=\/wp\/v2\/posts"}],"about":[{"href":"https:\/\/esreviral.com\/index.php?rest_route=\/wp\/v2\/types\/post"}],"author":[{"embeddable":true,"href":"https:\/\/esreviral.com\/index.php?rest_route=\/wp\/v2\/users\/3"}],"replies":[{"embeddable":true,"href":"https:\/\/esreviral.com\/index.php?rest_route=%2Fwp%2Fv2%2Fcomments&post=86309"}],"version-history":[{"count":1,"href":"https:\/\/esreviral.com\/index.php?rest_route=\/wp\/v2\/posts\/86309\/revisions"}],"predecessor-version":[{"id":86311,"href":"https:\/\/esreviral.com\/index.php?rest_route=\/wp\/v2\/posts\/86309\/revisions\/86311"}],"wp:featuredmedia":[{"embeddable":true,"href":"https:\/\/esreviral.com\/index.php?rest_route=\/wp\/v2\/media\/86310"}],"wp:attachment":[{"href":"https:\/\/esreviral.com\/index.php?rest_route=%2Fwp%2Fv2%2Fmedia&parent=86309"}],"wp:term":[{"taxonomy":"category","embeddable":true,"href":"https:\/\/esreviral.com\/index.php?rest_route=%2Fwp%2Fv2%2Fcategories&post=86309"},{"taxonomy":"post_tag","embeddable":true,"href":"https:\/\/esreviral.com\/index.php?rest_route=%2Fwp%2Fv2%2Ftags&post=86309"}],"curies":[{"name":"wp","href":"https:\/\/api.w.org\/{rel}","templated":true}]}}