{"id":86297,"date":"2026-01-13T12:04:29","date_gmt":"2026-01-13T17:04:29","guid":{"rendered":"https:\/\/esreviral.com\/?p=86297"},"modified":"2026-01-13T12:04:30","modified_gmt":"2026-01-13T17:04:30","slug":"quien-es-la-primera-astronauta-mujer-que-formara-parte-de-una-mision-a-la-luna","status":"publish","type":"post","link":"https:\/\/esreviral.com\/?p=86297","title":{"rendered":"Qui\u00e9n es la primera astronauta mujer que formar\u00e1 parte de una misi\u00f3n a la Luna"},"content":{"rendered":"\n<p>La NASA anunci\u00f3 que <strong>Christina Koch<\/strong> ser\u00e1 la primera mujer en orbitar la Luna como integrante de la tripulaci\u00f3n de la misi\u00f3n <strong>Artemis II<\/strong>, un hito hist\u00f3rico que la convertir\u00e1 en la primera mujer en volar al espacio profundo y rodear el sat\u00e9lite natural de la Tierra.<\/p>\n\n\n\n<p>Koch formar\u00e1 parte de esta misi\u00f3n clave del programa Artemis, que marcar\u00e1 un nuevo cap\u00edtulo en la exploraci\u00f3n espacial y romper\u00e1 barreras para la participaci\u00f3n femenina en misiones de gran alcance. Su presencia en Artemis II la consolida como un referente e inspiraci\u00f3n para futuras generaciones de mujeres interesadas en la ciencia y la exploraci\u00f3n del espacio.<\/p>\n\n\n\n<p class=\"has-text-align-center\"><strong><a href=\"https:\/\/chat.whatsapp.com\/KWkTmakY3I05kNdd2oZl6d\"><em>\u00daNETE A NUESTRO GRUPO DE WHATSAPP PARA ESTAR INFORMADO<\/em><\/a><\/strong><\/p>\n\n\n\n<figure class=\"wp-block-image size-large\"><img decoding=\"async\" src=\"https:\/\/tn.com.ar\/resizer\/v2\/la-tripulacion-de-artemis-ii-foto-instagram-nasaastronauts-GQND2LK76FBOZEILYIMEZR7LQ4.jpg?auth=a230524b3976b45a046224631d1cda4d8c31a9f1f0947997c30810daf6fd2b06&amp;width=1440\" alt=\"\"\/><figcaption class=\"wp-element-caption\">La tripulaci\u00f3n de Artemis II.<\/figcaption><\/figure>\n\n\n\n<p><\/p>\n\n\n\n<p>La astronauta ya posee importantes r\u00e9cords en su trayectoria, entre ellos el <strong>vuelo espacial m\u00e1s largo realizado por una mujer<\/strong>, con 328 d\u00edas consecutivos en la Estaci\u00f3n Espacial Internacional, as\u00ed como su participaci\u00f3n en la <strong>primera caminata espacial compuesta exclusivamente por mujeres<\/strong>, junto a la astronauta Jessica Meir en 2019.<\/p>\n\n\n\n<p>Ingeniera el\u00e9ctrica y f\u00edsica, Koch fue seleccionada como astronauta por la NASA en 2013. Desde ni\u00f1a manifest\u00f3 una profunda pasi\u00f3n por la exploraci\u00f3n espacial, vocaci\u00f3n que hoy la lleva a asumir un rol protag\u00f3nico en una de las misiones m\u00e1s ambiciosas de la agencia.<\/p>\n\n\n\n<p class=\"has-text-align-center\"><em><strong><em><strong><em><strong><em><strong><a href=\"https:\/\/t.me\/esreviral\">\u00daNETE A NUESTRO CANAL DE TELEGRAM PARA ESTAR INFORMADO<\/a><\/strong><\/em><\/strong><\/em><\/strong><\/em><\/strong><\/em><\/p>\n\n\n\n<p>En Artemis II, Koch fue designada como <strong>Especialista de Misi\u00f3n I<\/strong> a bordo de la nave <strong>Orion<\/strong>, una misi\u00f3n crucial que servir\u00e1 como antesala del regreso de la humanidad a la superficie lunar y, a largo plazo, de futuras expediciones a Marte.<\/p>\n\n\n\n<p>La misi\u00f3n Artemis II representa un paso decisivo en el programa espacial estadounidense y posiciona a Christina Koch como una figura central en el camino hacia una nueva era de exploraci\u00f3n espacial.<\/p>\n\n\n\n<p class=\"has-text-align-right\"><strong><em>Con Informaci\u00f3n de Noticia al D\u00eda.-<\/em><\/strong><\/p>\n","protected":false},"excerpt":{"rendered":"<p>La ingeniera es parte de la tripulaci\u00f3n de Artemis II, cuyo lanzamiento est\u00e1 previsto entre febrero y abril de este a\u00f1o.<\/p>\n","protected":false},"author":3,"featured_media":86298,"comment_status":"closed","ping_status":"closed","sticky":false,"template":"","format":"standard","meta":{"jnews-multi-image_gallery":[],"jnews_single_post":{"format":"standard"},"jnews_primary_category":[],"jnews_social_meta":[],"jnews_review":[],"enable_review":"","type":"","name":"","summary":"","brand":"","sku":"","good":[],"bad":[],"score_override":"","override_value":"","rating":[],"price":[],"jnews_override_counter":[],"jnews_post_split":[],"footnotes":""},"categories":[88],"tags":[39082,39081,8526,45],"class_list":["post-86297","post","type-post","status-publish","format-standard","has-post-thumbnail","hentry","category-internacionales","tag-astronauta-mujer","tag-christina-koch","tag-luna","tag-noticias"],"amp_enabled":true,"_links":{"self":[{"href":"https:\/\/esreviral.com\/index.php?rest_route=\/wp\/v2\/posts\/86297"}],"collection":[{"href":"https:\/\/esreviral.com\/index.php?rest_route=\/wp\/v2\/posts"}],"about":[{"href":"https:\/\/esreviral.com\/index.php?rest_route=\/wp\/v2\/types\/post"}],"author":[{"embeddable":true,"href":"https:\/\/esreviral.com\/index.php?rest_route=\/wp\/v2\/users\/3"}],"replies":[{"embeddable":true,"href":"https:\/\/esreviral.com\/index.php?rest_route=%2Fwp%2Fv2%2Fcomments&post=86297"}],"version-history":[{"count":1,"href":"https:\/\/esreviral.com\/index.php?rest_route=\/wp\/v2\/posts\/86297\/revisions"}],"predecessor-version":[{"id":86299,"href":"https:\/\/esreviral.com\/index.php?rest_route=\/wp\/v2\/posts\/86297\/revisions\/86299"}],"wp:featuredmedia":[{"embeddable":true,"href":"https:\/\/esreviral.com\/index.php?rest_route=\/wp\/v2\/media\/86298"}],"wp:attachment":[{"href":"https:\/\/esreviral.com\/index.php?rest_route=%2Fwp%2Fv2%2Fmedia&parent=86297"}],"wp:term":[{"taxonomy":"category","embeddable":true,"href":"https:\/\/esreviral.com\/index.php?rest_route=%2Fwp%2Fv2%2Fcategories&post=86297"},{"taxonomy":"post_tag","embeddable":true,"href":"https:\/\/esreviral.com\/index.php?rest_route=%2Fwp%2Fv2%2Ftags&post=86297"}],"curies":[{"name":"wp","href":"https:\/\/api.w.org\/{rel}","templated":true}]}}