{"id":86295,"date":"2026-01-13T14:14:23","date_gmt":"2026-01-13T19:14:23","guid":{"rendered":"https:\/\/esreviral.com\/?p=86295"},"modified":"2026-02-10T14:42:08","modified_gmt":"2026-02-10T19:42:08","slug":"inflacion-en-argentina-leve-aceleracion-hacia-fin-de-ano-pero-con-el-registro-anual-mas-bajo-en-siete-anos","status":"publish","type":"post","link":"https:\/\/esreviral.com\/?p=86295","title":{"rendered":"Argentina cerr\u00f3 2025 entre los pa\u00edses con mayor inflaci\u00f3n de Am\u00e9rica Latina"},"content":{"rendered":"\n<p>La <strong>inflaci\u00f3n de diciembre en la Argentina fue del 2,8%<\/strong> y el pa\u00eds cerr\u00f3 <strong>2025 con un acumulado del 31,5%<\/strong>, inform\u00f3 este martes el <strong>Instituto Nacional de Estad\u00edstica y Censos (INDEC)<\/strong>. El dato implic\u00f3 una <strong>aceleraci\u00f3n de 0,3 puntos porcentuales<\/strong> respecto de noviembre y ubic\u00f3 al pa\u00eds entre los que registraron <strong>mayores aumentos mensuales de precios en Am\u00e9rica Latina<\/strong>.<\/p>\n\n\n\n<p>En los meses previos, la inflaci\u00f3n hab\u00eda mostrado una trayectoria moderada: <strong><a href=\"https:\/\/esreviral.com\/?p=84920\" data-type=\"link\" data-id=\"https:\/\/esreviral.com\/?p=84920\">2,5% en noviembre<\/a><\/strong>,<strong> <a href=\"https:\/\/esreviral.com\/?p=83513\" data-type=\"link\" data-id=\"https:\/\/esreviral.com\/?p=83513\">en octubre fue del 2,3%<\/a> y<a href=\"https:\/\/esreviral.com\/?p=82213\" data-type=\"link\" data-id=\"https:\/\/esreviral.com\/?p=82213\"> en septiembre alcanz\u00f3 el 2,1%. <\/a><\/strong>Con el registro de noviembre, el acumulado de los primeros once meses del a\u00f1o era del <strong>27,9%<\/strong>.<\/p>\n\n\n\n<p>En t\u00e9rminos interanuales, el <strong>\u00cdndice de Precios al Consumidor (IPC)<\/strong> mostr\u00f3 un incremento del <strong>31,4%<\/strong>, mientras que el cierre anual del <strong>31,5%<\/strong> se convirti\u00f3 en el <strong>nivel m\u00e1s bajo desde 2017<\/strong>, cuando la inflaci\u00f3n hab\u00eda sido del 24,8%.<\/p>\n\n\n\n<p class=\"has-text-align-center\"><strong><a href=\"https:\/\/chat.whatsapp.com\/KWkTmakY3I05kNdd2oZl6d\"><em>\u00daNETE A NUESTRO GRUPOHATSAPP PARA ESTAR INFORMADO<\/em><\/a><\/strong><\/p>\n\n\n\n<figure class=\"wp-block-image size-large\"><img decoding=\"async\" src=\"https:\/\/tn.com.ar\/resizer\/v2\/cuales-fueron-los-cuatro-paises-que-registraron-deflacion-mensual-en-diciembre-foto-na-SK7SO7PBPBAORGN566RVVGFSE4.jpg?auth=10831b0254bc8611485c6655b64993fd0beece390681ab1266b96ab9b49634d6&amp;width=1440\" alt=\"\"\/><\/figure>\n\n\n\n<h3 class=\"wp-block-heading\"><strong><mark style=\"background-color:rgba(0, 0, 0, 0)\" class=\"has-inline-color has-vivid-red-color\">Rubros y regiones con mayores aumentos<\/mark><\/strong><\/h3>\n\n\n\n<p>Durante diciembre, la divisi\u00f3n que registr\u00f3 la mayor suba fue <strong>Transporte (4%)<\/strong>, seguida por <strong>Vivienda, agua, electricidad, gas y otros combustibles (3,4%)<\/strong>, <strong>Comunicaci\u00f3n (3,3%)<\/strong> y <strong>Restaurantes y hoteles (3,2%)<\/strong>. Tambi\u00e9n se destacaron los incrementos en <strong>Alimentos y bebidas no alcoh\u00f3licas (3,1%)<\/strong> y <strong>Bebidas alcoh\u00f3licas y tabaco (2,8%)<\/strong>.<br>En contraste, <strong>Prendas de vestir y calzado<\/strong> aument\u00f3 apenas <strong>0,4%<\/strong>, mientras que <strong>Educaci\u00f3n<\/strong> subi\u00f3 <strong>1,1%<\/strong>.<\/p>\n\n\n\n<p>Por categor\u00edas, los <strong>precios regulados<\/strong> lideraron las alzas con un <strong>3,3%<\/strong>, seguidos por el <strong>IPC n\u00facleo (3%)<\/strong> y los <strong>estacionales (0,6%)<\/strong>.<\/p>\n\n\n\n<p>A nivel regional, el <strong>Noreste<\/strong> encabez\u00f3 los aumentos con un <strong>3,4%<\/strong>, seguido por <strong>Cuyo (3%)<\/strong> y la <strong>regi\u00f3n Pampeana (2,9%)<\/strong>. El <strong>Gran Buenos Aires<\/strong> se ubic\u00f3 en l\u00ednea con el promedio nacional, mientras que el menor incremento se registr\u00f3 en el <strong>Noroeste<\/strong> y la <strong>Patagonia<\/strong>, ambos con <strong>2,6%<\/strong>.<\/p>\n\n\n\n<h3 class=\"wp-block-heading\"><strong><mark style=\"background-color:rgba(0, 0, 0, 0)\" class=\"has-inline-color has-vivid-red-color\">Reacciones oficiales<\/mark><\/strong><\/h3>\n\n\n\n<p>Tras conocerse el dato, el ministro de Econom\u00eda, <strong>Luis Caputo<\/strong>, celebr\u00f3 el resultado en su cuenta de X y destac\u00f3 que <strong>\u201c2025 concluye con la inflaci\u00f3n m\u00e1s baja de los \u00faltimos ocho a\u00f1os, tanto en el \u00edndice general como en el n\u00facleo\u201d<\/strong>. Adem\u00e1s, asegur\u00f3 que el programa econ\u00f3mico basado en el <strong>super\u00e1vit fiscal, el control monetario y la capitalizaci\u00f3n del Banco Central<\/strong> seguir\u00e1 siendo clave para profundizar la desinflaci\u00f3n.<\/p>\n\n\n\n<figure class=\"wp-block-image size-large\"><img decoding=\"async\" src=\"https:\/\/tn.com.ar\/resizer\/v2\/a-diferencia-del-resto-de-los-paises-de-la-region-la-argentina-y-bolivia-son-los-unicos-paises-de-america-latina-que-aun-registran-cifras-de-inflacion-anualizadas-de-dos-digitos-foto-adobe-stock-FAYRFJBQBVHG5OBZ7GBNT2CSMQ.jpg?auth=b558c1268d4bd0d3135ab5003da43479a8e9b7cda9d3637b37b30a23df3dcac2&amp;width=1440\" alt=\"\"\/><\/figure>\n\n\n\n<h3 class=\"wp-block-heading\"><strong><mark style=\"background-color:rgba(0, 0, 0, 0)\" class=\"has-inline-color has-vivid-red-color\">Inflaci\u00f3n en Am\u00e9rica Latina<\/mark><\/strong><\/h3>\n\n\n\n<p>Pese a la desaceleraci\u00f3n de <strong>86,3 puntos porcentuales<\/strong> respecto del a\u00f1o anterior, la Argentina contin\u00faa siendo uno de los pa\u00edses con <strong>mayor inflaci\u00f3n anual de la regi\u00f3n<\/strong>, junto con <strong>Bolivia<\/strong>, y uno de los pocos que a\u00fan mantiene <strong>registros de dos d\u00edgitos<\/strong>.<\/p>\n\n\n\n<p>Bolivia registr\u00f3 una inflaci\u00f3n mensual del <strong>0,59% en diciembre<\/strong> y cerr\u00f3 el a\u00f1o con un acumulado del <strong>20,4%<\/strong>.<br>Brasil mostr\u00f3 una variaci\u00f3n mensual del <strong>0,25%<\/strong> en diciembre y una inflaci\u00f3n anual del <strong>4,41%<\/strong>, seg\u00fan el IPCA del IBGE.<br>Per\u00fa registr\u00f3 un aumento del <strong>0,12%<\/strong> en el \u00faltimo mes del a\u00f1o y acumul\u00f3 <strong>1,51%<\/strong> en 2025.<br>En Colombia, la inflaci\u00f3n de diciembre fue del <strong>0,27%<\/strong>, con un acumulado anual del <strong>5,1%<\/strong>.<\/p>\n\n\n\n<p>En el caso de <strong>Venezuela<\/strong>, el \u00faltimo dato oficial disponible corresponde a <strong>mayo<\/strong>, cuando la inflaci\u00f3n mensual fue del <strong>18,4%<\/strong>. No existen cifras oficiales m\u00e1s recientes, luego de que dejara de funcionar el sitio web del Observatorio Venezolano de Finanzas.<\/p>\n\n\n\n<p class=\"has-text-align-center\"><em><strong><em><strong><em><strong><em><strong><a href=\"https:\/\/t.me\/esreviral\">\u00daNETE A NUESTRO CANAL DE TELEGRAM PARA ESTAR INFORMADO<\/a><\/strong><\/em><\/strong><\/em><\/strong><\/em><\/strong><\/em><\/p>\n\n\n\n<h3 class=\"wp-block-heading\"><strong><mark style=\"background-color:rgba(0, 0, 0, 0)\" class=\"has-inline-color has-vivid-red-color\">Pa\u00edses con deflaci\u00f3n en diciembre<\/mark><\/strong><\/h3>\n\n\n\n<p>Cuatro pa\u00edses de Am\u00e9rica Latina registraron <strong>deflaci\u00f3n mensual<\/strong> en diciembre. <strong>Ecuador<\/strong> mostr\u00f3 una ca\u00edda del <strong>0,14%<\/strong>, aunque acumul\u00f3 un alza anual del <strong>1,91%<\/strong>, la m\u00e1s baja de la regi\u00f3n.<br><strong>Uruguay<\/strong> registr\u00f3 una variaci\u00f3n negativa del <strong>-0,03%<\/strong> en diciembre y cerr\u00f3 2025 con una inflaci\u00f3n del <strong>3,65%<\/strong>.<br><strong>Chile<\/strong> anot\u00f3 una baja del <strong>-0,2%<\/strong> en el \u00faltimo mes del a\u00f1o y acumul\u00f3 un <strong>3,5%<\/strong> anual.<br>En <strong>Paraguay<\/strong>, la inflaci\u00f3n mensual fue del <strong>-0,3%<\/strong>, con un acumulado del <strong>3,1%<\/strong> en todo el a\u00f1o.<\/p>\n\n\n\n<p><\/p>\n\n\n\n<p class=\"has-text-align-right\"><strong><em>Con Informaci\u00f3n de TN.-<\/em><\/strong><\/p>\n\n\n\n<p><\/p>\n","protected":false},"excerpt":{"rendered":"<p>El \u00cdndice de Precios al Consumidor (IPC) mensual se aceler\u00f3 en relaci\u00f3n con noviembre. Los alimentos subieron 3,1%.<\/p>\n","protected":false},"author":3,"featured_media":78970,"comment_status":"closed","ping_status":"closed","sticky":false,"template":"","format":"standard","meta":{"jnews-multi-image_gallery":[],"jnews_single_post":{"format":"standard"},"jnews_primary_category":[],"jnews_social_meta":[],"jnews_review":[],"enable_review":"","type":"","name":"","summary":"","brand":"","sku":"","good":[],"bad":[],"score_override":"","override_value":"","rating":[],"price":[],"jnews_override_counter":[],"jnews_post_split":[],"footnotes":""},"categories":[58,61],"tags":[268],"class_list":["post-86295","post","type-post","status-publish","format-standard","has-post-thumbnail","hentry","category-argentina","category-economia","tag-inflacion"],"amp_enabled":true,"_links":{"self":[{"href":"https:\/\/esreviral.com\/index.php?rest_route=\/wp\/v2\/posts\/86295"}],"collection":[{"href":"https:\/\/esreviral.com\/index.php?rest_route=\/wp\/v2\/posts"}],"about":[{"href":"https:\/\/esreviral.com\/index.php?rest_route=\/wp\/v2\/types\/post"}],"author":[{"embeddable":true,"href":"https:\/\/esreviral.com\/index.php?rest_route=\/wp\/v2\/users\/3"}],"replies":[{"embeddable":true,"href":"https:\/\/esreviral.com\/index.php?rest_route=%2Fwp%2Fv2%2Fcomments&post=86295"}],"version-history":[{"count":6,"href":"https:\/\/esreviral.com\/index.php?rest_route=\/wp\/v2\/posts\/86295\/revisions"}],"predecessor-version":[{"id":86320,"href":"https:\/\/esreviral.com\/index.php?rest_route=\/wp\/v2\/posts\/86295\/revisions\/86320"}],"wp:featuredmedia":[{"embeddable":true,"href":"https:\/\/esreviral.com\/index.php?rest_route=\/wp\/v2\/media\/78970"}],"wp:attachment":[{"href":"https:\/\/esreviral.com\/index.php?rest_route=%2Fwp%2Fv2%2Fmedia&parent=86295"}],"wp:term":[{"taxonomy":"category","embeddable":true,"href":"https:\/\/esreviral.com\/index.php?rest_route=%2Fwp%2Fv2%2Fcategories&post=86295"},{"taxonomy":"post_tag","embeddable":true,"href":"https:\/\/esreviral.com\/index.php?rest_route=%2Fwp%2Fv2%2Ftags&post=86295"}],"curies":[{"name":"wp","href":"https:\/\/api.w.org\/{rel}","templated":true}]}}