{"id":86202,"date":"2026-01-12T07:26:24","date_gmt":"2026-01-12T12:26:24","guid":{"rendered":"https:\/\/esreviral.com\/?p=86202"},"modified":"2026-01-12T09:14:58","modified_gmt":"2026-01-12T14:14:58","slug":"excarcelan-a-24-presos-politicos-entre-ellos-dos-extranjeros","status":"publish","type":"post","link":"https:\/\/esreviral.com\/?p=86202","title":{"rendered":"Excarcelan a 24 presos pol\u00edticos, entre ellos, dos extranjeros"},"content":{"rendered":"\n<p>La organizaci\u00f3n venezolana de derechos humanos <strong>Foro Penal<\/strong> confirm\u00f3 durante la madrugada de este lunes la liberaci\u00f3n de <strong>24 presos pol\u00edticos<\/strong> que permanec\u00edan detenidos en dos de los centros penitenciarios m\u00e1s emblem\u00e1ticos del pa\u00eds: <strong>La Cris\u00e1lida<\/strong> y <strong>El Rodeo I<\/strong>. Con estas excarcelaciones, Venezuela inici\u00f3 un proceso orientado a la reinstalaci\u00f3n de la paz, tal como anunci\u00f3 Estados Unidos tras la captura de <strong>Nicol\u00e1s Maduro<\/strong> el pasado <strong>3 de enero<\/strong>.<\/p>\n\n\n\n<p class=\"has-text-align-center\"><strong><a href=\"https:\/\/chat.whatsapp.com\/KWkTmakY3I05kNdd2oZl6d\"><em>\u00daNETE A NUESTRO GRUPO DE WHATSAPP PARA ESTAR INFORMADO<\/em><\/a><\/strong><\/p>\n\n\n\n<p>Entre los liberados figuran los ciudadanos italianos <strong>Alberto Trentini<\/strong> y <strong>Mario Burl\u00f2<\/strong>, quienes se encontraban recluidos en la c\u00e1rcel El Rodeo I, en Caracas. Tras su liberaci\u00f3n, ambos fueron trasladados a la <strong>Embajada de Italia en la capital venezolana<\/strong>, desde donde regresar\u00e1n a su pa\u00eds en las pr\u00f3ximas horas.<\/p>\n\n\n\n<p>El ministro de Asuntos Exteriores de Italia, <strong>Antonio Tajani<\/strong>, confirm\u00f3 que los dos ciudadanos se encuentran en buen estado de salud y atribuy\u00f3 su excarcelaci\u00f3n a gestiones diplom\u00e1ticas del gobierno italiano, con mediaci\u00f3n de <strong>Estados Unidos<\/strong>.<\/p>\n\n\n\n<p>Seg\u00fan Foro Penal, las liberaciones se produjeron luego del anuncio realizado por la presidenta encargada <strong>Delcy Rodr\u00edguez<\/strong>, quien inform\u00f3 sobre la excarcelaci\u00f3n de un \u201cn\u00famero importante\u201d de detenidos como un gesto pol\u00edtico en medio del proceso de reconfiguraci\u00f3n institucional que atraviesa el pa\u00eds.<\/p>\n\n\n\n<blockquote class=\"twitter-tweet\"><p lang=\"it\" dir=\"ltr\">Accolgo con gioia e soddisfazione la liberazione dei connazionali Alberto Trentini e Mario Burl\u00f2, che si trovano ora in sicurezza presso l\u2019Ambasciata d\u2019Italia a Caracas. Ho parlato con loro, e un aereo \u00e8 gi\u00e0 partito da Roma per riportarli a casa.<br><br>Desidero esprimere, a nome del\u2026<\/p>&mdash; Giorgia Meloni (@GiorgiaMeloni) <a href=\"https:\/\/twitter.com\/GiorgiaMeloni\/status\/2010623294563586319?ref_src=twsrc%5Etfw\">January 12, 2026<\/a><\/blockquote> <script async src=\"https:\/\/platform.twitter.com\/widgets.js\" charset=\"utf-8\"><\/script>\n\n\n\n<h3 class=\"wp-block-heading\"><strong><mark style=\"background-color:rgba(0, 0, 0, 0)\" class=\"has-inline-color has-vivid-red-color\">Lista confirmada de presos pol\u00edticos excarcelados<\/mark><\/strong><\/h3>\n\n\n\n<p>De acuerdo con la informaci\u00f3n verificada por Foro Penal, los <strong>24 excarcelados confirmados<\/strong> hasta el momento son:<\/p>\n\n\n\n<ul class=\"wp-block-list\">\n<li>Jos\u00e9 Mar\u00eda Basoa (espa\u00f1ol)<\/li>\n\n\n\n<li>Andr\u00e9s Mart\u00ednez Adasme (espa\u00f1ol)<\/li>\n\n\n\n<li>Ernesto Gorbe (espa\u00f1ol)<\/li>\n\n\n\n<li>Miguel Moreno Dapena (espa\u00f1ol)<\/li>\n\n\n\n<li>Roc\u00edo San Miguel (venezolana-espa\u00f1ola)<\/li>\n\n\n\n<li>Biagio Pillieri<\/li>\n\n\n\n<li>Enrique M\u00e1rquez<\/li>\n\n\n\n<li>Larry Osorio<\/li>\n\n\n\n<li>Aracelis Balza<\/li>\n\n\n\n<li>Jos\u00e9 Laverde M\u00e1rquez<\/li>\n\n\n\n<li>Didelis Raquel Corredor Acosta<\/li>\n\n\n\n<li>Antonio Gerardo (Nino) Buzzetta Pacheco (\u00edtalo-venezolano)<\/li>\n\n\n\n<li>Di\u00f3genes Omar Angulo Molina<\/li>\n\n\n\n<li>Luis Fernando Junior S\u00e1nchez Flores<\/li>\n\n\n\n<li>Yanny Gonz\u00e1lez<\/li>\n\n\n\n<li>Luis Aquiles Rojas<\/li>\n\n\n\n<li>Federico Tom\u00e1s Ayala Zawiska<\/li>\n\n\n\n<li>Yuli Marcano Rojas<\/li>\n\n\n\n<li>Beverly Polo<\/li>\n\n\n\n<li>Deisy Hugles Gonz\u00e1lez<\/li>\n\n\n\n<li>Raymar Nohely P\u00e9rez Alvarado<\/li>\n\n\n\n<li>Rosa Carolina Chirinos Zambrano<\/li>\n\n\n\n<li>Sonia Josefina Gonz\u00e1lez Jim\u00e9nez<\/li>\n\n\n\n<li>Yerussa Cardoso Vega<\/li>\n<\/ul>\n\n\n\n<p><\/p>\n\n\n\n<p>El director de Foro Penal, <strong>Alfredo Romero<\/strong>, indic\u00f3 que la ONG mantiene un monitoreo activo del proceso, ya que podr\u00edan producirse nuevas liberaciones en las pr\u00f3ximas horas, y reiter\u00f3 que el objetivo sigue siendo la <strong>liberaci\u00f3n plena e incondicional de todas las personas detenidas por razones pol\u00edticas en Venezuela<\/strong>.<\/p>\n\n\n\n<p>Las excarcelaciones comenzaron la noche del <strong>8 de enero<\/strong> y se han desarrollado de manera escalonada, en un contexto pol\u00edtico marcado por la presi\u00f3n internacional, la intervenci\u00f3n de Estados Unidos y los reiterados llamados de organizaciones de derechos humanos a garantizar el debido proceso y poner fin a la persecuci\u00f3n pol\u00edtica.<\/p>\n\n\n\n<blockquote class=\"twitter-tweet\"><p lang=\"es\" dir=\"ltr\"><a href=\"https:\/\/twitter.com\/hashtag\/12E?src=hash&amp;ref_src=twsrc%5Etfw\">#12E<\/a> Una de las primeras im\u00e1genes de algunas de las mujeres que estaban arbitrariamente detenidas en el Centro de Formaci\u00f3n para Procesadas Femeninas &quot;La Cris\u00e1lida&quot;, ubicado en Los Teques Caracas, que fueron excarceladas esta madrugada. <br><br>Seguimos<a href=\"https:\/\/twitter.com\/hashtag\/LiberenATodosLosPresosPoliticos?src=hash&amp;ref_src=twsrc%5Etfw\">#LiberenATodosLosPresosPoliticos<\/a>\u2026 <a href=\"https:\/\/t.co\/upT4nJTYvH\">pic.twitter.com\/upT4nJTYvH<\/a><\/p>&mdash; Foro Penal (@ForoPenal) <a href=\"https:\/\/twitter.com\/ForoPenal\/status\/2010622453131661437?ref_src=twsrc%5Etfw\">January 12, 2026<\/a><\/blockquote> <script async src=\"https:\/\/platform.twitter.com\/widgets.js\" charset=\"utf-8\"><\/script>\n\n\n\n<h3 class=\"wp-block-heading\"><strong><mark style=\"background-color:rgba(0, 0, 0, 0)\" class=\"has-inline-color has-vivid-red-color\">Detenciones sin cargos claros<\/mark><\/strong><\/h3>\n\n\n\n<p><strong>Alberto Trentini<\/strong>, de 46 a\u00f1os de edad, fue detenido el <strong>15 de noviembre de 2024<\/strong> mientras se desplazaba entre Caracas y Guasdualito, en el estado Apure, donde trabajaba con la ONG <strong>Humanity &amp; Inclusion<\/strong>, dedicada a la atenci\u00f3n de personas con discapacidad. Fue interceptado en un control de carretera, detenido tras el escaneo de su pasaporte y trasladado a Caracas, donde permaneci\u00f3 recluido en El Rodeo I sin que se le presentaran cargos formales.<\/p>\n\n\n\n<p>Por su parte, <strong>Mario Burl\u00f2<\/strong>, de 52 a\u00f1os de edad, hab\u00eda viajado a Venezuela en 2024 para explorar oportunidades comerciales. Ingres\u00f3 al pa\u00eds por v\u00eda terrestre desde Colombia y fue arrestado poco despu\u00e9s de cruzar la frontera. Su familia perdi\u00f3 contacto con \u00e9l tras una llamada realizada el <strong>9 de noviembre de 2024<\/strong>, hasta que se confirm\u00f3 que estaba detenido en una c\u00e1rcel de Caracas, sin informaci\u00f3n oficial sobre los motivos de su arresto.<\/p>\n\n\n\n<p>\u201c<strong>\u00a1Alberto por fin est\u00e1 libre! Esta es la noticia que llevamos 423 d\u00edas esperando<\/strong>\u201d, expres\u00f3 la familia Trentini junto a su abogada, <strong>Alessandra Ballerini<\/strong>, al agradecer a quienes trabajaron \u201cde forma visible e invisible\u201d para lograr su liberaci\u00f3n.<\/p>\n\n\n\n<h3 class=\"wp-block-heading\"><strong><mark style=\"background-color:rgba(0, 0, 0, 0)\" class=\"has-inline-color has-vivid-red-color\">Reacciones oficiales<\/mark><\/strong><\/h3>\n\n\n\n<p>Tajani calific\u00f3 la excarcelaci\u00f3n como \u201c<strong>un gran logro de la diplomacia italiana<\/strong>\u201d y como una se\u00f1al del cambio pol\u00edtico que atraviesa Venezuela. \u201cAgradecemos enormemente la decisi\u00f3n de la presidenta Rodr\u00edguez. Esto puede abrir una nueva relaci\u00f3n entre Italia y Venezuela\u201d, afirm\u00f3 en declaraciones a <strong>Rainews24<\/strong>.<\/p>\n\n\n\n<p class=\"has-text-align-center\"><em><strong><em><strong><em><strong><em><strong><a href=\"https:\/\/t.me\/esreviral\">\u00daNETE A NUESTRO CANAL DE TELEGRAM PARA ESTAR INFORMADO<\/a><\/strong><\/em><\/strong><\/em><\/strong><\/em><\/strong><\/em><\/p>\n\n\n\n<p class=\"has-text-align-center\"><strong><em><mark style=\"background-color:rgba(0, 0, 0, 0)\" class=\"has-inline-color has-vivid-red-color\"><a href=\"https:\/\/esreviral.com\/?p=86214\" data-type=\"link\" data-id=\"https:\/\/esreviral.com\/?p=86214\">Lea Tambi\u00e9n: Venezuela asegur\u00f3 haber liberado a otros 116 presos pol\u00edticos<\/a><\/mark><\/em><\/strong><\/p>\n\n\n\n<p>Por su parte, la primera ministra <strong>Giorgia Meloni<\/strong> expres\u00f3 su \u201calegr\u00eda y satisfacci\u00f3n\u201d por la liberaci\u00f3n de Trentini y Burl\u00f2 y agradeci\u00f3 a las autoridades venezolanas \u201cpor la cooperaci\u00f3n constructiva demostrada en los \u00faltimos d\u00edas\u201d, as\u00ed como a las instituciones italianas que trabajaron \u201ccon compromiso y discreci\u00f3n\u201d para alcanzar este resultado.<\/p>\n\n\n\n<p class=\"has-text-align-right\"><strong><em>Con Informaci\u00f3n de ElDiario y ElNacional.-<\/em><\/strong><\/p>\n","protected":false},"excerpt":{"rendered":"<p>Alberto Trentini y Mario Burl\u00f2 se encontraban recluidos en la c\u00e1rcel El Rodeo 1 de Caracas<\/p>\n","protected":false},"author":3,"featured_media":86203,"comment_status":"closed","ping_status":"closed","sticky":false,"template":"","format":"standard","meta":{"jnews-multi-image_gallery":[],"jnews_single_post":{"format":"standard"},"jnews_primary_category":[],"jnews_social_meta":[],"jnews_review":[],"enable_review":"","type":"","name":"","summary":"","brand":"","sku":"","good":[],"bad":[],"score_override":"","override_value":"","rating":[],"price":[],"jnews_override_counter":[],"jnews_post_split":[],"footnotes":""},"categories":[59,66],"tags":[39040,39041,39039,1068,45,112,56],"class_list":["post-86202","post","type-post","status-publish","format-standard","has-post-thumbnail","hentry","category-politica","category-venezuela","tag-alberto-trentini","tag-italianos-excarcelados","tag-mario-burlo","tag-nicolas-maduro","tag-noticias","tag-politica","tag-venezuela"],"amp_enabled":true,"_links":{"self":[{"href":"https:\/\/esreviral.com\/index.php?rest_route=\/wp\/v2\/posts\/86202"}],"collection":[{"href":"https:\/\/esreviral.com\/index.php?rest_route=\/wp\/v2\/posts"}],"about":[{"href":"https:\/\/esreviral.com\/index.php?rest_route=\/wp\/v2\/types\/post"}],"author":[{"embeddable":true,"href":"https:\/\/esreviral.com\/index.php?rest_route=\/wp\/v2\/users\/3"}],"replies":[{"embeddable":true,"href":"https:\/\/esreviral.com\/index.php?rest_route=%2Fwp%2Fv2%2Fcomments&post=86202"}],"version-history":[{"count":2,"href":"https:\/\/esreviral.com\/index.php?rest_route=\/wp\/v2\/posts\/86202\/revisions"}],"predecessor-version":[{"id":86220,"href":"https:\/\/esreviral.com\/index.php?rest_route=\/wp\/v2\/posts\/86202\/revisions\/86220"}],"wp:featuredmedia":[{"embeddable":true,"href":"https:\/\/esreviral.com\/index.php?rest_route=\/wp\/v2\/media\/86203"}],"wp:attachment":[{"href":"https:\/\/esreviral.com\/index.php?rest_route=%2Fwp%2Fv2%2Fmedia&parent=86202"}],"wp:term":[{"taxonomy":"category","embeddable":true,"href":"https:\/\/esreviral.com\/index.php?rest_route=%2Fwp%2Fv2%2Fcategories&post=86202"},{"taxonomy":"post_tag","embeddable":true,"href":"https:\/\/esreviral.com\/index.php?rest_route=%2Fwp%2Fv2%2Ftags&post=86202"}],"curies":[{"name":"wp","href":"https:\/\/api.w.org\/{rel}","templated":true}]}}