{"id":86200,"date":"2026-01-12T06:47:52","date_gmt":"2026-01-12T11:47:52","guid":{"rendered":"https:\/\/esreviral.com\/?p=86200"},"modified":"2026-01-12T07:45:44","modified_gmt":"2026-01-12T12:45:44","slug":"el-papa-leon-xiv-recibio-en-el-vaticano-a-maria-corina-machado","status":"publish","type":"post","link":"https:\/\/esreviral.com\/?p=86200","title":{"rendered":"El papa Le\u00f3n XIV recibi\u00f3 en el Vaticano a Mar\u00eda Corina Machado"},"content":{"rendered":"\n<p>El papa <strong>Le\u00f3n XIV<\/strong> recibi\u00f3 este lunes en audiencia en el <strong>Vaticano<\/strong> a la l\u00edder venezolana y <strong>Premio Nobel de la Paz<\/strong>, <strong>Mar\u00eda Corina Machado<\/strong>, inform\u00f3 la oficina de prensa de la Santa Sede.<\/p>\n\n\n\n<p>El encuentro fue incluido en el bolet\u00edn oficial con la agenda matutina del sumo pont\u00edfice. Como es habitual en este tipo de audiencias privadas, el Vaticano no ofreci\u00f3 detalles sobre los temas abordados durante la reuni\u00f3n.<\/p>\n\n\n\n<p class=\"has-text-align-center\"><strong><a href=\"https:\/\/chat.whatsapp.com\/KWkTmakY3I05kNdd2oZl6d\"><em>\u00daNETE A NUESTRO GRUPO DE WHATSAPP PARA ESTAR INFORMADO<\/em><\/a><\/strong><\/p>\n\n\n\n<figure class=\"wp-block-image size-large\"><img decoding=\"async\" src=\"https:\/\/pbs.twimg.com\/media\/G-ddZRrXsAAyUmo?format=png&amp;name=large\" alt=\"\"\/><\/figure>\n\n\n\n<p><\/p>\n\n\n\n<p>La audiencia se produjo pocos d\u00edas despu\u00e9s de que el papa Le\u00f3n XIV instara al cuerpo diplom\u00e1tico acreditado ante la Santa Sede a <strong>respetar la voluntad del pueblo venezolano<\/strong> y a promover <strong>soluciones pac\u00edficas<\/strong>, alejadas de \u201cintereses partidistas\u201d, en referencia a la crisis pol\u00edtica que atraviesa el pa\u00eds sudamericano.<\/p>\n\n\n\n<p>El Vaticano ha seguido de cerca los acontecimientos en Venezuela en medio del reordenamiento pol\u00edtico tras la captura y detenci\u00f3n de Nicol\u00e1s Maduro por parte de fuerzas estadounidenses. En ese contexto, el diario <em>The Washington Post<\/em> public\u00f3 el pasado 9 de enero que la Santa Sede habr\u00eda intentado mediar en una posible oferta de asilo en Rusia para Maduro antes de su captura.<\/p>\n\n\n\n<figure class=\"wp-block-image size-large\"><img fetchpriority=\"high\" decoding=\"async\" width=\"1024\" height=\"683\" src=\"https:\/\/esreviral.com\/wp-content\/uploads\/2026\/01\/AnyConv.com__WhatsApp-Image-2026-01-12-at-9.42.14-AM-1024x683.webp\" alt=\"\" class=\"wp-image-86206\" srcset=\"https:\/\/esreviral.com\/wp-content\/uploads\/2026\/01\/AnyConv.com__WhatsApp-Image-2026-01-12-at-9.42.14-AM-1024x683.webp 1024w, https:\/\/esreviral.com\/wp-content\/uploads\/2026\/01\/AnyConv.com__WhatsApp-Image-2026-01-12-at-9.42.14-AM-300x200.webp 300w, https:\/\/esreviral.com\/wp-content\/uploads\/2026\/01\/AnyConv.com__WhatsApp-Image-2026-01-12-at-9.42.14-AM-768x512.webp 768w, https:\/\/esreviral.com\/wp-content\/uploads\/2026\/01\/AnyConv.com__WhatsApp-Image-2026-01-12-at-9.42.14-AM.webp 1236w\" sizes=\"(max-width: 1024px) 100vw, 1024px\" \/><\/figure>\n\n\n\n<p><\/p>\n\n\n\n<p>Seg\u00fan el medio estadounidense, el cardenal secretario de Estado del Vaticano, <strong>Pietro Parolin<\/strong>, habr\u00eda conversado con el embajador de Estados Unidos ante la Santa Sede, <strong>Brian Burch<\/strong>, sobre una supuesta propuesta rusa para otorgar asilo al exmandatario venezolano.<\/p>\n\n\n\n<p>La reuni\u00f3n entre el papa Le\u00f3n XIV y Mar\u00eda Corina Machado se da en medio de una intensa actividad diplom\u00e1tica internacional y refuerza la atenci\u00f3n del Vaticano sobre la situaci\u00f3n pol\u00edtica y humanitaria en Venezuela.<\/p>\n\n\n\n<p class=\"has-text-align-center\"><em><strong><em><strong><em><strong><em><strong><a href=\"https:\/\/t.me\/esreviral\">\u00daNETE A NUESTRO CANAL DE TELEGRAM PARA ESTAR INFORMADO<\/a><\/strong><\/em><\/strong><\/em><\/strong><\/em><\/strong><\/em><\/p>\n\n\n\n<figure class=\"wp-block-image size-large\"><img decoding=\"async\" width=\"1024\" height=\"668\" src=\"https:\/\/esreviral.com\/wp-content\/uploads\/2026\/01\/AnyConv.com__WhatsApp-Image-2026-01-12-at-9.41.35-AM-1024x668.webp\" alt=\"\" class=\"wp-image-86209\" srcset=\"https:\/\/esreviral.com\/wp-content\/uploads\/2026\/01\/AnyConv.com__WhatsApp-Image-2026-01-12-at-9.41.35-AM-1024x668.webp 1024w, https:\/\/esreviral.com\/wp-content\/uploads\/2026\/01\/AnyConv.com__WhatsApp-Image-2026-01-12-at-9.41.35-AM-300x196.webp 300w, https:\/\/esreviral.com\/wp-content\/uploads\/2026\/01\/AnyConv.com__WhatsApp-Image-2026-01-12-at-9.41.35-AM-768x501.webp 768w, https:\/\/esreviral.com\/wp-content\/uploads\/2026\/01\/AnyConv.com__WhatsApp-Image-2026-01-12-at-9.41.35-AM.webp 1080w\" sizes=\"(max-width: 1024px) 100vw, 1024px\" \/><\/figure>\n\n\n\n<p><\/p>\n\n\n\n<p class=\"has-text-align-right\"><strong><em>Con informaci\u00f3n de EFE<\/em>.-<\/strong><\/p>\n\n\n\n<p><\/p>\n\n\n\n<p><\/p>\n","protected":false},"excerpt":{"rendered":"<p>La reuni\u00f3n de la Premio Nobel de la Paz y Le\u00f3n XIV fue anunciada en el bolet\u00edn con la agenda del sumo pont\u00edfice durante la ma\u00f1ana, pero como es habitual no se dieron m\u00e1s detalles<\/p>\n","protected":false},"author":3,"featured_media":86207,"comment_status":"closed","ping_status":"closed","sticky":false,"template":"","format":"standard","meta":{"jnews-multi-image_gallery":[],"jnews_single_post":{"format":"standard"},"jnews_primary_category":[],"jnews_social_meta":[],"jnews_review":[],"enable_review":"","type":"","name":"","summary":"","brand":"","sku":"","good":[],"bad":[],"score_override":"","override_value":"","rating":[],"price":[],"jnews_override_counter":[],"jnews_post_split":[],"footnotes":""},"categories":[88],"tags":[4159,29763,3265,45],"class_list":["post-86200","post","type-post","status-publish","format-standard","has-post-thumbnail","hentry","category-internacionales","tag-el-papa","tag-leon-xiv","tag-maria-corina-machado-2","tag-noticias"],"amp_enabled":true,"_links":{"self":[{"href":"https:\/\/esreviral.com\/index.php?rest_route=\/wp\/v2\/posts\/86200"}],"collection":[{"href":"https:\/\/esreviral.com\/index.php?rest_route=\/wp\/v2\/posts"}],"about":[{"href":"https:\/\/esreviral.com\/index.php?rest_route=\/wp\/v2\/types\/post"}],"author":[{"embeddable":true,"href":"https:\/\/esreviral.com\/index.php?rest_route=\/wp\/v2\/users\/3"}],"replies":[{"embeddable":true,"href":"https:\/\/esreviral.com\/index.php?rest_route=%2Fwp%2Fv2%2Fcomments&post=86200"}],"version-history":[{"count":2,"href":"https:\/\/esreviral.com\/index.php?rest_route=\/wp\/v2\/posts\/86200\/revisions"}],"predecessor-version":[{"id":86210,"href":"https:\/\/esreviral.com\/index.php?rest_route=\/wp\/v2\/posts\/86200\/revisions\/86210"}],"wp:featuredmedia":[{"embeddable":true,"href":"https:\/\/esreviral.com\/index.php?rest_route=\/wp\/v2\/media\/86207"}],"wp:attachment":[{"href":"https:\/\/esreviral.com\/index.php?rest_route=%2Fwp%2Fv2%2Fmedia&parent=86200"}],"wp:term":[{"taxonomy":"category","embeddable":true,"href":"https:\/\/esreviral.com\/index.php?rest_route=%2Fwp%2Fv2%2Fcategories&post=86200"},{"taxonomy":"post_tag","embeddable":true,"href":"https:\/\/esreviral.com\/index.php?rest_route=%2Fwp%2Fv2%2Ftags&post=86200"}],"curies":[{"name":"wp","href":"https:\/\/api.w.org\/{rel}","templated":true}]}}