{"id":86192,"date":"2026-01-10T09:11:50","date_gmt":"2026-01-10T14:11:50","guid":{"rendered":"https:\/\/esreviral.com\/?p=86192"},"modified":"2026-01-10T09:11:51","modified_gmt":"2026-01-10T14:11:51","slug":"estas-son-las-medidas-cautelares-que-pesan-sobre-la-defensora-de-dd-hh-rocio-san-miguel","status":"publish","type":"post","link":"https:\/\/esreviral.com\/?p=86192","title":{"rendered":"Estas son las medidas cautelares que pesan sobre la defensora de DD. HH. Roc\u00edo San Miguel"},"content":{"rendered":"\n<p><strong><em>KQA.- <\/em><\/strong>La <strong>defensora de derechos humanos<\/strong> <strong>Roc\u00edo San Miguel,<\/strong> de nacionalidad venezolana y espa\u00f1ola, fue excarcelada el pasado 8 de enero de 2026 y actualmente se encuentra en la ciudad de Madrid, Espa\u00f1a, <strong>bajo un r\u00e9gimen de medidas cautelares sustitutivas de privaci\u00f3n de libertad.<\/strong><\/p>\n\n\n\n<p class=\"has-text-align-center\"><strong><a href=\"https:\/\/chat.whatsapp.com\/KWkTmakY3I05kNdd2oZl6d\"><em>\u00daNETE A NUESTRO GRUPO DE WHATSAPP PARA ESTAR INFORMADO<\/em><\/a><\/strong><\/p>\n\n\n\n<p>La informaci\u00f3n fue confirmada mediante un comunicado oficial emitido por su hermano mayor, Jos\u00e9 Manuel San Miguel, \u00fanico portavoz autorizado por ella y su familia,<strong> con el prop\u00f3sito de aclarar versiones no autorizadas que circularon en redes sociales y medios de comunicaci\u00f3n tras conocerse su excarcelaci\u00f3n.<\/strong><\/p>\n\n\n\n<p>En el documento se precisa que <strong>San Miguel no goza de libertad plena, <\/strong>ya que <strong>su situaci\u00f3n jur\u00eddica sigue en curso y mantiene restricciones, entre ellas la prohibici\u00f3n expresa de realizar declaraciones p\u00fablicas. <\/strong>Asimismo, se aclar\u00f3 que ninguna persona est\u00e1 autorizada a emitir opiniones, valoraciones pol\u00edticas o jur\u00eddicas, ni informaci\u00f3n sobre su estado personal o legal en su nombre.<\/p>\n\n\n\n<div data-wp-interactive=\"core\/file\" class=\"wp-block-file\"><object data-wp-bind--hidden=\"!state.hasPdfPreview\"  class=\"wp-block-file__embed\" data=\"https:\/\/esreviral.com\/wp-content\/uploads\/2026\/01\/COMUNICADO-OFICIAL-RSM.-.pdf\" type=\"application\/pdf\" style=\"width:100%;height:600px\" aria-label=\"Incrustado de COMUNICADO OFICIAL RSM..\"><\/object><a id=\"wp-block-file--media-133fd481-29c0-46d8-abee-22326a580593\" href=\"https:\/\/esreviral.com\/wp-content\/uploads\/2026\/01\/COMUNICADO-OFICIAL-RSM.-.pdf\">COMUNICADO OFICIAL RSM.<\/a><a href=\"https:\/\/esreviral.com\/wp-content\/uploads\/2026\/01\/COMUNICADO-OFICIAL-RSM.-.pdf\" class=\"wp-block-file__button wp-element-button\" download aria-describedby=\"wp-block-file--media-133fd481-29c0-46d8-abee-22326a580593\">Descarga<\/a><\/div>\n\n\n\n<p><\/p>\n\n\n\n<p>Sobre su traslado a Espa\u00f1a, la familia explic\u00f3 que se produjo por intermediaci\u00f3n directa del Gobierno espa\u00f1ol, como parte de acuerdos humanitarios y diplom\u00e1ticos alcanzados para viabilizar su excarcelaci\u00f3n. En ese contexto, destacaron el rol del expresidente del Gobierno espa\u00f1ol, Jos\u00e9 Luis Rodr\u00edguez Zapatero, as\u00ed como la participaci\u00f3n de actores involucrados en los recientes di\u00e1logos entre Venezuela y Estados Unidos.<\/p>\n\n\n\n<p>En relaci\u00f3n con su estado de salud, se inform\u00f3 que Roc\u00edo San Miguel se encuentra en buen estado general y contin\u00faa un proceso de rehabilitaci\u00f3n en el hombro, luego de haber sido sometida a dos intervenciones quir\u00fargicas durante 2025, con evoluci\u00f3n m\u00e9dica satisfactoria.<\/p>\n\n\n\n<p class=\"has-text-align-center\"><em><strong><em><strong><em><strong><em><strong><a href=\"https:\/\/t.me\/esreviral\">\u00daNETE A NUESTRO CANAL DE TELEGRAM PARA ESTAR INFORMADO<\/a><\/strong><\/em><\/strong><\/em><\/strong><\/em><\/strong><\/em><\/p>\n\n\n\n<p>Finalmente, la familia expres\u00f3 su esperanza de que este hecho forme parte de un proceso m\u00e1s amplio de reconciliaci\u00f3n nacional y permita la liberaci\u00f3n de otras personas detenidas por razones pol\u00edticas en Venezuela. El comunicado subraya que este es el \u00fanico canal oficial y autorizado para informar sobre la situaci\u00f3n jur\u00eddica, estado de salud y condici\u00f3n de excarcelaci\u00f3n de Roc\u00edo San Miguel.<\/p>\n\n\n\n<p><\/p>\n","protected":false},"excerpt":{"rendered":"<p>La defensora de derechos humanos Roc\u00edo San Miguel, de nacionalidad venezolana y espa\u00f1ola, fue excarcelada el 8 de enero de 2026, pero no goza de libertad plena. Actualmente se encuentra en Madrid, Espa\u00f1a, bajo un r\u00e9gimen de medidas cautelares sustitutivas de la privaci\u00f3n de libertad, en el marco del proceso judicial que sigue abierto en su contra.<\/p>\n<p>Seg\u00fan un comunicado oficial emitido por su familia, San Miguel tiene prohibido realizar declaraciones p\u00fablicas y ninguna persona est\u00e1 autorizada a emitir opiniones o valoraciones en su nombre. Su traslado a Espa\u00f1a se dio como parte de acuerdos humanitarios y diplom\u00e1ticos, mientras contin\u00faa su proceso de rehabilitaci\u00f3n m\u00e9dica tras dos cirug\u00edas realizadas en 2025.<\/p>\n","protected":false},"author":3,"featured_media":86193,"comment_status":"closed","ping_status":"closed","sticky":false,"template":"","format":"standard","meta":{"jnews-multi-image_gallery":[],"jnews_single_post":{"format":"standard"},"jnews_primary_category":[],"jnews_social_meta":[],"jnews_review":[],"enable_review":"","type":"","name":"","summary":"","brand":"","sku":"","good":[],"bad":[],"score_override":"","override_value":"","rating":[],"price":[],"jnews_override_counter":[],"jnews_post_split":[],"footnotes":""},"categories":[88,59],"tags":[39036,148,45,39037,39035,56],"class_list":["post-86192","post","type-post","status-publish","format-standard","has-post-thumbnail","hentry","category-internacionales","category-politica","tag-defensora-de-derechos-humanos","tag-espana","tag-noticias","tag-privacion-de-libertad","tag-rocio-san-miguel","tag-venezuela"],"amp_enabled":true,"_links":{"self":[{"href":"https:\/\/esreviral.com\/index.php?rest_route=\/wp\/v2\/posts\/86192"}],"collection":[{"href":"https:\/\/esreviral.com\/index.php?rest_route=\/wp\/v2\/posts"}],"about":[{"href":"https:\/\/esreviral.com\/index.php?rest_route=\/wp\/v2\/types\/post"}],"author":[{"embeddable":true,"href":"https:\/\/esreviral.com\/index.php?rest_route=\/wp\/v2\/users\/3"}],"replies":[{"embeddable":true,"href":"https:\/\/esreviral.com\/index.php?rest_route=%2Fwp%2Fv2%2Fcomments&post=86192"}],"version-history":[{"count":1,"href":"https:\/\/esreviral.com\/index.php?rest_route=\/wp\/v2\/posts\/86192\/revisions"}],"predecessor-version":[{"id":86195,"href":"https:\/\/esreviral.com\/index.php?rest_route=\/wp\/v2\/posts\/86192\/revisions\/86195"}],"wp:featuredmedia":[{"embeddable":true,"href":"https:\/\/esreviral.com\/index.php?rest_route=\/wp\/v2\/media\/86193"}],"wp:attachment":[{"href":"https:\/\/esreviral.com\/index.php?rest_route=%2Fwp%2Fv2%2Fmedia&parent=86192"}],"wp:term":[{"taxonomy":"category","embeddable":true,"href":"https:\/\/esreviral.com\/index.php?rest_route=%2Fwp%2Fv2%2Fcategories&post=86192"},{"taxonomy":"post_tag","embeddable":true,"href":"https:\/\/esreviral.com\/index.php?rest_route=%2Fwp%2Fv2%2Ftags&post=86192"}],"curies":[{"name":"wp","href":"https:\/\/api.w.org\/{rel}","templated":true}]}}