{"id":86142,"date":"2026-01-09T14:15:02","date_gmt":"2026-01-09T19:15:02","guid":{"rendered":"https:\/\/esreviral.com\/?p=86142"},"modified":"2026-01-09T14:15:03","modified_gmt":"2026-01-09T19:15:03","slug":"paraguay-elimino-la-exencion-de-visado-para-los-venezolanos","status":"publish","type":"post","link":"https:\/\/esreviral.com\/?p=86142","title":{"rendered":"Paraguay elimin\u00f3 la exenci\u00f3n de visado para los venezolanos"},"content":{"rendered":"\n<p>El gobierno de Paraguay anunci\u00f3 este viernes 9 de enero la derogaci\u00f3n, por \u201crazones de seguridad\u201d, del decreto que permit\u00eda el <strong><a href=\"https:\/\/www.mre.gov.py\/paraguay-deroga-exencion-de-visas-para-venezolanos\/\" data-type=\"link\" data-id=\"https:\/\/www.mre.gov.py\/paraguay-deroga-exencion-de-visas-para-venezolanos\/\">ingreso sin visado de ciudadanos venezolanos.<\/a><\/strong> La decisi\u00f3n se produce en medio de la profunda crisis que atraviesa Venezuela tras el operativo militar de Estados Unidos que culmin\u00f3 con la extracci\u00f3n de Nicol\u00e1s Maduro y su esposa, Cilia Flores.<\/p>\n\n\n\n<p class=\"has-text-align-center\"><strong><a href=\"https:\/\/chat.whatsapp.com\/KWkTmakY3I05kNdd2oZl6d\"><em>\u00daNETE A NUESTRO GRUPO DE WHATSAPP PARA ESTAR INFORMADO<\/em><\/a><\/strong><\/p>\n\n\n\n<p>A trav\u00e9s de un comunicado, el Ministerio de Relaciones Exteriores inform\u00f3 que la medida entrar\u00e1 en vigencia este s\u00e1bado 10 de enero, cuando se cumple una semana de la detenci\u00f3n de Maduro y la primera dama. Seg\u00fan denuncias de Caracas, ese operativo dej\u00f3 al menos un centenar de fallecidos, entre civiles y militares.<\/p>\n\n\n\n<p>La Canciller\u00eda paraguaya precis\u00f3 que, a partir de ahora, \u201ctodo eventual ingreso de ciudadanos venezolanos al Paraguay\u201d estar\u00e1 sujeto a una verificaci\u00f3n previa de documentos y antecedentes penales como parte del tr\u00e1mite obligatorio de solicitud de visado.<\/p>\n\n\n\n<p>Hasta el momento, los venezolanos pod\u00edan ingresar al pa\u00eds sin visa gracias al decreto N.\u00ba 14.609, vigente desde septiembre de 1996, que permit\u00eda estancias de hasta 60 d\u00edas.<\/p>\n\n\n\n<h3 class=\"wp-block-heading\"><strong><mark style=\"background-color:rgba(0, 0, 0, 0)\" class=\"has-inline-color has-vivid-red-color\">Comunidad venezolana en Paraguay<\/mark><\/strong><\/h3>\n\n\n\n<p>De acuerdo con datos oficiales, en Paraguay residen actualmente 3.105 ciudadanos venezolanos. As\u00ed lo indic\u00f3 el director de la Direcci\u00f3n Nacional de Migraciones, Jorge Kronawetter, quien detall\u00f3 en una entrevista radial que 2.377 cuentan con residencia permanente y 728 con residencia temporal.<\/p>\n\n\n\n<p>La decisi\u00f3n del gobierno paraguayo coincide adem\u00e1s con la reciente firma de un Acuerdo de Tercer Pa\u00eds Seguro con Estados Unidos, suscrito en agosto pasado, mediante el cual Paraguay podr\u00eda recibir personas derivadas por Washington que soliciten refugio. La Canciller\u00eda no aclar\u00f3 a\u00fan c\u00f3mo impactar\u00e1 la nueva exigencia de visado en los venezolanos que eventualmente sean elegibles bajo ese acuerdo.<\/p>\n\n\n\n<h3 class=\"wp-block-heading\"><strong><mark style=\"background-color:rgba(0, 0, 0, 0)\" class=\"has-inline-color has-vivid-red-color\">Contexto pol\u00edtico y ruptura diplom\u00e1tica<\/mark><\/strong><\/h3>\n\n\n\n<p>La restituci\u00f3n del requisito de visa ocurre en un contexto regional marcado por la inestabilidad pol\u00edtica venezolana. Maduro permanece detenido en Nueva York, donde enfrenta cargos por narcoterrorismo, conspiraci\u00f3n para importar coca\u00edna y delitos vinculados con armas autom\u00e1ticas. En su lugar, asumi\u00f3 como presidenta encargada la dirigente chavista Delcy Rodr\u00edguez.<\/p>\n\n\n\n<p class=\"has-text-align-center\"><em><strong><em><strong><em><strong><em><strong><a href=\"https:\/\/t.me\/esreviral\">\u00daNETE A NUESTRO CANAL DE TELEGRAM PARA ESTAR INFORMADO<\/a><\/strong><\/em><\/strong><\/em><\/strong><\/em><\/strong><\/em><\/p>\n\n\n\n<p>Cabe recordar que Venezuela rompi\u00f3 relaciones diplom\u00e1ticas con Paraguay en enero de 2025, luego de que el presidente Santiago Pe\u00f1a reconociera al l\u00edder opositor Edmundo Gonz\u00e1lez Urrutia como ganador de las elecciones presidenciales del 28 de julio de 2024.<\/p>\n\n\n\n<p class=\"has-text-align-right\"><strong><em>Con Informaci\u00f3n de ElDiario.-<\/em><\/strong><\/p>\n","protected":false},"excerpt":{"rendered":"<p>En un comunicado, el Ministerio de Relaciones Exteriores inform\u00f3 que la medida entrar\u00e1 en vigor desde este s\u00e1bado 10 de enero<\/p>\n","protected":false},"author":3,"featured_media":86143,"comment_status":"closed","ping_status":"closed","sticky":false,"template":"","format":"standard","meta":{"jnews-multi-image_gallery":[],"jnews_single_post":{"format":"standard"},"jnews_primary_category":[],"jnews_social_meta":[],"jnews_review":[],"enable_review":"","type":"","name":"","summary":"","brand":"","sku":"","good":[],"bad":[],"score_override":"","override_value":"","rating":[],"price":[],"jnews_override_counter":[],"jnews_post_split":[],"footnotes":""},"categories":[54,88],"tags":[219,1602,12789,3801,38985,38887],"class_list":["post-86142","post","type-post","status-publish","format-standard","has-post-thumbnail","hentry","category-inmigracion","category-internacionales","tag-crisis","tag-paraguay","tag-transicion","tag-venezolanos-en-paraguay","tag-visado","tag-visados"],"amp_enabled":true,"_links":{"self":[{"href":"https:\/\/esreviral.com\/index.php?rest_route=\/wp\/v2\/posts\/86142"}],"collection":[{"href":"https:\/\/esreviral.com\/index.php?rest_route=\/wp\/v2\/posts"}],"about":[{"href":"https:\/\/esreviral.com\/index.php?rest_route=\/wp\/v2\/types\/post"}],"author":[{"embeddable":true,"href":"https:\/\/esreviral.com\/index.php?rest_route=\/wp\/v2\/users\/3"}],"replies":[{"embeddable":true,"href":"https:\/\/esreviral.com\/index.php?rest_route=%2Fwp%2Fv2%2Fcomments&post=86142"}],"version-history":[{"count":1,"href":"https:\/\/esreviral.com\/index.php?rest_route=\/wp\/v2\/posts\/86142\/revisions"}],"predecessor-version":[{"id":86146,"href":"https:\/\/esreviral.com\/index.php?rest_route=\/wp\/v2\/posts\/86142\/revisions\/86146"}],"wp:featuredmedia":[{"embeddable":true,"href":"https:\/\/esreviral.com\/index.php?rest_route=\/wp\/v2\/media\/86143"}],"wp:attachment":[{"href":"https:\/\/esreviral.com\/index.php?rest_route=%2Fwp%2Fv2%2Fmedia&parent=86142"}],"wp:term":[{"taxonomy":"category","embeddable":true,"href":"https:\/\/esreviral.com\/index.php?rest_route=%2Fwp%2Fv2%2Fcategories&post=86142"},{"taxonomy":"post_tag","embeddable":true,"href":"https:\/\/esreviral.com\/index.php?rest_route=%2Fwp%2Fv2%2Ftags&post=86142"}],"curies":[{"name":"wp","href":"https:\/\/api.w.org\/{rel}","templated":true}]}}