{"id":86132,"date":"2026-01-09T13:10:59","date_gmt":"2026-01-09T18:10:59","guid":{"rendered":"https:\/\/esreviral.com\/?p=86132"},"modified":"2026-01-09T13:13:03","modified_gmt":"2026-01-09T18:13:03","slug":"gobierno-venezolano-anuncia-conversaciones-con-ee-uu-para-reactivar-misiones-diplomaticas","status":"publish","type":"post","link":"https:\/\/esreviral.com\/?p=86132","title":{"rendered":"Gobierno venezolano anunci\u00f3 conversaciones con EE. UU. para reactivar misiones diplom\u00e1ticas"},"content":{"rendered":"\n<p>El canciller venezolano, <strong>Yv\u00e1n Gil<\/strong>, difundi\u00f3 este <strong>viernes<\/strong> un comunicado en el que el <strong>Gobierno nacional<\/strong> confirm\u00f3 la llegada al pa\u00eds, el <strong>9 de enero<\/strong>, de una <strong>delegaci\u00f3n diplom\u00e1tica de Estados Unidos<\/strong>, con el objetivo de <strong>restablecer los lazos bilaterales entre Washington y Caracas<\/strong>.<\/p>\n\n\n\n<p>En el documento, el Ejecutivo se\u00f1ala que la visita busca <strong>\u201catender la situaci\u00f3n\u201d ocurrida el pasado 3 de enero<\/strong>, que deriv\u00f3 en la <strong>extracci\u00f3n de Nicol\u00e1s Maduro y de su esposa, Cilia Flores<\/strong>. Asimismo, indica que se trata del inicio de un <strong>\u201cproceso exploratorio de car\u00e1cter diplom\u00e1tico\u201d<\/strong> orientado al <strong>restablecimiento de las misiones diplom\u00e1ticas de ambos pa\u00edses<\/strong>.<\/p>\n\n\n\n<p class=\"has-text-align-center\"><strong><a href=\"https:\/\/chat.whatsapp.com\/KWkTmakY3I05kNdd2oZl6d\"><em>\u00daNETE A NUESTRO GRUPO DE WHATSAPP PARA ESTAR INFORMADO<\/em><\/a><\/strong><\/p>\n\n\n\n<figure class=\"wp-block-image size-large\"><img decoding=\"async\" src=\"https:\/\/media.diarioversionfinal.com\/wp-content\/uploads\/2026\/01\/photo_5121060168006306648_y.jpg\" alt=\"\"\/><\/figure>\n\n\n\n<p><\/p>\n\n\n\n<p>El Gobierno venezolano no solo confirm\u00f3 el arribo de la misi\u00f3n estadounidense, sino que tambi\u00e9n anunci\u00f3 que <strong>una delegaci\u00f3n venezolana viajar\u00e1 pr\u00f3ximamente a Estados Unidos<\/strong>, incluida una visita a la <strong>Casa Blanca<\/strong>.<\/p>\n\n\n\n<p>\u201cEn este contexto, arriba al pa\u00eds una delegaci\u00f3n de funcionarios diplom\u00e1ticos del <strong>Departamento de Estado de Estados Unidos<\/strong>, que realizar\u00e1 evaluaciones t\u00e9cnicas y log\u00edsticas inherentes a la funci\u00f3n diplom\u00e1tica. De igual manera, una delegaci\u00f3n de diplom\u00e1ticos venezolanos ser\u00e1 enviada a Estados Unidos para cumplir las labores correspondientes\u201d, concluye el texto oficial.<\/p>\n\n\n\n<p class=\"has-text-align-center\"><em><strong><em><strong><em><strong><em><strong><a href=\"https:\/\/t.me\/esreviral\">\u00daNETE A NUESTRO CANAL DE TELEGRAM PARA ESTAR INFORMADO<\/a><\/strong><\/em><\/strong><\/em><\/strong><\/em><\/strong><\/em><\/p>\n\n\n\n<p class=\"has-text-align-center\"><strong><em><mark style=\"background-color:rgba(0, 0, 0, 0)\" class=\"has-inline-color has-vivid-red-color\"><a href=\"https:\/\/esreviral.com\/?p=86125\" data-type=\"link\" data-id=\"https:\/\/esreviral.com\/?p=86125\">Lea Tambi\u00e9n: Diplom\u00e1ticos estadounidenses aterrizan en Venezuela para evaluar reapertura de la embajada<\/a><\/mark><\/em><\/strong><\/p>\n\n\n\n<figure class=\"wp-block-image size-large\"><img decoding=\"async\" src=\"https:\/\/media.diarioversionfinal.com\/wp-content\/uploads\/2026\/01\/photo_5121060168006306649_y.jpg\" alt=\"\"\/><\/figure>\n\n\n\n<p><\/p>\n\n\n\n<p class=\"has-text-align-right\"><strong><em>Con Informaci\u00f3n de diarioversionfinal.com.-<\/em><\/strong><\/p>\n","protected":false},"excerpt":{"rendered":"<p>En un comunicado, difundido por el Canciller de Venezuela, asegura que est\u00e1n en un \u201cproceso exploratorio de car\u00e1cter diplom\u00e1tico con el Gobierno de los Estados Unidos de Am\u00e9rica\u00bb donde abordar\u00e1n la \u00abagresi\u00f3n del 3 de enero\u00bb y \u00abuna agenda de trabajo de inter\u00e9s mutuo\u201d. \u00abUna delegaci\u00f3n de diplom\u00e1ticos venezolanos ser\u00e1 enviada a Estados Unidos para cumplir las labores correspondientes\u201d, anuncia la misiva<\/p>\n","protected":false},"author":3,"featured_media":86133,"comment_status":"closed","ping_status":"closed","sticky":false,"template":"","format":"standard","meta":{"jnews-multi-image_gallery":[],"jnews_single_post":{"format":"standard"},"jnews_primary_category":[],"jnews_social_meta":[],"jnews_review":[],"enable_review":"","type":"","name":"","summary":"","brand":"","sku":"","good":[],"bad":[],"score_override":"","override_value":"","rating":[],"price":[],"jnews_override_counter":[],"jnews_post_split":[],"footnotes":""},"categories":[59,66],"tags":[38984,136,45,56,6183],"class_list":["post-86132","post","type-post","status-publish","format-standard","has-post-thumbnail","hentry","category-politica","category-venezuela","tag-canciller-venezolano","tag-estados-unidos","tag-noticias","tag-venezuela","tag-yvan-gil"],"amp_enabled":true,"_links":{"self":[{"href":"https:\/\/esreviral.com\/index.php?rest_route=\/wp\/v2\/posts\/86132"}],"collection":[{"href":"https:\/\/esreviral.com\/index.php?rest_route=\/wp\/v2\/posts"}],"about":[{"href":"https:\/\/esreviral.com\/index.php?rest_route=\/wp\/v2\/types\/post"}],"author":[{"embeddable":true,"href":"https:\/\/esreviral.com\/index.php?rest_route=\/wp\/v2\/users\/3"}],"replies":[{"embeddable":true,"href":"https:\/\/esreviral.com\/index.php?rest_route=%2Fwp%2Fv2%2Fcomments&post=86132"}],"version-history":[{"count":4,"href":"https:\/\/esreviral.com\/index.php?rest_route=\/wp\/v2\/posts\/86132\/revisions"}],"predecessor-version":[{"id":86139,"href":"https:\/\/esreviral.com\/index.php?rest_route=\/wp\/v2\/posts\/86132\/revisions\/86139"}],"wp:featuredmedia":[{"embeddable":true,"href":"https:\/\/esreviral.com\/index.php?rest_route=\/wp\/v2\/media\/86133"}],"wp:attachment":[{"href":"https:\/\/esreviral.com\/index.php?rest_route=%2Fwp%2Fv2%2Fmedia&parent=86132"}],"wp:term":[{"taxonomy":"category","embeddable":true,"href":"https:\/\/esreviral.com\/index.php?rest_route=%2Fwp%2Fv2%2Fcategories&post=86132"},{"taxonomy":"post_tag","embeddable":true,"href":"https:\/\/esreviral.com\/index.php?rest_route=%2Fwp%2Fv2%2Ftags&post=86132"}],"curies":[{"name":"wp","href":"https:\/\/api.w.org\/{rel}","templated":true}]}}