{"id":86125,"date":"2026-01-09T12:13:31","date_gmt":"2026-01-09T17:13:31","guid":{"rendered":"https:\/\/esreviral.com\/?p=86125"},"modified":"2026-01-09T13:16:53","modified_gmt":"2026-01-09T18:16:53","slug":"diplomaticos-estadounidenses-aterrizan-en-venezuela-para-evaluar-reapertura-de-la-embajada","status":"publish","type":"post","link":"https:\/\/esreviral.com\/?p=86125","title":{"rendered":"Diplom\u00e1ticos estadounidenses aterrizan en Venezuela para evaluar reapertura de la embajada"},"content":{"rendered":"\n<p>Diplom\u00e1ticos estadounidenses llegaron este <strong>viernes a Caracas<\/strong> (Venezuela) para evaluar la posible <strong>reapertura de la Embajada de Estados Unidos<\/strong>, cerrada desde <strong>2019<\/strong>, inform\u00f3 a la agencia <strong>AFP<\/strong> un funcionario bajo condici\u00f3n de anonimato.<\/p>\n\n\n\n<p>El <strong>principal diplom\u00e1tico estadounidense en Colombia, John McNamara<\/strong>, viaj\u00f3 a la capital venezolana junto a otros miembros del personal diplom\u00e1tico con el objetivo de realizar una <strong>evaluaci\u00f3n inicial<\/strong> sobre una eventual <strong>reanudaci\u00f3n gradual de las operaciones<\/strong> de la sede diplom\u00e1tica.<\/p>\n\n\n\n<p class=\"has-text-align-center\"><strong><a href=\"https:\/\/chat.whatsapp.com\/KWkTmakY3I05kNdd2oZl6d\"><em>\u00daNETE A NUESTRO GRUPO DE WHATSAPP PARA ESTAR INFORMADO<\/em><\/a><\/strong><\/p>\n\n\n\n<p>La visita se produce luego del <strong>ataque lanzado por Estados Unidos en la madrugada del 3 de enero<\/strong>, que culmin\u00f3 con la <strong>captura de Nicol\u00e1s Maduro y de su esposa, Cilia Flores<\/strong>, quienes enfrentan en <strong>Nueva York cargos por narcoterrorismo<\/strong>.<\/p>\n\n\n\n<p>Tras esos hechos, <strong>Delcy Rodr\u00edguez asumi\u00f3 el gobierno interino<\/strong> y expres\u00f3 su <strong>disposici\u00f3n a colaborar<\/strong> con la administraci\u00f3n del presidente <strong>Donald Trump<\/strong>.<\/p>\n\n\n\n<h3 class=\"wp-block-heading\"><strong><mark style=\"background-color:rgba(0, 0, 0, 0)\" class=\"has-inline-color has-vivid-red-color\">Avi\u00f3n del Departamento de Estado en Caracas<\/mark><\/strong><\/h3>\n\n\n\n<p>Antes de que se confirmara oficialmente el viaje de los diplom\u00e1ticos, se conoci\u00f3 que un <strong>avi\u00f3n del Departamento de Estado<\/strong> aterriz\u00f3 en el <strong>Aeropuerto Internacional Sim\u00f3n Bol\u00edvar de Maiquet\u00eda<\/strong>, seg\u00fan registros del portal <strong>Flightradar<\/strong>.<\/p>\n\n\n\n<p>La aeronave, identificada con la matr\u00edcula <strong>N569AW<\/strong>, corresponde a un <strong>De Havilland Canada Dash 8-300<\/strong>, utilizado habitualmente para el <strong>traslado de personal gubernamental y misiones oficiales<\/strong>, de acuerdo con plataformas de monitoreo de tr\u00e1fico a\u00e9reo.<\/p>\n\n\n\n<p class=\"has-text-align-center\"><em><strong><em><strong><em><strong><em><strong><a href=\"https:\/\/t.me\/esreviral\">\u00daNETE A NUESTRO CANAL DE TELEGRAM PARA ESTAR INFORMADO<\/a><\/strong><\/em><\/strong><\/em><\/strong><\/em><\/strong><\/em><\/p>\n\n\n\n<p class=\"has-text-align-center\"><strong><em><mark style=\"background-color:rgba(0, 0, 0, 0)\" class=\"has-inline-color has-vivid-red-color\"><a href=\"http:\/\/esreviral.com\/?p=86132\" data-type=\"link\" data-id=\"esreviral.com\/?p=86132\">Lea Tambi\u00e9n: Gobierno venezolano anunci\u00f3 conversaciones con EE. UU. para reactivar misiones diplom\u00e1ticas<\/a><\/mark><\/em><\/strong><\/p>\n\n\n\n<p>El avi\u00f3n despeg\u00f3 desde <strong>Willemstad, Curazao<\/strong>, y arrib\u00f3 a Caracas en la ma\u00f1ana de este viernes. El historial de vuelo indica que <strong>un d\u00eda antes hab\u00eda partido desde Miami<\/strong>.<\/p>\n\n\n\n<p>El <strong>domingo pasado<\/strong>, el presidente <strong>Donald Trump<\/strong> ya hab\u00eda anticipado su <strong>intenci\u00f3n de reabrir la Embajada de Estados Unidos en Caracas<\/strong>, en el marco de un eventual restablecimiento de relaciones diplom\u00e1ticas.<\/p>\n\n\n\n<p class=\"has-text-align-right\"><em><strong>Con Informaci\u00f3n de ElNacional.-<\/strong><\/em><\/p>\n","protected":false},"excerpt":{"rendered":"<p>John McNamara, el principal diplom\u00e1tico estadounidense en la vecina Colombia, y otros miembros del personal viajaron a la capital venezolana para realizar un estudio inicial<\/p>\n","protected":false},"author":3,"featured_media":85939,"comment_status":"closed","ping_status":"closed","sticky":false,"template":"","format":"standard","meta":{"jnews-multi-image_gallery":[],"jnews_single_post":{"format":"standard"},"jnews_primary_category":[],"jnews_social_meta":[],"jnews_review":[],"enable_review":"","type":"","name":"","summary":"","brand":"","sku":"","good":[],"bad":[],"score_override":"","override_value":"","rating":[],"price":[],"jnews_override_counter":[],"jnews_post_split":[],"footnotes":""},"categories":[59],"tags":[9196,38981,118,13673,38982,1068,56],"class_list":["post-86125","post","type-post","status-publish","format-standard","has-post-thumbnail","hentry","category-politica","tag-departamento-de-estado","tag-diplomaticos-estadounidenses","tag-embajada","tag-embajada-de-estados-unidos","tag-john-mcnamara","tag-nicolas-maduro","tag-venezuela"],"amp_enabled":true,"_links":{"self":[{"href":"https:\/\/esreviral.com\/index.php?rest_route=\/wp\/v2\/posts\/86125"}],"collection":[{"href":"https:\/\/esreviral.com\/index.php?rest_route=\/wp\/v2\/posts"}],"about":[{"href":"https:\/\/esreviral.com\/index.php?rest_route=\/wp\/v2\/types\/post"}],"author":[{"embeddable":true,"href":"https:\/\/esreviral.com\/index.php?rest_route=\/wp\/v2\/users\/3"}],"replies":[{"embeddable":true,"href":"https:\/\/esreviral.com\/index.php?rest_route=%2Fwp%2Fv2%2Fcomments&post=86125"}],"version-history":[{"count":2,"href":"https:\/\/esreviral.com\/index.php?rest_route=\/wp\/v2\/posts\/86125\/revisions"}],"predecessor-version":[{"id":86140,"href":"https:\/\/esreviral.com\/index.php?rest_route=\/wp\/v2\/posts\/86125\/revisions\/86140"}],"wp:featuredmedia":[{"embeddable":true,"href":"https:\/\/esreviral.com\/index.php?rest_route=\/wp\/v2\/media\/85939"}],"wp:attachment":[{"href":"https:\/\/esreviral.com\/index.php?rest_route=%2Fwp%2Fv2%2Fmedia&parent=86125"}],"wp:term":[{"taxonomy":"category","embeddable":true,"href":"https:\/\/esreviral.com\/index.php?rest_route=%2Fwp%2Fv2%2Fcategories&post=86125"},{"taxonomy":"post_tag","embeddable":true,"href":"https:\/\/esreviral.com\/index.php?rest_route=%2Fwp%2Fv2%2Ftags&post=86125"}],"curies":[{"name":"wp","href":"https:\/\/api.w.org\/{rel}","templated":true}]}}