{"id":86115,"date":"2026-01-09T11:10:31","date_gmt":"2026-01-09T16:10:31","guid":{"rendered":"https:\/\/esreviral.com\/?p=86115"},"modified":"2026-01-09T11:10:33","modified_gmt":"2026-01-09T16:10:33","slug":"arrestado-en-catar-un-colaborador-del-pollo-carvajal-a-peticion-de-la-justicia-espanola","status":"publish","type":"post","link":"https:\/\/esreviral.com\/?p=86115","title":{"rendered":"Arrestado en Catar un colaborador del Pollo Carvajal a petici\u00f3n de la justicia espa\u00f1ola"},"content":{"rendered":"\n<p>El venezolano <strong>Said Aurelio Cabrera Abraham<\/strong>, se\u00f1alado como estrecho colaborador del exjefe de Inteligencia venezolano <strong>Hugo Armando \u201cel Pollo\u201d Carvajal<\/strong>, fue arrestado en <strong>Catar<\/strong> en cumplimiento de una <strong>orden internacional de detenci\u00f3n<\/strong> emitida por la <strong>Audiencia Nacional de Espa\u00f1a<\/strong> con fines de extradici\u00f3n.<\/p>\n\n\n\n<p>Seg\u00fan adelant\u00f3 el diario <em>El Pa\u00eds<\/em> y confirmaron a <strong>EFE<\/strong> fuentes jur\u00eddicas, la polic\u00eda catar\u00ed detuvo al exmilitar el <strong>9 de diciembre<\/strong>, a pedido de la justicia espa\u00f1ola, que lo investiga por su presunta participaci\u00f3n en un <strong>complejo entramado de blanqueo de capitales<\/strong> y en <strong>al menos dos operaciones fraudulentas<\/strong> destinadas al saqueo de fondos de la empresa estatal <strong>Petr\u00f3leos de Venezuela (PDVSA)<\/strong>.<\/p>\n\n\n\n<p class=\"has-text-align-center\"><strong><a href=\"https:\/\/chat.whatsapp.com\/KWkTmakY3I05kNdd2oZl6d\"><em>\u00daNETE A NUESTRO GRUPO DE WHATSAPP PARA ESTAR INFORMADO<\/em><\/a><\/strong><\/p>\n\n\n<div class=\"wp-block-image\">\n<figure class=\"aligncenter size-large\"><img decoding=\"async\" src=\"https:\/\/www.infobae.com\/resizer\/v2\/ENM6WNMOQFAU7LBOW5I7YA7OZ4.jpeg?auth=cb86cf6b75338189f56116c5b080c377694caeb8d28131961c0b7143b930688e&amp;smart=true&amp;width=992&amp;height=558&amp;quality=85\" alt=\"\"\/><figcaption class=\"wp-element-caption\">Said Aurelio Cabrera Abraham<\/figcaption><\/figure><\/div>\n\n\n<p><\/p>\n\n\n\n<p>Una de las maniobras bajo investigaci\u00f3n habr\u00eda consistido en la <strong>compra de veh\u00edculos por el doble de su valor real<\/strong>, mientras que la otra involucr\u00f3 la <strong>instalaci\u00f3n de un sistema de videovigilancia<\/strong>, cuyos fondos \u2014m\u00e1s de <strong>seis millones de euros<\/strong>\u2014 habr\u00edan terminado en cuentas controladas por Cabrera Abraham.<\/p>\n\n\n\n<p>La investigaci\u00f3n se enmarca en una causa abierta por la Audiencia Nacional en <strong>2021<\/strong>, declarada secreta, a partir de las <strong>confesiones voluntarias de \u201cel Pollo\u201d Carvajal<\/strong> antes de ser extraditado desde Espa\u00f1a a Estados Unidos por delitos de narcotr\u00e1fico vinculados al <strong>C\u00e1rtel de los Soles<\/strong>. En ese contexto, Carvajal entreg\u00f3 documentaci\u00f3n al entonces juez <strong>Manuel Garc\u00eda Castell\u00f3n<\/strong>, hoy jubilado, sobre presuntas irregularidades en pagos de Pdvsa a personas vinculadas al chavismo y a exdirigentes del partido espa\u00f1ol <strong>Podemos<\/strong>, entre ellos <strong>Juan Carlos Monedero<\/strong>.<\/p>\n\n\n\n<p>En esta misma causa, y por la supuesta venta fraudulenta de veh\u00edculos, fue detenido en <strong>2024<\/strong> el empresario venezolano <strong>Jos\u00e9 Roberto Rinc\u00f3n<\/strong>, junto a otra persona, en una operaci\u00f3n contra el blanqueo de capitales vinculados a Venezuela, que incluy\u00f3 <strong>cuatro allanamientos en zonas exclusivas de Madrid<\/strong>.<\/p>\n\n\n\n<p>El padre de Rinc\u00f3n, el magnate <strong>Roberto Rinc\u00f3n<\/strong>, tambi\u00e9n es investigado en Estados Unidos por el presunto <strong>desv\u00edo y lavado de m\u00e1s de mil millones de d\u00f3lares<\/strong> provenientes de la petrolera estatal venezolana.<\/p>\n\n\n\n<p class=\"has-text-align-center\"><em><strong><em><strong><em><strong><em><strong><a href=\"https:\/\/t.me\/esreviral\">\u00daNETE A NUESTRO CANAL DE TELEGRAM PARA ESTAR INFORMADO<\/a><\/strong><\/em><\/strong><\/em><\/strong><\/em><\/strong><\/em><\/p>\n\n\n\n<p>Durante aquella operaci\u00f3n, seg\u00fan <em>El Pa\u00eds<\/em>, tambi\u00e9n fue registrado un <strong>inmueble de Said Cabrera en Portugal<\/strong>, aunque en ese momento no se logr\u00f3 dar con su paradero, lo que llev\u00f3 a la justicia espa\u00f1ola a ordenar su <strong>detenci\u00f3n internacional con fines de extradici\u00f3n<\/strong>.<\/p>\n\n\n\n<p class=\"has-text-align-right\"><strong><em>Con Informaci\u00f3n de ElNacional.-<\/em><\/strong><\/p>\n","protected":false},"excerpt":{"rendered":"<p>La investigaci\u00f3n sobre el exmilitar venezolano Said Aurelio Cabrera Abraham se encuadra en la causa que abri\u00f3 la Audiencia Nacional en 2021<\/p>\n","protected":false},"author":3,"featured_media":86116,"comment_status":"closed","ping_status":"closed","sticky":false,"template":"","format":"standard","meta":{"jnews-multi-image_gallery":[],"jnews_single_post":{"format":"standard"},"jnews_primary_category":[],"jnews_social_meta":[],"jnews_review":[],"enable_review":"","type":"","name":"","summary":"","brand":"","sku":"","good":[],"bad":[],"score_override":"","override_value":"","rating":[],"price":[],"jnews_override_counter":[],"jnews_post_split":[],"footnotes":""},"categories":[88],"tags":[38979,3503,1068,45,3623,38980,56],"class_list":["post-86115","post","type-post","status-publish","format-standard","has-post-thumbnail","hentry","category-internacionales","tag-catar","tag-mundo","tag-nicolas-maduro","tag-noticias","tag-pollo-carvajal","tag-said-aurelio-cabrera-abraham","tag-venezuela"],"amp_enabled":true,"_links":{"self":[{"href":"https:\/\/esreviral.com\/index.php?rest_route=\/wp\/v2\/posts\/86115"}],"collection":[{"href":"https:\/\/esreviral.com\/index.php?rest_route=\/wp\/v2\/posts"}],"about":[{"href":"https:\/\/esreviral.com\/index.php?rest_route=\/wp\/v2\/types\/post"}],"author":[{"embeddable":true,"href":"https:\/\/esreviral.com\/index.php?rest_route=\/wp\/v2\/users\/3"}],"replies":[{"embeddable":true,"href":"https:\/\/esreviral.com\/index.php?rest_route=%2Fwp%2Fv2%2Fcomments&post=86115"}],"version-history":[{"count":1,"href":"https:\/\/esreviral.com\/index.php?rest_route=\/wp\/v2\/posts\/86115\/revisions"}],"predecessor-version":[{"id":86117,"href":"https:\/\/esreviral.com\/index.php?rest_route=\/wp\/v2\/posts\/86115\/revisions\/86117"}],"wp:featuredmedia":[{"embeddable":true,"href":"https:\/\/esreviral.com\/index.php?rest_route=\/wp\/v2\/media\/86116"}],"wp:attachment":[{"href":"https:\/\/esreviral.com\/index.php?rest_route=%2Fwp%2Fv2%2Fmedia&parent=86115"}],"wp:term":[{"taxonomy":"category","embeddable":true,"href":"https:\/\/esreviral.com\/index.php?rest_route=%2Fwp%2Fv2%2Fcategories&post=86115"},{"taxonomy":"post_tag","embeddable":true,"href":"https:\/\/esreviral.com\/index.php?rest_route=%2Fwp%2Fv2%2Ftags&post=86115"}],"curies":[{"name":"wp","href":"https:\/\/api.w.org\/{rel}","templated":true}]}}