{"id":86101,"date":"2026-01-09T08:59:10","date_gmt":"2026-01-09T13:59:10","guid":{"rendered":"https:\/\/esreviral.com\/?p=86101"},"modified":"2026-01-09T17:09:59","modified_gmt":"2026-01-09T22:09:59","slug":"lo-acusaron-de-abusar-de-una-pasajera-lo-bajaron-del-autobus-y-lo-golpearon","status":"publish","type":"post","link":"https:\/\/esreviral.com\/?p=86101","title":{"rendered":"Lo acusaron de abusar de una pasajera, lo bajaron del autob\u00fas y lo golpearon"},"content":{"rendered":"\n<p>Un episodio de violencia se registr\u00f3 en <strong>Caseros<\/strong> cuando un hombre fue acusado de <strong>abusar de una pasajera<\/strong> a bordo de un autob\u00fas de la <strong>l\u00ednea 53<\/strong>.<\/p>\n\n\n\n<p class=\"has-text-align-center\"><strong><a href=\"https:\/\/chat.whatsapp.com\/KWkTmakY3I05kNdd2oZl6d\"><em>\u00daNETE A NUESTRO GRUPO DE WHATSAPP PARA ESTAR INFORMADO<\/em><\/a><\/strong><\/p>\n\n\n\n<figure class=\"wp-block-embed is-type-rich is-provider-twitter wp-block-embed-twitter\"><div class=\"wp-block-embed__wrapper\">\n<blockquote class=\"twitter-tweet\" data-width=\"500\" data-dnt=\"true\"><p lang=\"es\" dir=\"ltr\">\ud83d\udea8 DENUNCIA, TROMPADA Y PATADAS<br>&#8211; Un hombre fue denunciado por manosear a una mujer en el colectivo<br>&#8211; Lo bajaron, lo fajaron y lo terminaron llevando preso<br>\ud83d\udccd Caseros<br>\u27a1\ufe0f Video de &quot;El Canciller&quot; <a href=\"https:\/\/t.co\/tr2svxjXgd\">pic.twitter.com\/tr2svxjXgd<\/a><\/p>&mdash; V\u00eda Szeta (@mauroszeta) <a href=\"https:\/\/twitter.com\/mauroszeta\/status\/2009608904603492384?ref_src=twsrc%5Etfw\">January 9, 2026<\/a><\/blockquote><script async src=\"https:\/\/platform.twitter.com\/widgets.js\" charset=\"utf-8\"><\/script>\n<\/div><\/figure>\n\n\n\n<p>De acuerdo con el testimonio de testigos, la situaci\u00f3n se desencaden\u00f3 cuando una mujer denunci\u00f3 que el sujeto habr\u00eda intentado <strong>tocarla de manera indebida<\/strong> durante el trayecto. La acusaci\u00f3n gener\u00f3 una reacci\u00f3n inmediata: otros pasajeros y personas que se encontraban en las inmediaciones <strong>lo obligaron a descender del veh\u00edculo<\/strong> y lo agredieron f\u00edsicamente en la v\u00eda p\u00fablica.<\/p>\n\n\n\n<p>Seg\u00fan los relatos recogidos en el lugar, el conductor del autob\u00fas abri\u00f3 la puerta de la unidad al percatarse de lo ocurrido, lo que permiti\u00f3 que el acusado fuera bajado del veh\u00edculo en medio de un clima de extrema tensi\u00f3n.<\/p>\n\n\n\n<p>En un intento por escapar, el hombre habr\u00eda tratado de ingresar a una f\u00e1brica cercana para refugiarse. No obstante, los trabajadores del lugar <strong>le impidieron el acceso<\/strong>, lo golpearon y le cerraron la puerta.<\/p>\n\n\n\n<p>Las im\u00e1genes del hecho muestran la indignaci\u00f3n de las personas presentes, quienes mantuvieron al sospechoso reducido hasta la llegada de las autoridades. Testigos se\u00f1alaron que <strong>no ten\u00edan informaci\u00f3n sobre el estado de la presunta v\u00edctima<\/strong>, quien ser\u00eda menor de edad.<\/p>\n\n\n\n<p class=\"has-text-align-center\"><em><strong><em><strong><em><strong><em><strong><a href=\"https:\/\/t.me\/esreviral\">\u00daNETE A NUESTRO CANAL DE TELEGRAM PARA ESTAR INFORMADO<\/a><\/strong><\/em><\/strong><\/em><\/strong><\/em><\/strong><\/em><\/p>\n\n\n\n<p>Minutos despu\u00e9s, efectivos policiales arribaron al sitio y <strong>detuvieron al presunto agresor<\/strong>, que presentaba visibles signos de haber sido golpeado por varias personas.<\/p>\n\n\n\n<p class=\"has-text-align-right\"><strong><em>Con Informaci\u00f3n de TN.-<\/em><\/strong><\/p>\n","protected":false},"excerpt":{"rendered":"<p>Ocurri\u00f3 en una unidad de la l\u00ednea 53. El hombre intent\u00f3 escapar y meterse en una f\u00e1brica, pero los trabajadores le cerraron la puerta en la cara. Fue detenido por la Polic\u00eda.<\/p>\n","protected":false},"author":3,"featured_media":86102,"comment_status":"closed","ping_status":"closed","sticky":false,"template":"","format":"standard","meta":{"jnews-multi-image_gallery":[],"jnews_single_post":{"format":"standard"},"jnews_primary_category":[],"jnews_social_meta":[],"jnews_review":[],"enable_review":"","type":"","name":"","summary":"","brand":"","sku":"","good":[],"bad":[],"score_override":"","override_value":"","rating":[],"price":[],"jnews_override_counter":[],"jnews_post_split":[],"footnotes":""},"categories":[58,64],"tags":[529,1212,45,3369],"class_list":["post-86101","post","type-post","status-publish","format-standard","has-post-thumbnail","hentry","category-argentina","category-sucesos","tag-abuso","tag-caseros","tag-noticias","tag-paliza"],"amp_enabled":true,"_links":{"self":[{"href":"https:\/\/esreviral.com\/index.php?rest_route=\/wp\/v2\/posts\/86101"}],"collection":[{"href":"https:\/\/esreviral.com\/index.php?rest_route=\/wp\/v2\/posts"}],"about":[{"href":"https:\/\/esreviral.com\/index.php?rest_route=\/wp\/v2\/types\/post"}],"author":[{"embeddable":true,"href":"https:\/\/esreviral.com\/index.php?rest_route=\/wp\/v2\/users\/3"}],"replies":[{"embeddable":true,"href":"https:\/\/esreviral.com\/index.php?rest_route=%2Fwp%2Fv2%2Fcomments&post=86101"}],"version-history":[{"count":2,"href":"https:\/\/esreviral.com\/index.php?rest_route=\/wp\/v2\/posts\/86101\/revisions"}],"predecessor-version":[{"id":86175,"href":"https:\/\/esreviral.com\/index.php?rest_route=\/wp\/v2\/posts\/86101\/revisions\/86175"}],"wp:featuredmedia":[{"embeddable":true,"href":"https:\/\/esreviral.com\/index.php?rest_route=\/wp\/v2\/media\/86102"}],"wp:attachment":[{"href":"https:\/\/esreviral.com\/index.php?rest_route=%2Fwp%2Fv2%2Fmedia&parent=86101"}],"wp:term":[{"taxonomy":"category","embeddable":true,"href":"https:\/\/esreviral.com\/index.php?rest_route=%2Fwp%2Fv2%2Fcategories&post=86101"},{"taxonomy":"post_tag","embeddable":true,"href":"https:\/\/esreviral.com\/index.php?rest_route=%2Fwp%2Fv2%2Ftags&post=86101"}],"curies":[{"name":"wp","href":"https:\/\/api.w.org\/{rel}","templated":true}]}}