{"id":86038,"date":"2026-01-08T12:38:16","date_gmt":"2026-01-08T17:38:16","guid":{"rendered":"https:\/\/esreviral.com\/?p=86038"},"modified":"2026-01-08T12:55:54","modified_gmt":"2026-01-08T17:55:54","slug":"milei-recibio-a-una-referente-opositora-en-la-casa-rosada-por-la-transicion-politica-en-venezuela","status":"publish","type":"post","link":"https:\/\/esreviral.com\/?p=86038","title":{"rendered":"Milei recibi\u00f3 a una referente venezolana en la Casa Rosada por la transici\u00f3n pol\u00edtica en Venezuela"},"content":{"rendered":"\n<p><strong>El presidente de la Naci\u00f3n, Javier Milei, recibi\u00f3 este jueves en la Casa Rosada a la activista venezolano-argentina Elisa Trotta<\/strong>, secretaria general del Foro Argentino para la Defensa de la Democracia (FADD), junto al <strong>canciller Pablo Quirno<\/strong>. Durante el encuentro, analizaron el escenario abierto en Venezuela tras la captura y extracci\u00f3n de Nicol\u00e1s Maduro en una operaci\u00f3n llevada a cabo por fuerzas estadounidenses.<\/p>\n\n\n\n<p>En la reuni\u00f3n se destac\u00f3 la relevancia hist\u00f3rica del momento que atraviesa Venezuela, no solo de cara a su reconstrucci\u00f3n democr\u00e1tica, sino tambi\u00e9n por su impacto en la estabilidad pol\u00edtica, la seguridad regional y la vigencia del sistema interamericano de derechos humanos. La salida del actual gobierno representa, seg\u00fan se\u00f1alaron, una oportunidad clave para revertir d\u00e9cadas de autoritarismo, expansi\u00f3n del crimen organizado transnacional y desestabilizaci\u00f3n regional.<\/p>\n\n\n\n<p class=\"has-text-align-center\"><strong><a href=\"https:\/\/chat.whatsapp.com\/KWkTmakY3I05kNdd2oZl6d\"><em>\u00daNETE A NUESTRO GRUPO DE WHATSAPP PARA ESTAR INFORMADO<\/em><\/a><\/strong><\/p>\n\n\n\n<blockquote class=\"twitter-tweet\"><p lang=\"es\" dir=\"ltr\">Junto al presidente <a href=\"https:\/\/twitter.com\/JMilei?ref_src=twsrc%5Etfw\">@JMilei<\/a> conversamos sobre la transici\u00f3n que debe iniciarse en Venezuela, un proceso que tendr\u00e1 un impacto positivo en toda la regi\u00f3n.<br><br>Es imprescindible desmontar todo el aparato de represi\u00f3n y poner fin al terrorismo de Estado. Ese ser\u00e1, junto con la\u2026 <a href=\"https:\/\/t.co\/yA3Y0NeN1k\">pic.twitter.com\/yA3Y0NeN1k<\/a><\/p>&mdash; Elisa Trotta (@EliTrotta) <a href=\"https:\/\/twitter.com\/EliTrotta\/status\/2009314725889507817?ref_src=twsrc%5Etfw\">January 8, 2026<\/a><\/blockquote> <script async src=\"https:\/\/platform.twitter.com\/widgets.js\" charset=\"utf-8\"><\/script>\n\n\n\n<p><\/p>\n\n\n\n<p>Trotta agradeci\u00f3 el respaldo del presidente Milei y del pueblo argentino a la causa de la libertad en Venezuela. \u201cArgentina ha sido el principal aliado de la libertad en Am\u00e9rica Latina. Nunca olvidaremos su compromiso con la restituci\u00f3n de la democracia en Venezuela ni la solidaridad con la que recibieron a millones de venezolanos forzados al exilio\u201d, expres\u00f3.<\/p>\n\n\n\n<p>Asimismo, remarc\u00f3 que una transici\u00f3n aut\u00e9ntica solo ser\u00e1 posible si se cumplen condiciones m\u00ednimas e inmediatas, entre ellas la liberaci\u00f3n de todos los presos pol\u00edticos \u2014incluidos m\u00e1s de 80 rehenes extranjeros\u2014, el cierre de los centros de detenci\u00f3n y tortura, como El Helicoide, el desmantelamiento del aparato represivo, el cese de la persecuci\u00f3n pol\u00edtica y la garant\u00eda del retorno seguro de los exiliados.<\/p>\n\n\n\n<p>\u201cLo que est\u00e1 en juego no es solo el futuro de Venezuela, sino un mensaje claro para toda la regi\u00f3n: las dictaduras no son eternas y los cr\u00edmenes de lesa humanidad no quedan impunes. La comunidad internacional debe actuar de manera unida para que Venezuela avance hacia una transici\u00f3n democr\u00e1tica real, plena y sostenible\u201d, subray\u00f3 Trotta.<\/p>\n\n\n\n<p>Del encuentro tambi\u00e9n particip\u00f3 la diputada nacional Sabrina Ajmechet, presidenta de la Comisi\u00f3n de Derechos Humanos de la C\u00e1mara de Diputados, quien afirm\u00f3 que \u201cacompa\u00f1ar la lucha del pueblo venezolano no es una opci\u00f3n pol\u00edtica, sino un deber moral. La neutralidad frente a un gobierno que secuestra, tortura y asesina equivale a complicidad. Venezuela necesita su \u2018Nunca M\u00e1s\u2019, como lo logr\u00f3 Argentina\u201d.<\/p>\n\n\n\n<p class=\"has-text-align-center\"><em><strong><em><strong><em><strong><em><strong><a href=\"https:\/\/t.me\/esreviral\">\u00daNETE A NUESTRO CANAL DE TELEGRAM PARA ESTAR INFORMADO<\/a><\/strong><\/em><\/strong><\/em><\/strong><\/em><\/strong><\/em><\/p>\n\n\n\n<p>Ajmechet record\u00f3 adem\u00e1s que \u201cla gesti\u00f3n de Maduro no fue ajena a la pol\u00edtica interna argentina: el caso Antonini Wilson, el financiamiento al kirchnerismo y la penetraci\u00f3n de reg\u00edmenes autoritarios como Rusia e Ir\u00e1n en la regi\u00f3n forman parte de ese legado\u201d. En ese sentido, sostuvo que la detenci\u00f3n de Maduro \u201cmarca tambi\u00e9n el inicio de una correcci\u00f3n hist\u00f3rica para toda Am\u00e9rica Latina\u201d.<\/p>\n\n\n\n<p class=\"has-text-align-right\"><strong><em>Prensa.-<\/em><\/strong><\/p>\n","protected":false},"excerpt":{"rendered":"<p>Tras la captura de Maduro y en medio de la convulsi\u00f3n en el pa\u00eds caribe\u00f1o, el Presidente se encontr\u00f3 con la exfuncionaria venezolana. Luego del encuentro, la dirigente dijo que espera que la liberaci\u00f3n de los presos pol\u00edticos sea \u201clo m\u00e1s pronto posible y garantizando la seguridad de esas personas\u201d.<\/p>\n","protected":false},"author":3,"featured_media":86039,"comment_status":"closed","ping_status":"closed","sticky":false,"template":"","format":"standard","meta":{"jnews-multi-image_gallery":[],"jnews_single_post":{"format":"standard"},"jnews_primary_category":[],"jnews_social_meta":[],"jnews_review":[],"enable_review":"","type":"","name":"","summary":"","brand":"","sku":"","good":[],"bad":[],"score_override":"","override_value":"","rating":[],"price":[],"jnews_override_counter":[],"jnews_post_split":[],"footnotes":""},"categories":[58,59,5892],"tags":[44,38918,1158,45,37065,67],"class_list":["post-86038","post","type-post","status-publish","format-standard","has-post-thumbnail","hentry","category-argentina","category-politica","category-venezolanos-en-argentina","tag-argentina","tag-elisa-trotta-gamus","tag-javier-milei","tag-noticias","tag-pablo-quirno","tag-venezolanos-en-argentina"],"amp_enabled":true,"_links":{"self":[{"href":"https:\/\/esreviral.com\/index.php?rest_route=\/wp\/v2\/posts\/86038"}],"collection":[{"href":"https:\/\/esreviral.com\/index.php?rest_route=\/wp\/v2\/posts"}],"about":[{"href":"https:\/\/esreviral.com\/index.php?rest_route=\/wp\/v2\/types\/post"}],"author":[{"embeddable":true,"href":"https:\/\/esreviral.com\/index.php?rest_route=\/wp\/v2\/users\/3"}],"replies":[{"embeddable":true,"href":"https:\/\/esreviral.com\/index.php?rest_route=%2Fwp%2Fv2%2Fcomments&post=86038"}],"version-history":[{"count":3,"href":"https:\/\/esreviral.com\/index.php?rest_route=\/wp\/v2\/posts\/86038\/revisions"}],"predecessor-version":[{"id":86046,"href":"https:\/\/esreviral.com\/index.php?rest_route=\/wp\/v2\/posts\/86038\/revisions\/86046"}],"wp:featuredmedia":[{"embeddable":true,"href":"https:\/\/esreviral.com\/index.php?rest_route=\/wp\/v2\/media\/86039"}],"wp:attachment":[{"href":"https:\/\/esreviral.com\/index.php?rest_route=%2Fwp%2Fv2%2Fmedia&parent=86038"}],"wp:term":[{"taxonomy":"category","embeddable":true,"href":"https:\/\/esreviral.com\/index.php?rest_route=%2Fwp%2Fv2%2Fcategories&post=86038"},{"taxonomy":"post_tag","embeddable":true,"href":"https:\/\/esreviral.com\/index.php?rest_route=%2Fwp%2Fv2%2Ftags&post=86038"}],"curies":[{"name":"wp","href":"https:\/\/api.w.org\/{rel}","templated":true}]}}