{"id":86035,"date":"2026-01-08T12:26:14","date_gmt":"2026-01-08T17:26:14","guid":{"rendered":"https:\/\/esreviral.com\/?p=86035"},"modified":"2026-01-08T12:26:15","modified_gmt":"2026-01-08T17:26:15","slug":"cilia-y-maduro-duermen-en-un-colchon-muy-delgado-sobre-una-losa-de-metal","status":"publish","type":"post","link":"https:\/\/esreviral.com\/?p=86035","title":{"rendered":"Cilia y Maduro duermen en un colch\u00f3n muy delgado sobre una losa de metal"},"content":{"rendered":"\n<p><strong>Nicol\u00e1s Maduro y su esposa, Cilia Flores, reciben visitas diarias del personal de salud en el Centro de Detenci\u00f3n Metropolitano de Brooklyn (MDC, por sus siglas en ingl\u00e9s), de acuerdo con el manual de la Oficina Federal de Prisiones de Estados Unidos.<\/strong><\/p>\n\n\n\n<p>La rutina diaria de ambos incluye una llamada de despertador a las 6 de la ma\u00f1ana, tiempo programado para reunirse con sus abogados y per\u00edodos de ejercicio al aire libre que suman cinco horas semanales. Por razones de seguridad, el matrimonio se encontrar\u00eda alojado en sectores separados del resto de la poblaci\u00f3n carcelaria.<\/p>\n\n\n\n<p class=\"has-text-align-center\"><strong><a href=\"https:\/\/chat.whatsapp.com\/KWkTmakY3I05kNdd2oZl6d\"><em>\u00daNETE A NUESTRO GRUPO DE WHATSAPP PARA ESTAR INFORMADO<\/em><\/a><\/strong><\/p>\n\n\n\n<p><strong><em>\u201cRealmente es un infierno<\/em><\/strong>\u201d, describi\u00f3 a CNN el consultor de prisiones federales Sam Mangel. \u201c<strong><em>Hay muy poco aire acondicionado y escasa calefacci\u00f3n. Cada recluso recibe una manta de lana y duerme sobre un colch\u00f3n muy delgado con una almohada de apenas cinco cent\u00edmetros, colocados sobre una losa de metal\u201d.<\/em><\/strong><\/p>\n\n\n\n<p>Maduro y Flores se convirtieron en los detenidos de alto perfil m\u00e1s recientes alojados en esta c\u00e1rcel federal, que arrastra un historial documentado de cortes de energ\u00eda, falta de personal y reiteradas denuncias por las condiciones de detenci\u00f3n.<\/p>\n\n\n\n<p><strong>CNN no pudo confirmar con precisi\u00f3n el trato que recibe la pareja. <\/strong>Ni las autoridades penitenciarias ni los abogados defensores respondieron a las solicitudes de comentarios.<\/p>\n\n\n\n<h3 class=\"wp-block-heading\"><strong><mark style=\"background-color:rgba(0, 0, 0, 0)\" class=\"has-inline-color has-vivid-red-color\">Separados y bajo estricta custodia<\/mark><\/strong><\/h3>\n\n\n\n<p>La Oficina Federal de Prisiones no brinda informaci\u00f3n sobre detenidos en curso, pero Mangel sostuvo que, con alta probabilidad, Maduro y Flores est\u00e1n alojados en \u00e1reas segregadas, en celdas individuales y fuera de la poblaci\u00f3n general.<\/p>\n\n\n\n<p>\u201cEn su caso, \u00e9l representa un riesgo de seguridad\u201d, explic\u00f3. \u201cNo se sabe c\u00f3mo podr\u00edan reaccionar otros reclusos, miembros de pandillas o de carteles. Integrarlo a la poblaci\u00f3n general implicar\u00eda un riesgo enorme para la instalaci\u00f3n\u201d.<\/p>\n\n\n\n<p>Antes de su captura por fuerzas estadounidenses, el matrimonio resid\u00eda en el Palacio de Miraflores, una amplia residencia presidencial de arquitectura neocl\u00e1sica, con salones monumentales, grandes ventanales y patios cuidados. Hoy, forman parte de la poblaci\u00f3n detenida del MDC, integrada por acusados de delitos graves, casos de alto perfil y personas a la espera de sentencia o traslado.<\/p>\n\n\n\n<p>En su primera comparecencia ante un tribunal de Nueva York, el lunes, ambos se declararon inocentes de los cargos vinculados al narcotr\u00e1fico y a delitos con armas, y decidieron no impugnar, por el momento, su detenci\u00f3n.<\/p>\n\n\n\n<p>El juez record\u00f3 a la pareja que, como ciudadanos venezolanos, tienen derecho a comunicarse con funcionarios consulares de su pa\u00eds, y solicit\u00f3 a la fiscal\u00eda que informe cu\u00e1ndo y c\u00f3mo se garantizar\u00e1 ese contacto.<\/p>\n\n\n\n<h3 class=\"wp-block-heading\"><strong><mark style=\"background-color:rgba(0, 0, 0, 0)\" class=\"has-inline-color has-vivid-red-color\">Aislamiento y confinamiento<\/mark><\/strong><\/h3>\n\n\n\n<p>Es poco probable que Maduro y Flores mantengan contacto regular entre s\u00ed, salvo que coincidan en sus reuniones con los abogados, explic\u00f3 Hugh Hurwitz, exdirector interino de la Oficina Federal de Prisiones entre 2018 y 2019.<\/p>\n\n\n\n<p>Seg\u00fan Hurwitz, Maduro podr\u00eda pasar parte del tiempo en una peque\u00f1a \u00e1rea recreativa dentro del penal, considerablemente m\u00e1s reducida que la de otras instalaciones de mayor tama\u00f1o.<\/p>\n\n\n\n<p>Los reclusos alojados en la Unidad de Vivienda Especial (SHU), donde probablemente se encuentre Maduro, permanecen bajo condiciones de confinamiento estricto, explic\u00f3 a CNN Daniel McGuinness, abogado penalista y especialista en litigios de derechos civiles.<\/p>\n\n\n\n<p>En ese r\u00e9gimen, los internos pueden pasar hasta 23 horas diarias encerrados en sus celdas, con protocolos de escolta estrictos para cualquier traslado y acceso limitado a llamadas legales, de acuerdo con un informe del Departamento de Justicia.<\/p>\n\n\n\n<p>\u201cNo s\u00e9 si estar\u00e1 encerrado 23 horas al d\u00eda, pero sin dudas se trata de una unidad de m\u00e1xima seguridad, donde nadie puede acceder a \u00e9l sin autorizaci\u00f3n\u201d, se\u00f1al\u00f3 Hurwitz. \u201cSi llega a compartir espacio con otro recluso, ser\u00e1 alguien previamente evaluado y considerado de bajo riesgo\u201d.<\/p>\n\n\n\n<p>El MDC es descrito tanto por abogados como por detenidos como una c\u00e1rcel con condiciones \u201chorribles\u201d y \u201casquerosas\u201d. En 2024, dos reclusos fueron asesinados por otros internos con armas improvisadas, seg\u00fan fiscales federales.<\/p>\n\n\n\n<p class=\"has-text-align-center\"><em><strong><em><strong><em><strong><em><strong><a href=\"https:\/\/t.me\/esreviral\">\u00daNETE A NUESTRO CANAL DE TELEGRAM PARA ESTAR INFORMADO<\/a><\/strong><\/em><\/strong><\/em><\/strong><\/em><\/strong><\/em><\/p>\n\n\n\n<p>Hurwitz remarc\u00f3 que las autoridades penitenciarias extremar\u00e1n los recaudos de seguridad para evitar un episodio similar al de Jeffrey Epstein, quien se suicid\u00f3 en 2019 en un centro de detenci\u00f3n preventiva de Manhattan que luego fue cerrado.<\/p>\n\n\n\n<p><strong><em>\u201cNo pueden permitirse otro caso como el de Epstein\u201d, concluy\u00f3.<\/em><\/strong><\/p>\n\n\n\n<p class=\"has-text-align-center\"><strong><em>Con Informaci\u00f3n de diarioversionfinal.com.-<\/em><\/strong><\/p>\n","protected":false},"excerpt":{"rendered":"<p>El l\u00edder socialista, seg\u00fan un reportaje de CNN, tiene visitas diarias de sus abogados y personal de salud en la prisi\u00f3n de Brooklyn<br \/>\n. Estar\u00eda separado de Cilia Flores, su esposa, por razones de seguridad. Sus jornadas diarias incluyen una llamada de despertador a las 6:00., con tiempo programado para reunirse con sus abogados y ejercicios al aire libre distribuidos durante cinco horas a la semana.<\/p>\n","protected":false},"author":3,"featured_media":86036,"comment_status":"closed","ping_status":"closed","sticky":false,"template":"","format":"standard","meta":{"jnews-multi-image_gallery":[],"jnews_single_post":{"format":"standard"},"jnews_primary_category":[],"jnews_social_meta":[],"jnews_review":[],"enable_review":"","type":"","name":"","summary":"","brand":"","sku":"","good":[],"bad":[],"score_override":"","override_value":"","rating":[],"price":[],"jnews_override_counter":[],"jnews_post_split":[],"footnotes":""},"categories":[88],"tags":[17596,13075,38917,136,1068,45],"class_list":["post-86035","post","type-post","status-publish","format-standard","has-post-thumbnail","hentry","category-internacionales","tag-brooklyn","tag-cilia-flores","tag-cilia-y-maduro","tag-estados-unidos","tag-nicolas-maduro","tag-noticias"],"amp_enabled":true,"_links":{"self":[{"href":"https:\/\/esreviral.com\/index.php?rest_route=\/wp\/v2\/posts\/86035"}],"collection":[{"href":"https:\/\/esreviral.com\/index.php?rest_route=\/wp\/v2\/posts"}],"about":[{"href":"https:\/\/esreviral.com\/index.php?rest_route=\/wp\/v2\/types\/post"}],"author":[{"embeddable":true,"href":"https:\/\/esreviral.com\/index.php?rest_route=\/wp\/v2\/users\/3"}],"replies":[{"embeddable":true,"href":"https:\/\/esreviral.com\/index.php?rest_route=%2Fwp%2Fv2%2Fcomments&post=86035"}],"version-history":[{"count":1,"href":"https:\/\/esreviral.com\/index.php?rest_route=\/wp\/v2\/posts\/86035\/revisions"}],"predecessor-version":[{"id":86037,"href":"https:\/\/esreviral.com\/index.php?rest_route=\/wp\/v2\/posts\/86035\/revisions\/86037"}],"wp:featuredmedia":[{"embeddable":true,"href":"https:\/\/esreviral.com\/index.php?rest_route=\/wp\/v2\/media\/86036"}],"wp:attachment":[{"href":"https:\/\/esreviral.com\/index.php?rest_route=%2Fwp%2Fv2%2Fmedia&parent=86035"}],"wp:term":[{"taxonomy":"category","embeddable":true,"href":"https:\/\/esreviral.com\/index.php?rest_route=%2Fwp%2Fv2%2Fcategories&post=86035"},{"taxonomy":"post_tag","embeddable":true,"href":"https:\/\/esreviral.com\/index.php?rest_route=%2Fwp%2Fv2%2Ftags&post=86035"}],"curies":[{"name":"wp","href":"https:\/\/api.w.org\/{rel}","templated":true}]}}