{"id":86011,"date":"2026-01-08T09:11:58","date_gmt":"2026-01-08T14:11:58","guid":{"rendered":"https:\/\/esreviral.com\/?p=86011"},"modified":"2026-01-08T09:11:59","modified_gmt":"2026-01-08T14:11:59","slug":"encuentro-bilateral-milei-y-la-presidenta-de-la-comunidad-de-madrid-analizaron-la-crisis-venezolana","status":"publish","type":"post","link":"https:\/\/esreviral.com\/?p=86011","title":{"rendered":"Encuentro bilateral: Milei y la presidenta de la Comunidad de Madrid analizaron la crisis venezolana"},"content":{"rendered":"\n<p>El presidente Javier Milei recibi\u00f3 este <strong>jueves<\/strong> en la Casa Rosada a la presidenta de la Comunidad de Madrid,<strong> Isabel D\u00edaz Ayuso<\/strong>, en un encuentro que cont\u00f3 con la participaci\u00f3n del<strong> canciller Pablo Quirno<\/strong> y que tuvo como eje central la situaci\u00f3n en Venezuela, tras el operativo de Estados Unidos y la detenci\u00f3n de Nicol\u00e1s Maduro.<\/p>\n\n\n\n<p class=\"has-text-align-center\"><strong><a href=\"https:\/\/chat.whatsapp.com\/KWkTmakY3I05kNdd2oZl6d\"><em>\u00daNETE A NUESTRO GRUPO DE WHATSAPP PARA ESTAR INFORMADO<\/em><\/a><\/strong><\/p>\n\n\n\n<p>Durante la reuni\u00f3n, Milei volvi\u00f3 a expresar su respaldo a la acci\u00f3n estadounidense en Caracas y celebr\u00f3 la ca\u00edda de Maduro, ocurrida el s\u00e1bado pasado. \u201cCelebramos la ca\u00edda del dictador narcoterrorista Maduro. La Argentina est\u00e1 lista para ayudar en la transici\u00f3n hacia una Venezuela libre, democr\u00e1tica y pr\u00f3spera\u201d, afirm\u00f3 el mandatario.<\/p>\n\n\n\n<p>El Presidente volvi\u00f3 a calificar a Maduro como \u201cun narcoterrorista\u201d, y sostuvo que manten\u00eda \u201cconexiones profundas con el Partido Socialista espa\u00f1ol\u201d, adem\u00e1s de v\u00ednculos con Ir\u00e1n, Hezbollah, Hamas y las FARC. Para Milei, el fin del mandato de Maduro por la fuerza representa un alivio no solo para los venezolanos, sino tambi\u00e9n para toda la regi\u00f3n. \u201cEsta franquicia contamin\u00f3 al continente con ideas perversas y siniestras para la libertad. Es una excelente noticia para el mundo libre\u201d, sostuvo.<\/p>\n\n\n\n<h3 class=\"wp-block-heading\"><strong><mark style=\"background-color:rgba(0, 0, 0, 0)\" class=\"has-inline-color has-vivid-red-color\">Cr\u00edticas de Isabel D\u00edaz Ayuso<\/mark><\/strong><\/h3>\n\n\n\n<p>Por su parte, D\u00edaz Ayuso fue contundente en sus cr\u00edticas al exmandatario venezolano, a quien defini\u00f3 como \u201cun dictador que secuestr\u00f3 las urnas y a su propio pueblo\u201d. Enumer\u00f3, adem\u00e1s, violaciones a los derechos humanos como asesinatos, torturas, hambruna y el \u00e9xodo de millones de venezolanos.<\/p>\n\n\n\n<p>La presidenta de la Comunidad de Madrid consider\u00f3 que la salida de Maduro y el retorno de la democracia en Venezuela, con Mar\u00eda Corina Machado como figura central del proceso pol\u00edtico, constituye \u201cuna de las noticias m\u00e1s importantes de los \u00faltimos tiempos\u201d.<\/p>\n\n\n\n<p>D\u00edaz Ayuso tambi\u00e9n apunt\u00f3 contra el rol de potencias extranjeras como China, Ir\u00e1n y Rusia, a las que acus\u00f3 de haber sostenido al gobierno venezolano mientras obten\u00edan beneficios econ\u00f3micos. \u201cHan lucrado con la sangre del pueblo venezolano a trav\u00e9s del petr\u00f3leo y el narcotr\u00e1fico. El crimen internacional y los Estados comunistas son aliados perfectos, est\u00e1n bien organizados y se apoyan mutuamente\u201d, afirm\u00f3.<\/p>\n\n\n\n<h3 class=\"wp-block-heading\"><strong><mark style=\"background-color:rgba(0, 0, 0, 0)\" class=\"has-inline-color has-vivid-red-color\">Un v\u00ednculo pol\u00edtico consolidado<\/mark><\/strong><\/h3>\n\n\n\n<p>El encuentro de este jueves no fue el primero entre Milei y D\u00edaz Ayuso. Ambos dirigentes ya se hab\u00edan reunido en dos ocasiones previas, en 2024 y 2025, en la ciudad de Madrid.<\/p>\n\n\n\n<p class=\"has-text-align-center\"><em><strong><em><strong><em><strong><em><strong><a href=\"https:\/\/t.me\/esreviral\">\u00daNETE A NUESTRO CANAL DE TELEGRAM PARA ESTAR INFORMADO<\/a><\/strong><\/em><\/strong><\/em><\/strong><\/em><\/strong><\/em><\/p>\n\n\n\n<p>La primera reuni\u00f3n tuvo lugar en junio de 2024, cuando la presidenta madrile\u00f1a distingui\u00f3 a Milei con la Medalla Internacional de la Comunidad de Madrid. Un a\u00f1o despu\u00e9s, volvieron a encontrarse en la capital espa\u00f1ola, en la antesala de la participaci\u00f3n del mandatario argentino en el Madrid Economic Forum.<\/p>\n\n\n\n<p class=\"has-text-align-right\"><strong><em>Con Informaci\u00f3n de TN.-<\/em><\/strong><\/p>\n","protected":false},"excerpt":{"rendered":"<p>El encuentro entre el mandatario e Isabel D\u00edaz Ayuso tuvo lugar en la Casa Rosada.<\/p>\n","protected":false},"author":3,"featured_media":86012,"comment_status":"closed","ping_status":"closed","sticky":false,"template":"","format":"standard","meta":{"jnews-multi-image_gallery":[],"jnews_single_post":{"format":"standard"},"jnews_primary_category":[],"jnews_social_meta":[],"jnews_review":[],"enable_review":"","type":"","name":"","summary":"","brand":"","sku":"","good":[],"bad":[],"score_override":"","override_value":"","rating":[],"price":[],"jnews_override_counter":[],"jnews_post_split":[],"footnotes":""},"categories":[58,59],"tags":[44,3105,1696,1158,45,38910,56],"class_list":["post-86011","post","type-post","status-publish","format-standard","has-post-thumbnail","hentry","category-argentina","category-politica","tag-argentina","tag-casa-rosada","tag-isabel-diaz-ayuso","tag-javier-milei","tag-noticias","tag-presidenta-de-la-comunidad-de-madrid","tag-venezuela"],"amp_enabled":true,"_links":{"self":[{"href":"https:\/\/esreviral.com\/index.php?rest_route=\/wp\/v2\/posts\/86011"}],"collection":[{"href":"https:\/\/esreviral.com\/index.php?rest_route=\/wp\/v2\/posts"}],"about":[{"href":"https:\/\/esreviral.com\/index.php?rest_route=\/wp\/v2\/types\/post"}],"author":[{"embeddable":true,"href":"https:\/\/esreviral.com\/index.php?rest_route=\/wp\/v2\/users\/3"}],"replies":[{"embeddable":true,"href":"https:\/\/esreviral.com\/index.php?rest_route=%2Fwp%2Fv2%2Fcomments&post=86011"}],"version-history":[{"count":1,"href":"https:\/\/esreviral.com\/index.php?rest_route=\/wp\/v2\/posts\/86011\/revisions"}],"predecessor-version":[{"id":86013,"href":"https:\/\/esreviral.com\/index.php?rest_route=\/wp\/v2\/posts\/86011\/revisions\/86013"}],"wp:featuredmedia":[{"embeddable":true,"href":"https:\/\/esreviral.com\/index.php?rest_route=\/wp\/v2\/media\/86012"}],"wp:attachment":[{"href":"https:\/\/esreviral.com\/index.php?rest_route=%2Fwp%2Fv2%2Fmedia&parent=86011"}],"wp:term":[{"taxonomy":"category","embeddable":true,"href":"https:\/\/esreviral.com\/index.php?rest_route=%2Fwp%2Fv2%2Fcategories&post=86011"},{"taxonomy":"post_tag","embeddable":true,"href":"https:\/\/esreviral.com\/index.php?rest_route=%2Fwp%2Fv2%2Ftags&post=86011"}],"curies":[{"name":"wp","href":"https:\/\/api.w.org\/{rel}","templated":true}]}}