{"id":85999,"date":"2026-01-08T08:04:41","date_gmt":"2026-01-08T13:04:41","guid":{"rendered":"https:\/\/esreviral.com\/?p=85999"},"modified":"2026-01-08T08:04:42","modified_gmt":"2026-01-08T13:04:42","slug":"sntp-confirmo-la-liberacion-de-dos-periodistas-extranjeros-que-fueron-detenidos-al-entrar-a-venezuela","status":"publish","type":"post","link":"https:\/\/esreviral.com\/?p=85999","title":{"rendered":"SNTP confirm\u00f3 la liberaci\u00f3n de dos periodistas extranjeros que fueron detenidos al entrar a Venezuela"},"content":{"rendered":"\n<p>El <strong>Sindicato Nacional de Trabajadores de la Prensa (SNTP)<\/strong> confirm\u00f3 la <strong>liberaci\u00f3n de dos periodistas extranjeros<\/strong> que hab\u00edan sido detenidos al ingresar a Venezuela por la frontera con Colombia.<\/p>\n\n\n\n<p>Seg\u00fan inform\u00f3 el sindicato, uno de los reporteros es <strong>mexicano<\/strong> y el otro <strong>colombiano<\/strong>. Ambos cruzaron la frontera colombo-venezolana a trav\u00e9s del <strong>puente de Tienditas<\/strong>, que conecta el estado venezolano de <strong>T\u00e1chira<\/strong> con el departamento colombiano de <strong>Norte de Santander<\/strong>.<\/p>\n\n\n\n<p>El SNTP denunci\u00f3 que los comunicadores fueron sometidos a lo que calificaron como <strong>\u201ctortura psicol\u00f3gica\u201d<\/strong>, adem\u00e1s de recibir amenazas. Tambi\u00e9n indic\u00f3 que las autoridades revisaron y vaciaron sus <strong>equipos de trabajo y tel\u00e9fonos m\u00f3viles<\/strong>, seg\u00fan detall\u00f3 el gremio en una publicaci\u00f3n en la red social X.<\/p>\n\n\n\n<p class=\"has-text-align-center\"><strong><a href=\"https:\/\/chat.whatsapp.com\/KWkTmakY3I05kNdd2oZl6d\"><em>\u00daNETE A NUESTRO GRUPO DE WHATSAPP PARA ESTAR INFORMADO<\/em><\/a><\/strong><\/p>\n\n\n\n<blockquote class=\"twitter-tweet\"><p lang=\"es\" dir=\"ltr\"><a href=\"https:\/\/twitter.com\/hashtag\/AHORA?src=hash&amp;ref_src=twsrc%5Etfw\">#AHORA<\/a> | Despu\u00e9s de 10 horas detenidos, fueron liberados y deportados los periodistas Jeff Mart\u00ednez y Juli\u00e1n Mazoy, corresponsales extranjeros que intentaron ingresar a Venezuela por la frontera con C\u00facuta, poco despu\u00e9s del mediod\u00eda de este <a href=\"https:\/\/twitter.com\/hashtag\/7Ene?src=hash&amp;ref_src=twsrc%5Etfw\">#7Ene<\/a>. <br>Fueron sometidos a lo que\u2026<\/p>&mdash; SNTP (@sntpvenezuela) <a href=\"https:\/\/twitter.com\/sntpvenezuela\/status\/2009101887153328218?ref_src=twsrc%5Etfw\">January 8, 2026<\/a><\/blockquote> <script async src=\"https:\/\/platform.twitter.com\/widgets.js\" charset=\"utf-8\"><\/script>\n\n\n\n<h3 class=\"wp-block-heading\"><strong><mark style=\"background-color:rgba(0, 0, 0, 0)\" class=\"has-inline-color has-vivid-red-color\">Dificultades para informar<\/mark><\/strong><\/h3>\n\n\n\n<p>El sindicato hab\u00eda advertido previamente que <strong>decenas de periodistas<\/strong> intentaron ingresar a Venezuela en los \u00faltimos d\u00edas, pero que las autoridades les impidieron el acceso al pa\u00eds.<\/p>\n\n\n\n<p>Asimismo, el <strong>5 de enero<\/strong>, cuerpos de seguridad detuvieron a <strong>14 periodistas y trabajadores de la prensa<\/strong>, la mayor\u00eda mientras cubr\u00edan la instalaci\u00f3n de la Asamblea Nacional y la <strong>juramentaci\u00f3n de Delcy Rodr\u00edguez como presidenta encargada<\/strong>. Todos fueron liberados durante el transcurso de esa misma noche, aunque <strong>uno de ellos fue deportado<\/strong> a su pa\u00eds de origen. La mayor\u00eda de los afectados pertenec\u00eda a <strong>medios internacionales y agencias de noticias<\/strong>.<\/p>\n\n\n\n<p>Ante este escenario, la <strong>Sociedad Interamericana de Prensa (SIP)<\/strong> solicit\u00f3 el <strong>6 de enero<\/strong> a las autoridades venezolanas que <strong>respeten y garanticen la libertad de prensa<\/strong>. La organizaci\u00f3n destac\u00f3 que el pa\u00eds atraviesa un clima de incertidumbre tras el operativo realizado en la madrugada del <strong>3 de enero<\/strong> por fuerzas militares estadounidenses en <strong>Caracas, La Guaira y Aragua<\/strong>.<\/p>\n\n\n\n<p>Dicha operaci\u00f3n incluy\u00f3 <strong>bombardeos en esas tres entidades<\/strong> y culmin\u00f3 con la <strong>captura y traslado de Nicol\u00e1s Maduro y su esposa, Cilia Flores<\/strong>, quienes fueron llevados por v\u00eda a\u00e9rea y mar\u00edtima a <strong>Nueva York, Estados Unidos<\/strong>, donde enfrentan <strong>distintos cargos judiciales<\/strong>.<\/p>\n\n\n\n<p class=\"has-text-align-center\"><em><strong><em><strong><em><strong><em><strong><a href=\"https:\/\/t.me\/esreviral\">\u00daNETE A NUESTRO CANAL DE TELEGRAM PARA ESTAR INFORMADO<\/a><\/strong><\/em><\/strong><\/em><\/strong><\/em><\/strong><\/em><\/p>\n\n\n\n<p>Por su parte, la <strong>Asociaci\u00f3n de Periodistas Venezolanos en Espa\u00f1a (Venezuelan Press)<\/strong> solicit\u00f3 el <strong>7 de enero<\/strong> el respaldo de la sociedad y de las autoridades espa\u00f1olas para exigir <strong>garant\u00edas que permitan el ejercicio libre del periodismo<\/strong>, como base de una democracia plena en Venezuela.<\/p>\n\n\n\n<p>\u201cReafirmamos nuestro compromiso con la seguridad y la defensa de nuestros colegas en Venezuela, cuyo amedrentamiento y persecuci\u00f3n se ha recrudecido tras los hechos del 3 de enero de 2026\u201d, se\u00f1al\u00f3 la organizaci\u00f3n en su comunicado.<\/p>\n\n\n\n<p class=\"has-text-align-right\"><strong><em>Con Informaci\u00f3n de ElDiario.-<\/em><\/strong><\/p>\n","protected":false},"excerpt":{"rendered":"<p>Los reporteros cruzaron la frontera terrestre con Colombia a trav\u00e9s del puente Tienditas <\/p>\n","protected":false},"author":3,"featured_media":86000,"comment_status":"closed","ping_status":"closed","sticky":false,"template":"","format":"standard","meta":{"jnews-multi-image_gallery":[],"jnews_single_post":{"format":"standard"},"jnews_primary_category":[],"jnews_social_meta":[],"jnews_review":[],"enable_review":"","type":"","name":"","summary":"","brand":"","sku":"","good":[],"bad":[],"score_override":"","override_value":"","rating":[],"price":[],"jnews_override_counter":[],"jnews_post_split":[],"footnotes":""},"categories":[59,66],"tags":[283,45,38905,28370,56],"class_list":["post-85999","post","type-post","status-publish","format-standard","has-post-thumbnail","hentry","category-politica","category-venezuela","tag-colombia","tag-noticias","tag-periodistas-extranjeros","tag-sntp","tag-venezuela"],"amp_enabled":true,"_links":{"self":[{"href":"https:\/\/esreviral.com\/index.php?rest_route=\/wp\/v2\/posts\/85999"}],"collection":[{"href":"https:\/\/esreviral.com\/index.php?rest_route=\/wp\/v2\/posts"}],"about":[{"href":"https:\/\/esreviral.com\/index.php?rest_route=\/wp\/v2\/types\/post"}],"author":[{"embeddable":true,"href":"https:\/\/esreviral.com\/index.php?rest_route=\/wp\/v2\/users\/3"}],"replies":[{"embeddable":true,"href":"https:\/\/esreviral.com\/index.php?rest_route=%2Fwp%2Fv2%2Fcomments&post=85999"}],"version-history":[{"count":1,"href":"https:\/\/esreviral.com\/index.php?rest_route=\/wp\/v2\/posts\/85999\/revisions"}],"predecessor-version":[{"id":86001,"href":"https:\/\/esreviral.com\/index.php?rest_route=\/wp\/v2\/posts\/85999\/revisions\/86001"}],"wp:featuredmedia":[{"embeddable":true,"href":"https:\/\/esreviral.com\/index.php?rest_route=\/wp\/v2\/media\/86000"}],"wp:attachment":[{"href":"https:\/\/esreviral.com\/index.php?rest_route=%2Fwp%2Fv2%2Fmedia&parent=85999"}],"wp:term":[{"taxonomy":"category","embeddable":true,"href":"https:\/\/esreviral.com\/index.php?rest_route=%2Fwp%2Fv2%2Fcategories&post=85999"},{"taxonomy":"post_tag","embeddable":true,"href":"https:\/\/esreviral.com\/index.php?rest_route=%2Fwp%2Fv2%2Ftags&post=85999"}],"curies":[{"name":"wp","href":"https:\/\/api.w.org\/{rel}","templated":true}]}}