{"id":85856,"date":"2026-01-05T08:52:43","date_gmt":"2026-01-05T13:52:43","guid":{"rendered":"https:\/\/esreviral.com\/?p=85856"},"modified":"2026-01-05T08:52:44","modified_gmt":"2026-01-05T13:52:44","slug":"cuanto-tiempo-puede-asumir-delcy-rodriguez-la-presidencia-de-venezuela","status":"publish","type":"post","link":"https:\/\/esreviral.com\/?p=85856","title":{"rendered":"\u00bfCu\u00e1nto tiempo puede asumir Delcy Rodr\u00edguez la Presidencia de Venezuela?"},"content":{"rendered":"\n<p>La Sala Constitucional del Tribunal Supremo de Justicia (TSJ) declar\u00f3 el s\u00e1bado la <strong>ausencia temporal y forzosa<\/strong> de Nicol\u00e1s Maduro, tras su captura y posterior traslado a Estados Unidos en una operaci\u00f3n militar ejecutada durante la madrugada del 3 de enero. En consecuencia, orden\u00f3 que la vicepresidenta Delcy Rodr\u00edguez asuma <strong>de inmediato la Presidencia encargada de Venezuela<\/strong>.<\/p>\n\n\n\n<p>La decisi\u00f3n, de aplicaci\u00f3n inmediata, se sustenta \u2014seg\u00fan el fallo\u2014 en una <strong>interpretaci\u00f3n excepcional de la Constituci\u00f3n de 1999<\/strong>, ante lo que el TSJ calific\u00f3 como una situaci\u00f3n de \u201cimposibilidad material y temporal\u201d para que Maduro contin\u00fae ejerciendo el cargo.<\/p>\n\n\n\n<p class=\"has-text-align-center\"><strong><a href=\"https:\/\/chat.whatsapp.com\/KWkTmakY3I05kNdd2oZl6d\"><em>\u00daNETE A NUESTRO GRUPO DE WHATSAPP PARA ESTAR INFORMADO<\/em><\/a><\/strong><\/p>\n\n\n\n<h3 class=\"wp-block-heading\"><strong><mark style=\"background-color:rgba(0, 0, 0, 0)\" class=\"has-inline-color has-vivid-red-color\">Mandato limitado para Delcy Rodr\u00edguez<\/mark><\/strong><\/h3>\n\n\n\n<p>El dictamen otorga a Rodr\u00edguez un <strong>mandato inicial de 90 d\u00edas<\/strong>, conforme al art\u00edculo 234 de la Constituci\u00f3n, plazo que podr\u00e1 ser prorrogado por otros tres meses si as\u00ed lo aprueba la Asamblea Nacional.<\/p>\n\n\n\n<p>De haberse declarado una falta absoluta, el texto constitucional obligar\u00eda a convocar <strong>elecciones presidenciales en un lapso de 30 d\u00edas<\/strong>. Sin embargo, el TSJ evit\u00f3 pronunciarse sobre el car\u00e1cter definitivo de la ausencia y dej\u00f3 esa evaluaci\u00f3n abierta para una etapa posterior.<\/p>\n\n\n\n<p>Con esta designaci\u00f3n, Delcy Rodr\u00edguez, de 56 a\u00f1os, se convierte en la <strong>primera mujer en la historia de Venezuela<\/strong> en encabezar el Poder Ejecutivo, aunque sea en condici\u00f3n de encargada.<\/p>\n\n\n\n<h3 class=\"wp-block-heading\"><strong><mark style=\"background-color:rgba(0, 0, 0, 0)\" class=\"has-inline-color has-vivid-red-color\">El TSJ introduce la figura de \u201causencia forzosa\u201d<\/mark><\/strong><\/h3>\n\n\n\n<p>En su sentencia, la Sala Constitucional incorpor\u00f3 el concepto de <strong>\u201causencia forzosa\u201d<\/strong>, una figura que no est\u00e1 expresamente contemplada en la Constituci\u00f3n, pero que el tribunal utiliza para justificar una soluci\u00f3n de car\u00e1cter cautelar.<\/p>\n\n\n\n<p>El TSJ calific\u00f3 la captura de Maduro como un <strong>secuestro<\/strong> y sostuvo que la situaci\u00f3n configura un evento de <strong>fuerza mayor<\/strong>, sin que ello implique \u2014al menos por ahora\u2014 una declaratoria formal de falta temporal o absoluta.<\/p>\n\n\n\n<p>\u201cEl objetivo es garantizar la continuidad administrativa del Estado y la defensa de la Naci\u00f3n\u201d, se\u00f1ala el fallo, que aclara que no sustituye las competencias de otros poderes, en particular las de la Asamblea Nacional.<\/p>\n\n\n\n<h3 class=\"wp-block-heading\"><strong><mark style=\"background-color:rgba(0, 0, 0, 0)\" class=\"has-inline-color has-vivid-red-color\">Qu\u00e9 establece la Constituci\u00f3n<\/mark><\/strong><\/h3>\n\n\n\n<p>El art\u00edculo 234 de la Carta Magna dispone que las <strong>faltas temporales del presidente<\/strong> deben ser suplidas por el vicepresidente hasta por 90 d\u00edas, prorrogables por un per\u00edodo igual. Si la ausencia se extiende m\u00e1s all\u00e1 de ese lapso, corresponde al Parlamento decidir si se configura una falta absoluta.<\/p>\n\n\n\n<p>La Constituci\u00f3n solo reconoce como faltas absolutas: la muerte del presidente, su renuncia, la destituci\u00f3n por sentencia del TSJ, la incapacidad f\u00edsica o mental permanente, el abandono del cargo declarado por la Asamblea Nacional o la revocatoria popular del mandato.<\/p>\n\n\n\n<p>La captura en el extranjero no figura entre esos supuestos, lo que explica el <strong>vac\u00edo jur\u00eddico<\/strong> que ahora intenta cubrir el m\u00e1ximo tribunal mediante interpretaci\u00f3n constitucional.<\/p>\n\n\n\n<h3 class=\"wp-block-heading\"><strong><mark style=\"background-color:rgba(0, 0, 0, 0)\" class=\"has-inline-color has-vivid-red-color\">Reacciones desde Estados Unidos<\/mark><\/strong><\/h3>\n\n\n\n<p>Desde Washington, el presidente Donald Trump confirm\u00f3 contactos con la nueva mandataria, aunque advirti\u00f3 que Delcy Rodr\u00edguez enfrentar\u00e1 <strong>consecuencias severas<\/strong> si no act\u00faa conforme a los intereses estadounidenses.<\/p>\n\n\n\n<p class=\"has-text-align-center\"><em><strong><em><strong><em><strong><em><strong><a href=\"https:\/\/t.me\/esreviral\">\u00daNETE A NUESTRO CANAL DE TELEGRAM PARA ESTAR INFORMADO<\/a><\/strong><\/em><\/strong><\/em><\/strong><\/em><\/strong><\/em><\/p>\n\n\n\n<p>Por su parte, el secretario de Estado, Marco Rubio, asegur\u00f3 que Estados Unidos evaluar\u00e1 su relaci\u00f3n con el nuevo Ejecutivo \u201cen funci\u00f3n de sus decisiones\u201d y describi\u00f3 a Rodr\u00edguez como una figura con la que <strong>s\u00ed es posible negociar<\/strong>, a diferencia de Maduro.<\/p>\n\n\n\n<p class=\"has-text-align-right\"><strong><em>Con Informaci\u00f3n de ElNacional.-<\/em><\/strong><\/p>\n","protected":false},"excerpt":{"rendered":"<p>El m\u00e1ximo tribunal activ\u00f3 un mecanismo excepcional para garantizar la continuidad del Estado tras la captura de Nicol\u00e1s Maduro por parte de EE UU. La vicepresidenta ejercer\u00e1 inicialmente por 90 d\u00edas prorrogables<\/p>\n","protected":false},"author":3,"featured_media":85712,"comment_status":"closed","ping_status":"closed","sticky":false,"template":"","format":"standard","meta":{"jnews-multi-image_gallery":[],"jnews_single_post":{"format":"standard"},"jnews_primary_category":[],"jnews_social_meta":[],"jnews_review":[],"enable_review":"","type":"","name":"","summary":"","brand":"","sku":"","good":[],"bad":[],"score_override":"","override_value":"","rating":[],"price":[],"jnews_override_counter":[],"jnews_post_split":[],"footnotes":""},"categories":[59,66],"tags":[1499,1068,45,1146,56],"class_list":["post-85856","post","type-post","status-publish","format-standard","has-post-thumbnail","hentry","category-politica","category-venezuela","tag-delcy-rodriguez","tag-nicolas-maduro","tag-noticias","tag-tsj","tag-venezuela"],"amp_enabled":true,"_links":{"self":[{"href":"https:\/\/esreviral.com\/index.php?rest_route=\/wp\/v2\/posts\/85856"}],"collection":[{"href":"https:\/\/esreviral.com\/index.php?rest_route=\/wp\/v2\/posts"}],"about":[{"href":"https:\/\/esreviral.com\/index.php?rest_route=\/wp\/v2\/types\/post"}],"author":[{"embeddable":true,"href":"https:\/\/esreviral.com\/index.php?rest_route=\/wp\/v2\/users\/3"}],"replies":[{"embeddable":true,"href":"https:\/\/esreviral.com\/index.php?rest_route=%2Fwp%2Fv2%2Fcomments&post=85856"}],"version-history":[{"count":1,"href":"https:\/\/esreviral.com\/index.php?rest_route=\/wp\/v2\/posts\/85856\/revisions"}],"predecessor-version":[{"id":85857,"href":"https:\/\/esreviral.com\/index.php?rest_route=\/wp\/v2\/posts\/85856\/revisions\/85857"}],"wp:featuredmedia":[{"embeddable":true,"href":"https:\/\/esreviral.com\/index.php?rest_route=\/wp\/v2\/media\/85712"}],"wp:attachment":[{"href":"https:\/\/esreviral.com\/index.php?rest_route=%2Fwp%2Fv2%2Fmedia&parent=85856"}],"wp:term":[{"taxonomy":"category","embeddable":true,"href":"https:\/\/esreviral.com\/index.php?rest_route=%2Fwp%2Fv2%2Fcategories&post=85856"},{"taxonomy":"post_tag","embeddable":true,"href":"https:\/\/esreviral.com\/index.php?rest_route=%2Fwp%2Fv2%2Ftags&post=85856"}],"curies":[{"name":"wp","href":"https:\/\/api.w.org\/{rel}","templated":true}]}}